{"id":20737,"date":"2025-10-28T17:39:45","date_gmt":"2025-10-28T21:39:45","guid":{"rendered":"https:\/\/samantharadionline.com\/?p=20737"},"modified":"2025-10-28T17:53:59","modified_gmt":"2025-10-28T21:53:59","slug":"la-uasd-celebra-487-anos-de-historia-con-la-investidura-de-3710-nuevos-profesionales","status":"publish","type":"post","link":"https:\/\/samantharadionline.com\/index.php\/2025\/10\/28\/la-uasd-celebra-487-anos-de-historia-con-la-investidura-de-3710-nuevos-profesionales\/","title":{"rendered":"La UASD celebra 487 a\u00f1os de historia con la investidura de 3,710 nuevos profesionales"},"content":{"rendered":"\n<p class=\"has-medium-font-size\"><em>La universidad m\u00e1s antigua del Nuevo Mundo reafirma su compromiso con el pa\u00eds al entregar una nueva generaci\u00f3n de graduados en medio de una ceremonia cargada de identidad, memoria y esperanza<\/em><\/p>\n\n\n\n<p><strong>Por: Alan Vargas, Samantha Radio Online, Santo Domingo, R.D.<\/strong><\/p>\n\n\n\n<p>La Universidad Aut\u00f3noma de Santo Domingo (UASD) celebr\u00f3 este martes su aniversario n\u00famero 487 con un acto de investidura que marc\u00f3 el inicio de una nueva etapa para 3,710 profesionales en diversas \u00e1reas del conocimiento. La ceremonia, realizada en la Plaza H\u00e9roes de Abril de la sede central, se convirti\u00f3 en un homenaje a la historia, la educaci\u00f3n p\u00fablica y el compromiso con el desarrollo nacional.<\/p>\n\n\n\n<p>Encabezado por el rector Editrudis Beltr\u00e1n Cris\u00f3stomo, el acto reuni\u00f3 a vicerrectores, decanos, miembros del Consejo Universitario y autoridades acad\u00e9micas, quienes acompa\u00f1aron a los graduandos en un momento que representa no solo el cierre de una etapa formativa, sino el inicio de una responsabilidad social.<\/p>\n\n\n\n<figure class=\"wp-block-image size-large is-resized\"><img loading=\"lazy\" decoding=\"async\" width=\"768\" height=\"1024\" src=\"https:\/\/samantharadionline.com\/wp-content\/uploads\/2025\/10\/IMG_8575-768x1024.jpeg\" alt=\"Alenny Celina Vargas\" class=\"wp-image-20739\" style=\"width:840px;height:auto\" srcset=\"https:\/\/samantharadionline.com\/wp-content\/uploads\/2025\/10\/IMG_8575-768x1024.jpeg 768w, https:\/\/samantharadionline.com\/wp-content\/uploads\/2025\/10\/IMG_8575-225x300.jpeg 225w, https:\/\/samantharadionline.com\/wp-content\/uploads\/2025\/10\/IMG_8575-1152x1536.jpeg 1152w, https:\/\/samantharadionline.com\/wp-content\/uploads\/2025\/10\/IMG_8575-1536x2048.jpeg 1536w, https:\/\/samantharadionline.com\/wp-content\/uploads\/2025\/10\/IMG_8575-450x600.jpeg 450w, https:\/\/samantharadionline.com\/wp-content\/uploads\/2025\/10\/IMG_8575-scaled.jpeg 1920w\" sizes=\"auto, (max-width: 768px) 100vw, 768px\" \/><\/figure>\n\n\n\n<figure class=\"wp-block-pullquote\"><blockquote><p>Alenny Celina Vargas, licenciada en Comunicaci\u00f3n Social<\/p><cite> menci\u00f3n Relaciones P\u00fablicas<\/cite><\/blockquote><\/figure>\n\n\n\n<p>\u201cCada aniversario de la universidad m\u00e1s antigua del Nuevo Mundo es una oportunidad de rendir tributo a quienes, con su hero\u00edsmo y visi\u00f3n, hicieron posible que seamos dominicanos. \u00a1Qu\u00e9 viva la UASD! \u00a1Qu\u00e9 siempre vivan Duarte, S\u00e1nchez y Mella!\u201d, expres\u00f3 el rector, en un discurso que conect\u00f3 la historia con el presente.<\/p>\n\n\n\n<p>La investidura incluy\u00f3 graduandos de todas las facultades, desde Ciencias de la Salud hasta Humanidades, pasando por Ingenier\u00eda, Ciencias Econ\u00f3micas y Jur\u00eddicas. El acto fue tambi\u00e9n una afirmaci\u00f3n de que la universidad p\u00fablica sigue siendo el principal motor de movilidad social en el pa\u00eds.<\/p>\n\n\n\n<p>Entre los momentos m\u00e1s emotivos estuvo el reconocimiento al doctor Richard Oliver Bid\u00f3 Medina, neurocient\u00edfico egresado de la UASD y actualmente investigador en la Universidad de Harvard. Su historia fue presentada como ejemplo de que la excelencia acad\u00e9mica dominicana puede trascender fronteras.<\/p>\n\n\n\n<p>La ceremonia se desarroll\u00f3 bajo estrictas medidas de organizaci\u00f3n, con una puesta en escena que combin\u00f3 solemnidad institucional y orgullo estudiantil. Las familias, presentes en la plaza, celebraron con aplausos, l\u00e1grimas y abrazos la culminaci\u00f3n de a\u00f1os de esfuerzo.<\/p>\n\n\n\n<p>Los graduandos recibieron sus t\u00edtulos en medio de llamados a ejercer con \u00e9tica, vocaci\u00f3n de servicio y compromiso con la transformaci\u00f3n de sus comunidades. La UASD, como instituci\u00f3n, reafirm\u00f3 su rol de formar ciudadanos cr\u00edticos, solidarios y preparados para enfrentar los desaf\u00edos del pa\u00eds.<\/p>\n\n\n\n<p>La Plaza H\u00e9roes de Abril, escenario del acto, fue decorada con s\u00edmbolos patrios y universitarios, recordando que la educaci\u00f3n p\u00fablica es tambi\u00e9n una forma de resistencia, memoria y construcci\u00f3n de futuro.<\/p>\n\n\n\n<p>El evento coincidi\u00f3 con una coyuntura nacional marcada por el paso del hurac\u00e1n Melissa, lo que llev\u00f3 a varios oradores a destacar el rol de los profesionales en la reconstrucci\u00f3n, la planificaci\u00f3n y la respuesta ante emergencias. La universidad se posicion\u00f3 como aliada estrat\u00e9gica del pa\u00eds en momentos de crisis.<\/p>\n\n\n\n<p>La UASD, con 487 a\u00f1os de historia, sigue siendo un referente continental en educaci\u00f3n superior. Su legado no solo se mide en t\u00edtulos, sino en el impacto de sus egresados en la vida p\u00fablica, la ciencia, la cultura y la defensa de los derechos ciudadanos.<\/p>\n\n\n\n<p>Con esta investidura, la universidad no solo celebra su aniversario: renueva su promesa de seguir formando generaciones que piensen, act\u00faen y transformen. Porque en cada t\u00edtulo entregado hay una historia de lucha, una familia que avanza y un pa\u00eds que se fortalece.<\/p>\n\n\n\n<p>Desde Samantha Radio Online, celebramos junto a la UASD este hito acad\u00e9mico y social, y acompa\u00f1amos a los nuevos profesionales en su camino hacia la trascendencia. Porque educar es sembrar futuro, y hoy, la cosecha es de todos.<\/p>\n","protected":false},"excerpt":{"rendered":"<p>La universidad m\u00e1s antigua del Nuevo Mundo reafirma su compromiso con el pa\u00eds al entregar<\/p>\n","protected":false},"author":1,"featured_media":20738,"comment_status":"open","ping_status":"open","sticky":false,"template":"","format":"standard","meta":{"footnotes":""},"categories":[12],"tags":[],"class_list":["post-20737","post","type-post","status-publish","format-standard","has-post-thumbnail","hentry","category-nacionales"],"_links":{"self":[{"href":"https:\/\/samantharadionline.com\/index.php\/wp-json\/wp\/v2\/posts\/20737","targetHints":{"allow":["GET"]}}],"collection":[{"href":"https:\/\/samantharadionline.com\/index.php\/wp-json\/wp\/v2\/posts"}],"about":[{"href":"https:\/\/samantharadionline.com\/index.php\/wp-json\/wp\/v2\/types\/post"}],"author":[{"embeddable":true,"href":"https:\/\/samantharadionline.com\/index.php\/wp-json\/wp\/v2\/users\/1"}],"replies":[{"embeddable":true,"href":"https:\/\/samantharadionline.com\/index.php\/wp-json\/wp\/v2\/comments?post=20737"}],"version-history":[{"count":5,"href":"https:\/\/samantharadionline.com\/index.php\/wp-json\/wp\/v2\/posts\/20737\/revisions"}],"predecessor-version":[{"id":20745,"href":"https:\/\/samantharadionline.com\/index.php\/wp-json\/wp\/v2\/posts\/20737\/revisions\/20745"}],"wp:featuredmedia":[{"embeddable":true,"href":"https:\/\/samantharadionline.com\/index.php\/wp-json\/wp\/v2\/media\/20738"}],"wp:attachment":[{"href":"https:\/\/samantharadionline.com\/index.php\/wp-json\/wp\/v2\/media?parent=20737"}],"wp:term":[{"taxonomy":"category","embeddable":true,"href":"https:\/\/samantharadionline.com\/index.php\/wp-json\/wp\/v2\/categories?post=20737"},{"taxonomy":"post_tag","embeddable":true,"href":"https:\/\/samantharadionline.com\/index.php\/wp-json\/wp\/v2\/tags?post=20737"}],"curies":[{"name":"wp","href":"https:\/\/api.w.org\/{rel}","templated":true}]}}