{"id":20730,"date":"2025-10-28T16:00:29","date_gmt":"2025-10-28T20:00:29","guid":{"rendered":"https:\/\/samantharadionline.com\/?p=20730"},"modified":"2025-10-28T16:00:30","modified_gmt":"2025-10-28T20:00:30","slug":"en-alerta-roja-por-el-huracan-melissa","status":"publish","type":"post","link":"https:\/\/samantharadionline.com\/index.php\/2025\/10\/28\/en-alerta-roja-por-el-huracan-melissa\/","title":{"rendered":"En alerta roja por el Hurac\u00e1n Melissa"},"content":{"rendered":"\n<p class=\"has-medium-font-size\"><em>Cuatro provincias en alerta roja, 10 en amarillo y 09 en verde por hurac\u00e1n Melissa<\/em><\/p>\n\n\n\n<p><strong>R.D.L., Santo Domingo, RD<\/strong><\/p>\n\n\n\n<p id=\"m32844-32843-32845\">El<strong>\u00a0Centro de Operaciones de Emergencia (COE)<\/strong>\u00a0mantiene cuatro provincias en alerta roja, 10 y al Distrito Nacional en amarillo y 09 en verde, debido al poderoso\u00a0<strong>hurac\u00e1n Melissa<\/strong>\u00a0categor\u00eda 5.<\/p>\n\n\n\n<p id=\"m32849-32848-32850\">El fen\u00f3meno se ubica en la latitud 17.9 Norte, longitud 77.9 Oeste, a unos 60 km al sureste de Negril (Jamaica) y a unos 380 km al suroeste de Guant\u00e1namo (Cuba), movi\u00e9ndose hacia el nor\/noreste a 15 km\/h y posee vientos m\u00e1ximos sostenidos de 295 km\/h con r\u00e1fagas superiores.<\/p>\n\n\n\n<p id=\"m32854-32853-32855\">A pesar de que\u00a0<strong>Melissa<\/strong>\u00a0se encuentra muy distante del territorio dominicano, su amplia estructura desprende bandas nubosas exteriores, por lo que se esperan aguaceros moderados a fuertes, tormentas el\u00e9ctricas y r\u00e1fagas de vientos.<\/p>\n\n\n\n<p id=\"m32859-32858-32860\"><strong>Seg\u00fan el COE<\/strong>, estas lluvias continuar\u00e1n provocando inundaciones repentinas debido a la alta saturaci\u00f3n de los suelos, especialmente en zonas vulnerables.<\/p>\n\n\n\n<p id=\"m32864-32863-32865\">En alerta roja est\u00e1n Barahona, Pedernales,&nbsp;<strong>Independencia y Bahoruco<\/strong>.<\/p>\n\n\n\n<p id=\"m32869-32868-32870\">En amarilla est\u00e1n San Jos\u00e9 de Ocoa, El\u00edas Pi\u00f1a, Dajab\u00f3n, Azua, Santo Domingo,<strong>&nbsp;Distrito Nacional, San Crist\u00f3bal<\/strong>, Peravia, Monte Plata, San Juan y Monte Cristi<\/p>\n\n\n\n<p id=\"m32874-32873-32875\">Mientras que en alerta verde est\u00e1n Monse\u00f1or Nouel, San Pedro de Macor\u00eds, Duarte, La Romana, Hato Mayor, La Altagracia, El Seibo, Santiago Rodr\u00edguez y Saman\u00e1.<\/p>\n\n\n\n<p id=\"m32879-32878-32880\">El COE recomienda a las personas abstenerse de cruzar, r\u00edos, arroyos y ca\u00f1adas que presenten altos vol\u00famenes de agua en las provincias bajo alerta.<\/p>\n\n\n\n<p id=\"m32884-32883-32885\">De igual forma, en la costa caribe\u00f1a, espec\u00edficamente en la porci\u00f3n suroeste, desde Cabo Beata (Pedernales) hasta Punta Salinas (Ban\u00ed) se recomienda a los operadores de fr\u00e1giles, peque\u00f1as y medianas embarcaciones permanecer en puerto, debido a viento y olas peligrosas.<\/p>\n\n\n\n<p id=\"m32889-32888-32890\">El resto de la costa caribe\u00f1a puede realizar sus actividades con la debida precauci\u00f3n. Para la costa Atl\u00e1ntica, el oleaje se encuentra normal.<\/p>\n\n\n\n<p id=\"m32894-32893-32895\">De igual modo, en el suroeste de la Costa Caribe\u00f1a se instruye a los organismos de protecci\u00f3n civil a tomar todas las medidas preventivas de lugar, a fin de preservar la vida de los usuarios de dicha costa, debido a probables rompientes y corrientes de resaca.<\/p>\n","protected":false},"excerpt":{"rendered":"<p>Cuatro provincias en alerta roja, 10 en amarillo y 09 en verde por hurac\u00e1n Melissa<\/p>\n","protected":false},"author":1,"featured_media":20731,"comment_status":"open","ping_status":"open","sticky":false,"template":"","format":"standard","meta":{"footnotes":""},"categories":[12],"tags":[],"class_list":["post-20730","post","type-post","status-publish","format-standard","has-post-thumbnail","hentry","category-nacionales"],"_links":{"self":[{"href":"https:\/\/samantharadionline.com\/index.php\/wp-json\/wp\/v2\/posts\/20730","targetHints":{"allow":["GET"]}}],"collection":[{"href":"https:\/\/samantharadionline.com\/index.php\/wp-json\/wp\/v2\/posts"}],"about":[{"href":"https:\/\/samantharadionline.com\/index.php\/wp-json\/wp\/v2\/types\/post"}],"author":[{"embeddable":true,"href":"https:\/\/samantharadionline.com\/index.php\/wp-json\/wp\/v2\/users\/1"}],"replies":[{"embeddable":true,"href":"https:\/\/samantharadionline.com\/index.php\/wp-json\/wp\/v2\/comments?post=20730"}],"version-history":[{"count":1,"href":"https:\/\/samantharadionline.com\/index.php\/wp-json\/wp\/v2\/posts\/20730\/revisions"}],"predecessor-version":[{"id":20732,"href":"https:\/\/samantharadionline.com\/index.php\/wp-json\/wp\/v2\/posts\/20730\/revisions\/20732"}],"wp:featuredmedia":[{"embeddable":true,"href":"https:\/\/samantharadionline.com\/index.php\/wp-json\/wp\/v2\/media\/20731"}],"wp:attachment":[{"href":"https:\/\/samantharadionline.com\/index.php\/wp-json\/wp\/v2\/media?parent=20730"}],"wp:term":[{"taxonomy":"category","embeddable":true,"href":"https:\/\/samantharadionline.com\/index.php\/wp-json\/wp\/v2\/categories?post=20730"},{"taxonomy":"post_tag","embeddable":true,"href":"https:\/\/samantharadionline.com\/index.php\/wp-json\/wp\/v2\/tags?post=20730"}],"curies":[{"name":"wp","href":"https:\/\/api.w.org\/{rel}","templated":true}]}}