{"id":20725,"date":"2025-10-28T09:23:50","date_gmt":"2025-10-28T13:23:50","guid":{"rendered":"https:\/\/samantharadionline.com\/?p=20725"},"modified":"2025-10-29T09:00:05","modified_gmt":"2025-10-29T13:00:05","slug":"melissa-ya-no-es-tormenta-es-huracan-y-su-paso-exige-declarar-a-la-republica-dominicana-en-estado-de-emergencia-nacional","status":"publish","type":"post","link":"https:\/\/samantharadionline.com\/index.php\/2025\/10\/28\/melissa-ya-no-es-tormenta-es-huracan-y-su-paso-exige-declarar-a-la-republica-dominicana-en-estado-de-emergencia-nacional\/","title":{"rendered":"Melissa ya no es tormenta: es hurac\u00e1n, y su paso exige declarar a la Rep\u00fablica Dominicana en estado de emergencia nacional"},"content":{"rendered":"\n<p><strong>Por Alan Vargas \u2013 Samantha Radio Online<\/strong><\/p>\n\n\n\n<p>El ascenso de Melissa a categor\u00eda de hurac\u00e1n marca un punto de inflexi\u00f3n en la gesti\u00f3n de riesgos del pa\u00eds. Lo que comenz\u00f3 como una tormenta tropical con lluvias intensas se ha convertido en un fen\u00f3meno de alto impacto que ha dejado a su paso comunidades incomunicadas, cultivos destruidos, infraestructuras colapsadas y miles de familias en situaci\u00f3n de vulnerabilidad. La Rep\u00fablica Dominicana no puede seguir esperando balances parciales: el pa\u00eds necesita una declaraci\u00f3n oficial de emergencia nacional.<\/p>\n\n\n\n<p>En la regi\u00f3n del Cibao, los efectos han sido devastadores. La crecida del r\u00edo en Villa Riva ha dejado tres comunidades aisladas, mientras que en Constanza y Tireo, en La Vega, las inundaciones han arrasado con parcelas agr\u00edcolas, afectando directamente la producci\u00f3n de vegetales y flores. En Barahona, el desbordamiento del arroyo \u201cArroyito\u201d ha provocado evacuaciones urgentes. Las p\u00e9rdidas en el sector agropecuario superan los RD$1,200 millones, seg\u00fan estimaciones preliminares.<\/p>\n\n\n\n<p>El impacto no se limita al campo. En zonas urbanas como el Gran Santo Domingo, las lluvias persistentes han provocado deslizamientos de tierra, interrupciones el\u00e9ctricas y colapso de alcantarillas. La baja asistencia escolar y comercial refleja el temor ciudadano ante un fen\u00f3meno que a\u00fan no ha terminado. La infraestructura vial ha sufrido da\u00f1os considerables, especialmente en tramos rurales donde el acceso es ya de por s\u00ed limitado.<\/p>\n\n\n\n<p>A pesar de la gravedad, algunas provincias han experimentado beneficios relativos. En zonas como Monte Plata y El Seibo, donde las lluvias fueron moderadas, los embalses se han recargado sin provocar inundaciones, lo que podr\u00eda favorecer la producci\u00f3n agr\u00edcola en los pr\u00f3ximos meses. Sin embargo, este alivio puntual no compensa el panorama nacional de p\u00e9rdidas y urgencias.<\/p>\n\n\n\n<p>El presidente Abinader ha convocado reuniones con gobernadoras y ministros para coordinar la respuesta, pero a\u00fan no se ha oficializado la solicitud de estado de emergencia. Esta demora podr\u00eda limitar el acceso a fondos internacionales, ralentizar la asistencia humanitaria y debilitar la capacidad institucional para responder con eficacia. El pa\u00eds necesita una se\u00f1al clara de que se prioriza la vida, la recuperaci\u00f3n y la reconstrucci\u00f3n.<\/p>\n\n\n\n<p>La declaraci\u00f3n de emergencia permitir\u00eda activar mecanismos extraordinarios de ayuda, acelerar contrataciones para obras urgentes, y canalizar recursos hacia las zonas m\u00e1s afectadas. Tambi\u00e9n abrir\u00eda la puerta a cooperaci\u00f3n internacional, algo vital en momentos donde el presupuesto nacional enfrenta presiones por m\u00faltiples frentes.<\/p>\n\n\n\n<p>La recuperaci\u00f3n ser\u00e1 lenta, pero posible. El pa\u00eds cuenta con experiencia en gesti\u00f3n de desastres, redes comunitarias activas y una sociedad civil que ha demostrado capacidad de respuesta. Lo que se necesita ahora es voluntad pol\u00edtica, transparencia en la ejecuci\u00f3n de fondos y una estrategia territorial que no deje atr\u00e1s a las comunidades hist\u00f3ricamente marginadas.<\/p>\n\n\n\n<p>Melissa ha dejado una lecci\u00f3n clara: no basta con reaccionar, hay que anticiparse. La planificaci\u00f3n urbana, el fortalecimiento de drenajes, la reubicaci\u00f3n de familias en zonas de riesgo y la inversi\u00f3n en infraestructura resiliente deben formar parte de una pol\u00edtica nacional de prevenci\u00f3n. El cambio clim\u00e1tico no da tregua, y cada fen\u00f3meno ser\u00e1 m\u00e1s intenso que el anterior.<\/p>\n\n\n\n<p>Desde Samantha Radio Online, hacemos un llamado urgente a las autoridades: que se declare el estado de emergencia, que se proteja a los m\u00e1s vulnerables, y que se construya una recuperaci\u00f3n que no solo repare, sino que transforme. Porque cada tormenta es tambi\u00e9n una oportunidad para redefinir el pa\u00eds que queremos ser.<\/p>\n\n\n\n<p>Seg\u00fan los \u00faltimos reportes del Instituto Dominicano de Meteorolog\u00eda (INDOMET) y el Centro Nacional de Huracanes (NHC), el hurac\u00e1n Melissa, ahora de categor\u00eda 5, se encuentra al sur\/suroeste de Jamaica, desplaz\u00e1ndose lentamente hacia el oeste a unos 6 km\/h. Aunque no se espera que vuelva a tocar suelo dominicano, su amplia circulaci\u00f3n seguir\u00e1 provocando lluvias intensas, inundaciones repentinas y deslizamientos de tierra en varias provincias del sur del pa\u00eds durante toda la semana. Las autoridades advierten que los efectos indirectos podr\u00edan persistir hasta el viernes, especialmente en zonas vulnerables como Barahona, San Juan y El\u00edas Pi\u00f1a, donde el terreno saturado aumenta el riesgo de emergencias adicionales.<\/p>\n","protected":false},"excerpt":{"rendered":"<p>Por Alan Vargas \u2013 Samantha Radio Online El ascenso de Melissa a categor\u00eda de hurac\u00e1n<\/p>\n","protected":false},"author":1,"featured_media":20726,"comment_status":"open","ping_status":"open","sticky":false,"template":"","format":"standard","meta":{"footnotes":""},"categories":[13],"tags":[],"class_list":["post-20725","post","type-post","status-publish","format-standard","has-post-thumbnail","hentry","category-opinion"],"_links":{"self":[{"href":"https:\/\/samantharadionline.com\/index.php\/wp-json\/wp\/v2\/posts\/20725","targetHints":{"allow":["GET"]}}],"collection":[{"href":"https:\/\/samantharadionline.com\/index.php\/wp-json\/wp\/v2\/posts"}],"about":[{"href":"https:\/\/samantharadionline.com\/index.php\/wp-json\/wp\/v2\/types\/post"}],"author":[{"embeddable":true,"href":"https:\/\/samantharadionline.com\/index.php\/wp-json\/wp\/v2\/users\/1"}],"replies":[{"embeddable":true,"href":"https:\/\/samantharadionline.com\/index.php\/wp-json\/wp\/v2\/comments?post=20725"}],"version-history":[{"count":2,"href":"https:\/\/samantharadionline.com\/index.php\/wp-json\/wp\/v2\/posts\/20725\/revisions"}],"predecessor-version":[{"id":20729,"href":"https:\/\/samantharadionline.com\/index.php\/wp-json\/wp\/v2\/posts\/20725\/revisions\/20729"}],"wp:featuredmedia":[{"embeddable":true,"href":"https:\/\/samantharadionline.com\/index.php\/wp-json\/wp\/v2\/media\/20726"}],"wp:attachment":[{"href":"https:\/\/samantharadionline.com\/index.php\/wp-json\/wp\/v2\/media?parent=20725"}],"wp:term":[{"taxonomy":"category","embeddable":true,"href":"https:\/\/samantharadionline.com\/index.php\/wp-json\/wp\/v2\/categories?post=20725"},{"taxonomy":"post_tag","embeddable":true,"href":"https:\/\/samantharadionline.com\/index.php\/wp-json\/wp\/v2\/tags?post=20725"}],"curies":[{"name":"wp","href":"https:\/\/api.w.org\/{rel}","templated":true}]}}