{"id":20721,"date":"2025-10-28T09:13:18","date_gmt":"2025-10-28T13:13:18","guid":{"rendered":"https:\/\/samantharadionline.com\/?p=20721"},"modified":"2025-10-28T09:13:19","modified_gmt":"2025-10-28T13:13:19","slug":"presidente-abinader-coordina-respuesta-nacional-con-15-gobernadoras-tras-el-paso-del-huracan-melissa","status":"publish","type":"post","link":"https:\/\/samantharadionline.com\/index.php\/2025\/10\/28\/presidente-abinader-coordina-respuesta-nacional-con-15-gobernadoras-tras-el-paso-del-huracan-melissa\/","title":{"rendered":"Presidente Abinader coordina respuesta nacional con 15 gobernadoras tras el paso del hurac\u00e1n Melissa"},"content":{"rendered":"\n<p class=\"has-medium-font-size\"><em>El mandatario encabez\u00f3 una reuni\u00f3n virtual para evaluar da\u00f1os, escuchar reportes provinciales y activar medidas de recuperaci\u00f3n en las zonas m\u00e1s afectadas<\/em><\/p>\n\n\n\n<p><strong>SANTO DOMINGO, R.D.<\/strong><\/p>\n\n\n\n<p>El presidente Luis Abinader sostuvo este lunes una reuni\u00f3n virtual con 15 gobernadoras provinciales para pasar balance a los da\u00f1os ocasionados por el hurac\u00e1n Melissa y coordinar las acciones de respuesta inmediata. El encuentro, realizado desde el Sal\u00f3n Privado del Palacio Nacional, se centr\u00f3 en escuchar los reportes directos de cada territorio y activar mecanismos de asistencia en las comunidades m\u00e1s vulnerables.<\/p>\n\n\n\n<p>Acompa\u00f1ado por los ministros Jos\u00e9 Ignacio Paliza (Presidencia) y Andr\u00e9s Bautista (Administrativo de la Presidencia), el jefe de Estado recibi\u00f3 informaci\u00f3n sobre viviendas anegadas, interrupciones el\u00e9ctricas, deslizamientos de tierra y da\u00f1os en infraestructuras viales. La reuni\u00f3n tambi\u00e9n cont\u00f3 con la participaci\u00f3n virtual de los ministros Eduardo Estrella (Obras P\u00fablicas) y Carlos Bonilla (Vivienda), as\u00ed como de los directores \u00c9dgar F\u00e9liz (DASAC), Tony Pe\u00f1a Guaba (Gabinete de Pol\u00edticas Sociales) y Robert Polanco (Propeep).<\/p>\n\n\n\n<p>Las gobernadoras detallaron las medidas de emergencia implementadas en sus demarcaciones, incluyendo la activaci\u00f3n de albergues temporales, distribuci\u00f3n de alimentos y agua potable, y movilizaci\u00f3n de equipos de asistencia social hacia las zonas m\u00e1s afectadas.<\/p>\n\n\n\n<p>Participaron las representantes provinciales de Azua (Mar\u00eda Navarro), Bahoruco (Mar\u00eda Esther D\u00edaz Medina), Barahona (Oneida F\u00e9liz), Pedernales (Edirda Yoalis de \u00d3leo Pe\u00f1a), Peravia (\u00c1ngela B\u00e1ez), San Crist\u00f3bal (Pura Casilla), San Jos\u00e9 de Ocoa (Josefa Oliva Castillo), La Altagracia (Daysi Francisca de \u00d3leo), La Romana (Ivelisse M\u00e9ndez), Duarte (Ana Xiomara Cort\u00e9s), El\u00edas Pi\u00f1a (Migdalia de los Santos), San Juan (Ana Mar\u00eda Castillo), Monte Plata (Rafaela Javier Gomera), Independencia (Mercedes Novas) y Santo Domingo (Lucrecia Santana Leyba).<\/p>\n\n\n\n<p>La reuni\u00f3n reafirma el compromiso del Gobierno de mantener una coordinaci\u00f3n activa con las autoridades locales y garantizar que la recuperaci\u00f3n llegue con equidad y urgencia a cada rinc\u00f3n del pa\u00eds.<\/p>\n","protected":false},"excerpt":{"rendered":"<p>El mandatario encabez\u00f3 una reuni\u00f3n virtual para evaluar da\u00f1os, escuchar reportes provinciales y activar medidas<\/p>\n","protected":false},"author":1,"featured_media":20722,"comment_status":"open","ping_status":"open","sticky":false,"template":"","format":"standard","meta":{"footnotes":""},"categories":[12],"tags":[],"class_list":["post-20721","post","type-post","status-publish","format-standard","has-post-thumbnail","hentry","category-nacionales"],"_links":{"self":[{"href":"https:\/\/samantharadionline.com\/index.php\/wp-json\/wp\/v2\/posts\/20721","targetHints":{"allow":["GET"]}}],"collection":[{"href":"https:\/\/samantharadionline.com\/index.php\/wp-json\/wp\/v2\/posts"}],"about":[{"href":"https:\/\/samantharadionline.com\/index.php\/wp-json\/wp\/v2\/types\/post"}],"author":[{"embeddable":true,"href":"https:\/\/samantharadionline.com\/index.php\/wp-json\/wp\/v2\/users\/1"}],"replies":[{"embeddable":true,"href":"https:\/\/samantharadionline.com\/index.php\/wp-json\/wp\/v2\/comments?post=20721"}],"version-history":[{"count":1,"href":"https:\/\/samantharadionline.com\/index.php\/wp-json\/wp\/v2\/posts\/20721\/revisions"}],"predecessor-version":[{"id":20723,"href":"https:\/\/samantharadionline.com\/index.php\/wp-json\/wp\/v2\/posts\/20721\/revisions\/20723"}],"wp:featuredmedia":[{"embeddable":true,"href":"https:\/\/samantharadionline.com\/index.php\/wp-json\/wp\/v2\/media\/20722"}],"wp:attachment":[{"href":"https:\/\/samantharadionline.com\/index.php\/wp-json\/wp\/v2\/media?parent=20721"}],"wp:term":[{"taxonomy":"category","embeddable":true,"href":"https:\/\/samantharadionline.com\/index.php\/wp-json\/wp\/v2\/categories?post=20721"},{"taxonomy":"post_tag","embeddable":true,"href":"https:\/\/samantharadionline.com\/index.php\/wp-json\/wp\/v2\/tags?post=20721"}],"curies":[{"name":"wp","href":"https:\/\/api.w.org\/{rel}","templated":true}]}}