{"id":20701,"date":"2025-10-28T08:52:55","date_gmt":"2025-10-28T12:52:55","guid":{"rendered":"https:\/\/samantharadionline.com\/?p=20701"},"modified":"2025-10-28T08:53:07","modified_gmt":"2025-10-28T12:53:07","slug":"de-alerta-verde-a-amarilla-por-la-continuacion-de-lluvias-en-el-gran-santo-domingo","status":"publish","type":"post","link":"https:\/\/samantharadionline.com\/index.php\/2025\/10\/28\/de-alerta-verde-a-amarilla-por-la-continuacion-de-lluvias-en-el-gran-santo-domingo\/","title":{"rendered":"De alerta verde a amarilla por  la continuaci\u00f3n de lluvias en el Gran Santo Domingo"},"content":{"rendered":"\n<p class=\"has-medium-font-size\"><em>Alerta amarilla se encuentran Dajab\u00f3n, San Jos\u00e9 de Ocoa, Az\u00faa, Monte Plata, El\u00edas Pi\u00f1a, Peravia, San Juan, Monte Cristi y San Crist\u00f3bal. En alerta roja est\u00e1n Bahoruco, Barahona, Pedernales e Independencia<\/em><\/p>\n\n\n\n<figure class=\"wp-block-image\"><img decoding=\"async\" src=\"https:\/\/listindiario.com\/files\/image_60_60\/uploads\/2023\/05\/16\/64638cfd2419c.jpeg\" alt=\"Avatar del Javier Flores\"\/><\/figure>\n\n\n\n<p><strong><em>\u00a0<\/em>Javier Flores, Santo Domingo, RD<\/strong><\/p>\n\n\n\n<p id=\"m34665-34664-34666\">El Centro de Operaciones de Emergencias (COE) elev\u00f3 alerta a alerta amarilla al gran Santo Domingo (la provincia y el Distrito Nacional) debido a las lluvias registradas por el amplio campo nuboso que ha arrastrado el hurac\u00e1n Melissa.<\/p>\n\n\n\n<p id=\"m34670-34669-34671\">El Gran Santo Domingo estaba en alerta verde pero fue elevada a amarilla luego de que en su \u00faltimo reporte el Instituto Dominicano de Meteorolog\u00eda (Indomet) se\u00f1alaran que durante la noche de este lunes se continuar\u00e1n registrando lluvias de moderadas a fuertes, acompa\u00f1adas de tormentas el\u00e9ctricas y r\u00e1fagas de viento.<\/p>\n\n\n\n<p id=\"m34675-34674-34676\">Las dem\u00e1s en provincias en alerta amarilla son encuentran Dajab\u00f3n, San Jos\u00e9 de Ocoa, Az\u00faa, Monte Plata, El\u00edas Pi\u00f1a, Peravia, San Juan, Monte Cristi y San Crist\u00f3bal. En alerta roja est\u00e1n Bahoruco, Barahona, Pedernales e Independencia.<\/p>\n\n\n\n<p id=\"m34680-34679-34681\">Mientras que bajo alerta verde se encuentran, Monse\u00f1or Nouel, San Pedro de Macor\u00eds, La Romana, Hato Mayor, La Altagracia, Santiago Rodr\u00edguez, Saman\u00e1, El Seibo y Duarte.<\/p>\n\n\n\n<p id=\"m34685-34684-34686\">Cuando una provincia alerta verde se debe estar atento al posible impacto de un fen\u00f3meno atmosf\u00e9rico; en alerta amarilla, se debe estar preparado para el evento y dirigirse a un lugar seguro en caso de que se encuentre en una zona de riesgo mientras que en alerta roja, la poblaci\u00f3n debe estar lista para el fen\u00f3meno y encontrarse en un lugar seguro antes y durante el impacto del fen\u00f3meno.<\/p>\n\n\n\n<p id=\"m34690-34689-34691\">El Indomet indic\u00f3 que las lluvias se sentir\u00e1n de manera m\u00e1s frecuente, a Pedernales, Barahona, Azua, Peravia, San Jos\u00e9 de Ocoa, San Crist\u00f3bal, el Gran Santo Domingo, Monte Plata, S\u00e1nchez Ram\u00edrez, Duarte, Saman\u00e1, Mar\u00eda Trinidad S\u00e1nchez, La Romana y San Pedro de Macor\u00eds, as\u00ed como otras localidades cercanas.<\/p>\n\n\n\n<p id=\"m34695-34694-34696\">Actualmente Melissa tiene vientos m\u00e1ximos de 260 kil\u00f3metros por hora localiz\u00e1ndose a 205 kil\u00f3metros al sur\/suroeste de Kingston, Jamaica y a 505 kil\u00f3metros al sur\/suroeste de Guant\u00e1namo, Cuba con una lenta velocidad de traslaci\u00f3n de solo seis kil\u00f3metros por hora.<\/p>\n","protected":false},"excerpt":{"rendered":"<p>Alerta amarilla se encuentran Dajab\u00f3n, San Jos\u00e9 de Ocoa, Az\u00faa, Monte Plata, El\u00edas Pi\u00f1a, Peravia,<\/p>\n","protected":false},"author":1,"featured_media":20702,"comment_status":"open","ping_status":"open","sticky":false,"template":"","format":"standard","meta":{"footnotes":""},"categories":[12],"tags":[],"class_list":["post-20701","post","type-post","status-publish","format-standard","has-post-thumbnail","hentry","category-nacionales"],"_links":{"self":[{"href":"https:\/\/samantharadionline.com\/index.php\/wp-json\/wp\/v2\/posts\/20701","targetHints":{"allow":["GET"]}}],"collection":[{"href":"https:\/\/samantharadionline.com\/index.php\/wp-json\/wp\/v2\/posts"}],"about":[{"href":"https:\/\/samantharadionline.com\/index.php\/wp-json\/wp\/v2\/types\/post"}],"author":[{"embeddable":true,"href":"https:\/\/samantharadionline.com\/index.php\/wp-json\/wp\/v2\/users\/1"}],"replies":[{"embeddable":true,"href":"https:\/\/samantharadionline.com\/index.php\/wp-json\/wp\/v2\/comments?post=20701"}],"version-history":[{"count":1,"href":"https:\/\/samantharadionline.com\/index.php\/wp-json\/wp\/v2\/posts\/20701\/revisions"}],"predecessor-version":[{"id":20703,"href":"https:\/\/samantharadionline.com\/index.php\/wp-json\/wp\/v2\/posts\/20701\/revisions\/20703"}],"wp:featuredmedia":[{"embeddable":true,"href":"https:\/\/samantharadionline.com\/index.php\/wp-json\/wp\/v2\/media\/20702"}],"wp:attachment":[{"href":"https:\/\/samantharadionline.com\/index.php\/wp-json\/wp\/v2\/media?parent=20701"}],"wp:term":[{"taxonomy":"category","embeddable":true,"href":"https:\/\/samantharadionline.com\/index.php\/wp-json\/wp\/v2\/categories?post=20701"},{"taxonomy":"post_tag","embeddable":true,"href":"https:\/\/samantharadionline.com\/index.php\/wp-json\/wp\/v2\/tags?post=20701"}],"curies":[{"name":"wp","href":"https:\/\/api.w.org\/{rel}","templated":true}]}}