{"id":20698,"date":"2025-10-28T08:49:15","date_gmt":"2025-10-28T12:49:15","guid":{"rendered":"https:\/\/samantharadionline.com\/?p=20698"},"modified":"2025-10-28T08:49:16","modified_gmt":"2025-10-28T12:49:16","slug":"codevi-reanuda-trabajos-y-gobierno-haitiano-detiene-retencion-de-impuestos-a-empleados","status":"publish","type":"post","link":"https:\/\/samantharadionline.com\/index.php\/2025\/10\/28\/codevi-reanuda-trabajos-y-gobierno-haitiano-detiene-retencion-de-impuestos-a-empleados\/","title":{"rendered":"Codevi reanuda trabajos y Gobierno haitiano detiene retenci\u00f3n de impuestos a empleados"},"content":{"rendered":"\n<p class=\"has-medium-font-size\"><em>El parque industrial desde un principio hab\u00eda informado que reafirmaba su compromiso con el respeto a los derechos de sus trabajadores, la paz laboral y el desarrollo sostenible de la regi\u00f3n<\/em><\/p>\n\n\n\n<figure class=\"wp-block-image\"><img decoding=\"async\" src=\"https:\/\/listindiario.com\/files\/image_60_60\/uploads\/2023\/11\/24\/6560daaddb5fe.jpeg\" alt=\"Avatar del Goidy Reyes\"\/><\/figure>\n\n\n\n<p><strong><em>\u00a0<\/em>Goidy Reyes<\/strong><\/p>\n\n\n\n<p id=\"m83872-83871-83873\">La&nbsp;<strong>zona franca Codevi<\/strong>&nbsp;reanud\u00f3 sus operaciones el d\u00eda 15 del presente mes seg\u00fan una fuente, donde m\u00e1s de 10 mil&nbsp;<strong>haitianos&nbsp;<\/strong>retornaron a sus puestos de trabajos luego de que los abandonaran durante una protesta por la retenci\u00f3n de impuestos a su salario.<\/p>\n\n\n\n<p id=\"m83877-83876-83878\">Una fuente dijo a este medio que el&nbsp;<strong>Gobierno de Hait\u00ed<\/strong>&nbsp;exoner\u00f3 por el momento la retenci\u00f3n de impuestos a los<strong>&nbsp;trabajadores haitianos&nbsp;<\/strong>en Codevi, informaci\u00f3n que tranquiliz\u00f3 a los manifestantes extranjeros quienes hab\u00edan rechazado las nuevas disposiciones fiscales.<\/p>\n\n\n\n<p id=\"m83882-83881-83883\">El parque industrial desde un principio hab\u00eda informado que reafirmaba su compromiso con el respeto a los derechos de sus trabajadores, la paz laboral y el desarrollo sostenible de la regi\u00f3n, y que han mantenido un di\u00e1logo constante con todas las partes involucradas para garantizar la estabilidad operativa y social de la zona franca.<\/p>\n\n\n\n<p id=\"m83887-83886-83888\">La zona franca Codevi est\u00e1 ubicada en Juana M\u00e9ndez, localidad que hace&nbsp;<strong>frontera con Dajab\u00f3n<\/strong>, el parque industrial es un importante centro de empleo en la regi\u00f3n norte de&nbsp;<strong>Hait\u00ed<\/strong>, su funci\u00f3n principal es la producci\u00f3n de bienes textiles destinados principalmente a la exportaci\u00f3n.<\/p>\n","protected":false},"excerpt":{"rendered":"<p>El parque industrial desde un principio hab\u00eda informado que reafirmaba su compromiso con el respeto<\/p>\n","protected":false},"author":1,"featured_media":20699,"comment_status":"open","ping_status":"open","sticky":false,"template":"","format":"standard","meta":{"footnotes":""},"categories":[10],"tags":[],"class_list":["post-20698","post","type-post","status-publish","format-standard","has-post-thumbnail","hentry","category-economica"],"_links":{"self":[{"href":"https:\/\/samantharadionline.com\/index.php\/wp-json\/wp\/v2\/posts\/20698","targetHints":{"allow":["GET"]}}],"collection":[{"href":"https:\/\/samantharadionline.com\/index.php\/wp-json\/wp\/v2\/posts"}],"about":[{"href":"https:\/\/samantharadionline.com\/index.php\/wp-json\/wp\/v2\/types\/post"}],"author":[{"embeddable":true,"href":"https:\/\/samantharadionline.com\/index.php\/wp-json\/wp\/v2\/users\/1"}],"replies":[{"embeddable":true,"href":"https:\/\/samantharadionline.com\/index.php\/wp-json\/wp\/v2\/comments?post=20698"}],"version-history":[{"count":1,"href":"https:\/\/samantharadionline.com\/index.php\/wp-json\/wp\/v2\/posts\/20698\/revisions"}],"predecessor-version":[{"id":20700,"href":"https:\/\/samantharadionline.com\/index.php\/wp-json\/wp\/v2\/posts\/20698\/revisions\/20700"}],"wp:featuredmedia":[{"embeddable":true,"href":"https:\/\/samantharadionline.com\/index.php\/wp-json\/wp\/v2\/media\/20699"}],"wp:attachment":[{"href":"https:\/\/samantharadionline.com\/index.php\/wp-json\/wp\/v2\/media?parent=20698"}],"wp:term":[{"taxonomy":"category","embeddable":true,"href":"https:\/\/samantharadionline.com\/index.php\/wp-json\/wp\/v2\/categories?post=20698"},{"taxonomy":"post_tag","embeddable":true,"href":"https:\/\/samantharadionline.com\/index.php\/wp-json\/wp\/v2\/tags?post=20698"}],"curies":[{"name":"wp","href":"https:\/\/api.w.org\/{rel}","templated":true}]}}