{"id":20681,"date":"2025-10-27T16:45:21","date_gmt":"2025-10-27T20:45:21","guid":{"rendered":"https:\/\/samantharadionline.com\/?p=20681"},"modified":"2025-10-27T16:45:22","modified_gmt":"2025-10-27T20:45:22","slug":"senadores-declararian-estado-de-emergencia-si-el-poder-ejecutivo-lo-requiere","status":"publish","type":"post","link":"https:\/\/samantharadionline.com\/index.php\/2025\/10\/27\/senadores-declararian-estado-de-emergencia-si-el-poder-ejecutivo-lo-requiere\/","title":{"rendered":"Senadores declarar\u00edan estado de emergencia si el Poder Ejecutivo lo requiere"},"content":{"rendered":"\n<p class=\"has-medium-font-size\"><em>Tras los efectos de la tormenta tropical, senadores admitieron declarar al pa\u00eds en estado de emergencia en caso de ser necesario<\/em><\/p>\n\n\n\n<figure class=\"wp-block-image\"><img decoding=\"async\" src=\"https:\/\/listindiario.com\/files\/image_60_60\/uploads\/2023\/05\/16\/64637a1e3ff38.jpeg\" alt=\"Avatar del \u00c1ngel Valdez\"\/><\/figure>\n\n\n\n<p><strong><em>\u00a0<\/em>\u00c1ngel Valdez, Santo Domingo, RD<\/strong><\/p>\n\n\n\n<p id=\"m122880-122879-122881\">Un grupo de senadores&nbsp;manifest\u00f3 este lunes su disposici\u00f3n de declarar en estado de emergencia el territorio nacional, permiti\u00e9ndole al Gobierno utilizar atribuciones extraordinarias para asistir a las provincias afectadas por el&nbsp;<strong>fen\u00f3meno tropical Melissa<\/strong>.<\/p>\n\n\n\n<p id=\"m122885-122884-122886\">El presidente del Senado de la Rep\u00fablica,&nbsp;<strong>Ricardo de los Santos<\/strong>, aclar\u00f3 que, hasta el momento, el Poder Ejecutivo no ha informado si tiene la intenci\u00f3n de depositar la solicitud para aprobar este tipo de estado de excepci\u00f3n.<\/p>\n\n\n\n<p id=\"m122890-122889-122891\">El&nbsp;<strong>senador Eduard Espiritusanto<\/strong>, representante del bloque opositor de la&nbsp;<strong>Fuerza del Pueblo<\/strong>&nbsp;(FP) dijo que estar\u00eda de acuerdo si se determina requerido para respaldar a las provincias afectadas por las lluvias.<\/p>\n\n\n\n<p id=\"m122895-122894-122896\">\u00abSiempre y cuando sea necesario, yo estoy de acuerdo. Si en algunas provincias se necesita, pues yo estoy de acuerdo\u00bb, afirm\u00f3 Espiritusanto, de la provincia La Romana, al ser entrevistado por reporteros en la sede del \u00f3rgano legislativo.<\/p>\n\n\n\n<p id=\"m122900-122899-122901\"><strong>La senadora Mar\u00eda Ort\u00edz<\/strong>&nbsp;asegur\u00f3 que el&nbsp;<strong>presidente Luis Abinader<\/strong>&nbsp;cuenta con su respaldo, en caso de requerir el estado de emergencia en el pa\u00eds.<\/p>\n\n\n\n<p id=\"m122905-122904-122906\">\u00abSaben que cuentan con el apoyo del Congreso Nacional y que estaremos aqu\u00ed pendientes para cualquier situaci\u00f3n. De manera muy espec\u00edfica, el Senado de la Rep\u00fablica ha sido un Senado solidario y comprometido\u00bb, dijo la legisladora oficialista de la provincia Hermanas Mirabal.<\/p>\n\n\n\n<h3 class=\"wp-block-heading\">\u00abHay que observarlo\u00bb<\/h3>\n\n\n\n<p id=\"m122910-122909-122911\">Sin embargo, el senador de la FP,&nbsp;<strong>Omar Fern\u00e1ndez<\/strong>, advirti\u00f3 que \u00abobservar\u00eda\u00bb si el Gobierno tiene el objetivo de solicitar m\u00e1s para ejecutarlos \u00abde una manera no fiscalizable\u00bb.<\/p>\n\n\n\n<p id=\"m122915-122914-122916\">\u00abDe ah\u00ed a que a trav\u00e9s de un estado de emergencia se busquen recursos para utilizarlos de una manera no fiscalizable, eso s\u00ed tendr\u00eda nuestra observaci\u00f3n&#8230;\u00bb, dijo el congresista del Distrito Nacional.<\/p>\n\n\n\n<h3 class=\"wp-block-heading\">\u00bfCu\u00e1ndo fue el \u00faltimo?<\/h3>\n\n\n\n<p id=\"m122920-122919-122921\">El&nbsp;<strong>estado de emergencia<\/strong>&nbsp;m\u00e1s reciente autorizado por el Poder Legislativo ocurri\u00f3 en 2020, durante el \u00faltimo mandato presidencial de Danilo Medina. Este fue motivado por la pandemia del covid-19 y finaliz\u00f3 en octubre de 2021.<\/p>\n\n\n\n<p id=\"m122925-122924-122926\">Seg\u00fan el art\u00edculo 265 de la Constituci\u00f3n, el Estado de Emergencia podr\u00e1 declararse cuando surjan hechos \u00abque perturben o amenacen perturbar en forma grave e inminente el orden econ\u00f3mico, social, medioambiental del pa\u00eds\u00bb. Asimismo, si el Estado identifica una calamidad p\u00fablica.<\/p>\n\n\n\n<p id=\"m122930-122929-122931\">Las acciones implementadas por el tren gubernamental deber\u00e1n ser comunicadas al Poder Legislativo.<\/p>\n\n\n\n<h3 class=\"wp-block-heading\">\u00bfQu\u00e9 es un estado de excepci\u00f3n?<\/h3>\n\n\n\n<p id=\"m122935-122934-122936\">\u00abSe consideran estados de excepci\u00f3n aquellas situaciones extraordinarias que afectan gravemente la seguridad de la naci\u00f3n, de las instituciones y de las personas frente a las cuales resulten insuficientes las facultades ordinarias\u00bb, establece el art\u00edculo 262 de la&nbsp;<strong>Carta Magna<\/strong>&nbsp;.<\/p>\n","protected":false},"excerpt":{"rendered":"<p>Tras los efectos de la tormenta tropical, senadores admitieron declarar al pa\u00eds en estado de<\/p>\n","protected":false},"author":1,"featured_media":20682,"comment_status":"open","ping_status":"open","sticky":false,"template":"","format":"standard","meta":{"footnotes":""},"categories":[12],"tags":[],"class_list":["post-20681","post","type-post","status-publish","format-standard","has-post-thumbnail","hentry","category-nacionales"],"_links":{"self":[{"href":"https:\/\/samantharadionline.com\/index.php\/wp-json\/wp\/v2\/posts\/20681","targetHints":{"allow":["GET"]}}],"collection":[{"href":"https:\/\/samantharadionline.com\/index.php\/wp-json\/wp\/v2\/posts"}],"about":[{"href":"https:\/\/samantharadionline.com\/index.php\/wp-json\/wp\/v2\/types\/post"}],"author":[{"embeddable":true,"href":"https:\/\/samantharadionline.com\/index.php\/wp-json\/wp\/v2\/users\/1"}],"replies":[{"embeddable":true,"href":"https:\/\/samantharadionline.com\/index.php\/wp-json\/wp\/v2\/comments?post=20681"}],"version-history":[{"count":1,"href":"https:\/\/samantharadionline.com\/index.php\/wp-json\/wp\/v2\/posts\/20681\/revisions"}],"predecessor-version":[{"id":20683,"href":"https:\/\/samantharadionline.com\/index.php\/wp-json\/wp\/v2\/posts\/20681\/revisions\/20683"}],"wp:featuredmedia":[{"embeddable":true,"href":"https:\/\/samantharadionline.com\/index.php\/wp-json\/wp\/v2\/media\/20682"}],"wp:attachment":[{"href":"https:\/\/samantharadionline.com\/index.php\/wp-json\/wp\/v2\/media?parent=20681"}],"wp:term":[{"taxonomy":"category","embeddable":true,"href":"https:\/\/samantharadionline.com\/index.php\/wp-json\/wp\/v2\/categories?post=20681"},{"taxonomy":"post_tag","embeddable":true,"href":"https:\/\/samantharadionline.com\/index.php\/wp-json\/wp\/v2\/tags?post=20681"}],"curies":[{"name":"wp","href":"https:\/\/api.w.org\/{rel}","templated":true}]}}