{"id":20619,"date":"2025-10-23T09:28:36","date_gmt":"2025-10-23T13:28:36","guid":{"rendered":"https:\/\/samantharadionline.com\/?p=20619"},"modified":"2025-10-23T09:28:37","modified_gmt":"2025-10-23T13:28:37","slug":"lula-confirma-disputar-un-cuarto-periodo-presidencial-en-brasil","status":"publish","type":"post","link":"https:\/\/samantharadionline.com\/index.php\/2025\/10\/23\/lula-confirma-disputar-un-cuarto-periodo-presidencial-en-brasil\/","title":{"rendered":"Lula confirma disputar un cuarto per\u00edodo presidencial en Brasil"},"content":{"rendered":"\n<p class=\"has-medium-font-size\"><em>El presidente de Brasil, Luiz In\u00e1cio Lula da Silva, confirm\u00f3 este jueves que disputar\u00e1 un cuarto mandato en las elecciones de octubre de 2026, durante una declaraci\u00f3n a la prensa en el marco de su visita de Estado a Indonesia<\/em><\/p>\n\n\n\n<figure class=\"wp-block-image\"><img decoding=\"async\" src=\"https:\/\/listindiario.com\/files\/image_60_60\/uploads\/2023\/05\/23\/646cd02f4f53e.jpeg\" alt=\"Avatar del Agencia EFE\"\/><\/figure>\n\n\n\n<p><strong><em>\u00a0<\/em>Agencia EFE, Brasil<\/strong><\/p>\n\n\n\n<p id=\"m30219-30218-30220\">El presidente de Brasil, Luiz In\u00e1cio Lula da Silva, confirm\u00f3 este jueves que disputar\u00e1 un cuarto mandato en las elecciones de octubre de 2026, durante una declaraci\u00f3n a la prensa en el marco de su visita de Estado a Indonesia.<\/p>\n\n\n\n<p id=\"m30224-30223-30225\">\u00abVoy a disputar un cuarto mandato en Brasil\u00bb, le dijo Lula a su hom\u00f3logo indonesio Prabowo Subianto, al t\u00e9rmino de una reuni\u00f3n bilateral en Yakarta, seg\u00fan el discurso le\u00eddo por el mandatario brasile\u00f1o y divulgado por la Presidencia del pa\u00eds suramericano.<\/p>\n\n\n\n<p id=\"m30229-30228-30230\">En su pronunciamiento, el l\u00edder progresista se\u00f1al\u00f3 que aunque su mandato actual termina a finales de 2026, est\u00e1 \u00abpreparado para disputar otras elecciones\u00bb.<\/p>\n\n\n\n<p id=\"m30234-30233-30235\">Lula, quien cumplir\u00e1 80 a\u00f1os el pr\u00f3ximo 27 de octubre, apunt\u00f3 que pese a su edad tiene la misma energ\u00eda que cuando ten\u00eda 30 y subray\u00f3 que esta decisi\u00f3n fortalecer\u00e1 las relaciones bilaterales: \u00abNos veremos muchas veces m\u00e1s y har\u00e9 que la relaci\u00f3n entre Indonesia y Brasil sea m\u00e1s valiosa\u00bb.<\/p>\n\n\n\n<p id=\"m30239-30238-30240\">El anuncio se produjo tras la firma de acuerdos sobre energ\u00eda, miner\u00eda, agricultura y tecnolog\u00eda, entre otros, durante una ceremonia en el Palacio Presidencial de Indonesia.<\/p>\n\n\n\n<p id=\"m30244-30243-30245\">Lula y Subianto, adem\u00e1s, acordaron avanzar en un Acuerdo de Comercio Preferencial Mercosur-Indonesia antes de diciembre pr\u00f3ximo.<\/p>\n\n\n\n<p id=\"m30249-30248-30250\">Tras la visita oficial a Indonesia, el mandatario brasile\u00f1o, Lula viajar\u00e1 a Malasia, donde participar\u00e1 en la cumbre de l\u00edderes de la Asociaci\u00f3n de Naciones del Sudeste Asi\u00e1tico (ASEAN), en la que se prev\u00e9 un posible encuentro con el presidente estadounidense, Donald Trump.<\/p>\n\n\n\n<p id=\"m30254-30253-30255\">Lula es fundador del Partido de los Trabajadores (PT), gobern\u00f3 en dos per\u00edodos consecutivos, entre 2003 y 2011, y regres\u00f3 al poder el 1 de enero de 2023 tras derrotar en las elecciones al entonces presidente, Jair Bolsonaro.<\/p>\n","protected":false},"excerpt":{"rendered":"<p>El presidente de Brasil, Luiz In\u00e1cio Lula da Silva, confirm\u00f3 este jueves que disputar\u00e1 un<\/p>\n","protected":false},"author":1,"featured_media":20620,"comment_status":"open","ping_status":"open","sticky":false,"template":"","format":"standard","meta":{"footnotes":""},"categories":[4],"tags":[],"class_list":["post-20619","post","type-post","status-publish","format-standard","has-post-thumbnail","hentry","category-mundiales"],"_links":{"self":[{"href":"https:\/\/samantharadionline.com\/index.php\/wp-json\/wp\/v2\/posts\/20619","targetHints":{"allow":["GET"]}}],"collection":[{"href":"https:\/\/samantharadionline.com\/index.php\/wp-json\/wp\/v2\/posts"}],"about":[{"href":"https:\/\/samantharadionline.com\/index.php\/wp-json\/wp\/v2\/types\/post"}],"author":[{"embeddable":true,"href":"https:\/\/samantharadionline.com\/index.php\/wp-json\/wp\/v2\/users\/1"}],"replies":[{"embeddable":true,"href":"https:\/\/samantharadionline.com\/index.php\/wp-json\/wp\/v2\/comments?post=20619"}],"version-history":[{"count":1,"href":"https:\/\/samantharadionline.com\/index.php\/wp-json\/wp\/v2\/posts\/20619\/revisions"}],"predecessor-version":[{"id":20621,"href":"https:\/\/samantharadionline.com\/index.php\/wp-json\/wp\/v2\/posts\/20619\/revisions\/20621"}],"wp:featuredmedia":[{"embeddable":true,"href":"https:\/\/samantharadionline.com\/index.php\/wp-json\/wp\/v2\/media\/20620"}],"wp:attachment":[{"href":"https:\/\/samantharadionline.com\/index.php\/wp-json\/wp\/v2\/media?parent=20619"}],"wp:term":[{"taxonomy":"category","embeddable":true,"href":"https:\/\/samantharadionline.com\/index.php\/wp-json\/wp\/v2\/categories?post=20619"},{"taxonomy":"post_tag","embeddable":true,"href":"https:\/\/samantharadionline.com\/index.php\/wp-json\/wp\/v2\/tags?post=20619"}],"curies":[{"name":"wp","href":"https:\/\/api.w.org\/{rel}","templated":true}]}}