{"id":20593,"date":"2025-10-22T12:36:31","date_gmt":"2025-10-22T16:36:31","guid":{"rendered":"https:\/\/samantharadionline.com\/?p=20593"},"modified":"2025-10-22T12:48:32","modified_gmt":"2025-10-22T16:48:32","slug":"tormenta-melissa-expone-la-vulnerabilidad-de-los-sectores-mas-necesitados-gobierno-promete-que-no-se-perdera-ni-una-sola-vida-humana","status":"publish","type":"post","link":"https:\/\/samantharadionline.com\/index.php\/2025\/10\/22\/tormenta-melissa-expone-la-vulnerabilidad-de-los-sectores-mas-necesitados-gobierno-promete-que-no-se-perdera-ni-una-sola-vida-humana\/","title":{"rendered":"Tormenta Melissa expone la vulnerabilidad de los sectores m\u00e1s necesitados: Gobierno promete que no se perder\u00e1 ni una sola vida humana"},"content":{"rendered":"\n<p class=\"has-medium-font-size\"><em>La tormenta Melissa pone a prueba el compromiso del Estado con los m\u00e1s vulnerables: cada vida cuenta, cada barrio importa<\/em><\/p>\n\n\n\n<p><strong>Por: Alan Vargas, Santo Domingo, 22 de octubre de 2025<\/strong><\/p>\n\n\n\n<p>Mientras la tormenta tropical Melissa impacta diversas regiones del pa\u00eds, los sectores de mayor necesidad vuelven a quedar en el centro de la preocupaci\u00f3n nacional. Calles sin drenaje, viviendas precarias y servicios limitados convierten a miles de familias en las m\u00e1s expuestas ante los efectos del fen\u00f3meno atmosf\u00e9rico.<\/p>\n\n\n\n<p>El presidente Luis Abinader ha reiterado que \u201cno se debe perder ni una sola vida humana\u201d durante el paso de Melissa, una declaraci\u00f3n que pone en relieve la urgencia de proteger a las comunidades hist\u00f3ricamente marginadas y garantizar una respuesta equitativa en todo el territorio.<\/p>\n\n\n\n<h3 class=\"wp-block-heading\">Comunidades vulnerables: el rostro humano de la emergencia<\/h3>\n\n\n\n<p>Barrios como La Zurza, Los Guandules, Gualey, y zonas rurales de Monte Plata, El\u00edas Pi\u00f1a y Barahona enfrentan riesgos agravados por la falta de infraestructura, acceso limitado a servicios de emergencia y condiciones de vivienda que no resisten los embates del viento y la lluvia.<\/p>\n\n\n\n<p>Organizaciones comunitarias han alertado sobre la necesidad de reforzar los albergues, garantizar alimentos y medicamentos, y asegurar que los operativos de rescate lleguen a tiempo a las zonas m\u00e1s apartadas.<\/p>\n\n\n\n<h3 class=\"wp-block-heading\">Coordinaci\u00f3n institucional: \u00bfllega a todos?<\/h3>\n\n\n\n<p>Aunque el Sistema 911 ha activado su Plan de Contingencia y el COE mantiene vigilancia constante, l\u00edderes comunitarios insisten en que la respuesta debe ser territorialmente justa, priorizando los sectores donde una inundaci\u00f3n puede significar la p\u00e9rdida total de lo poco que se tiene.<\/p>\n\n\n\n<p>El llamado presidencial a proteger cada vida debe traducirse en acciones concretas: evacuaciones oportunas, presencia institucional en los barrios m\u00e1s vulnerables, y un enfoque que no deje atr\u00e1s a quienes hist\u00f3ricamente han sido los m\u00e1s afectados.<\/p>\n\n\n\n<figure class=\"wp-block-image size-large\"><img loading=\"lazy\" decoding=\"async\" width=\"1024\" height=\"472\" src=\"https:\/\/samantharadionline.com\/wp-content\/uploads\/2025\/10\/IMG_20251022_124408-1024x472.jpg\" alt=\"\" class=\"wp-image-20597\" srcset=\"https:\/\/samantharadionline.com\/wp-content\/uploads\/2025\/10\/IMG_20251022_124408-1024x472.jpg 1024w, https:\/\/samantharadionline.com\/wp-content\/uploads\/2025\/10\/IMG_20251022_124408-300x138.jpg 300w, https:\/\/samantharadionline.com\/wp-content\/uploads\/2025\/10\/IMG_20251022_124408-768x354.jpg 768w, https:\/\/samantharadionline.com\/wp-content\/uploads\/2025\/10\/IMG_20251022_124408-1536x708.jpg 1536w, https:\/\/samantharadionline.com\/wp-content\/uploads\/2025\/10\/IMG_20251022_124408-2048x944.jpg 2048w\" sizes=\"auto, (max-width: 1024px) 100vw, 1024px\" \/><\/figure>\n\n\n\n<p>En medio de la alerta nacional por la tormenta Melissa, los residentes de la ca\u00f1ada de Guajim\u00eda, en El Caf\u00e9 de Herrera, enfrentan una doble vulnerabilidad: la amenaza directa de las lluvias y la precariedad estructural que los margina incluso en tiempos de calma. Las calles de dif\u00edcil acceso, muchas de ellas intransitables para ambulancias o incluso motocicletas, convierten cualquier emergencia en una carrera contra el tiempo. All\u00ed, donde el agua arrastra lo poco que se tiene, la vida cotidiana ya es una lucha permanente por sobrevivir.<\/p>\n\n\n\n<p>A pesar de los llamados comunitarios y las promesas institucionales, la ayuda estructural sigue sin llegar. Las familias que viven a orillas de la ca\u00f1ada no solo necesitan evacuaci\u00f3n durante fen\u00f3menos atmosf\u00e9ricos, sino soluciones duraderas: saneamiento, reubicaci\u00f3n digna, y v\u00edas que permitan el acceso de servicios b\u00e1sicos. La tormenta Melissa no hizo m\u00e1s que desnudar una realidad que lleva a\u00f1os esperando respuesta. Si el compromiso presidencial es que no se pierda ni una sola vida humana, entonces Guajim\u00eda debe ser prioridad.<\/p>\n\n\n\n<p>Mientras la tormenta Melissa contin\u00faa su paso por el pa\u00eds, la vulnerabilidad de los sectores m\u00e1s necesitados se convierte en una alerta que no puede ser ignorada. Las vidas que hoy dependen de un techo fr\u00e1gil, de una calle inaccesible o de una promesa incumplida, son las que deben estar en el centro de toda estrategia de respuesta. Porque si el compromiso es que no se pierda ni una sola vida humana, entonces la tormenta Melissa debe ser el punto de inflexi\u00f3n para que, por fin, los sectores m\u00e1s necesitados dejen de ser los m\u00e1s afectados.<\/p>\n","protected":false},"excerpt":{"rendered":"<p>La tormenta Melissa pone a prueba el compromiso del Estado con los m\u00e1s vulnerables: cada<\/p>\n","protected":false},"author":1,"featured_media":20594,"comment_status":"open","ping_status":"open","sticky":false,"template":"","format":"standard","meta":{"footnotes":""},"categories":[12,13],"tags":[],"class_list":["post-20593","post","type-post","status-publish","format-standard","has-post-thumbnail","hentry","category-nacionales","category-opinion"],"_links":{"self":[{"href":"https:\/\/samantharadionline.com\/index.php\/wp-json\/wp\/v2\/posts\/20593","targetHints":{"allow":["GET"]}}],"collection":[{"href":"https:\/\/samantharadionline.com\/index.php\/wp-json\/wp\/v2\/posts"}],"about":[{"href":"https:\/\/samantharadionline.com\/index.php\/wp-json\/wp\/v2\/types\/post"}],"author":[{"embeddable":true,"href":"https:\/\/samantharadionline.com\/index.php\/wp-json\/wp\/v2\/users\/1"}],"replies":[{"embeddable":true,"href":"https:\/\/samantharadionline.com\/index.php\/wp-json\/wp\/v2\/comments?post=20593"}],"version-history":[{"count":2,"href":"https:\/\/samantharadionline.com\/index.php\/wp-json\/wp\/v2\/posts\/20593\/revisions"}],"predecessor-version":[{"id":20598,"href":"https:\/\/samantharadionline.com\/index.php\/wp-json\/wp\/v2\/posts\/20593\/revisions\/20598"}],"wp:featuredmedia":[{"embeddable":true,"href":"https:\/\/samantharadionline.com\/index.php\/wp-json\/wp\/v2\/media\/20594"}],"wp:attachment":[{"href":"https:\/\/samantharadionline.com\/index.php\/wp-json\/wp\/v2\/media?parent=20593"}],"wp:term":[{"taxonomy":"category","embeddable":true,"href":"https:\/\/samantharadionline.com\/index.php\/wp-json\/wp\/v2\/categories?post=20593"},{"taxonomy":"post_tag","embeddable":true,"href":"https:\/\/samantharadionline.com\/index.php\/wp-json\/wp\/v2\/tags?post=20593"}],"curies":[{"name":"wp","href":"https:\/\/api.w.org\/{rel}","templated":true}]}}