{"id":20570,"date":"2025-10-22T09:51:45","date_gmt":"2025-10-22T13:51:45","guid":{"rendered":"https:\/\/samantharadionline.com\/?p=20570"},"modified":"2025-10-22T09:51:46","modified_gmt":"2025-10-22T13:51:46","slug":"la-jornada-laboral-sera-hasta-la-100-p-m-y-se-suspenden-las-clases","status":"publish","type":"post","link":"https:\/\/samantharadionline.com\/index.php\/2025\/10\/22\/la-jornada-laboral-sera-hasta-la-100-p-m-y-se-suspenden-las-clases\/","title":{"rendered":"La jornada laboral ser\u00e1 hasta la 1:00 p. m. y se suspenden las clases"},"content":{"rendered":"\n<p class=\"has-medium-font-size\"><em>Por disposici\u00f3n del Gobierno, en las demarcaciones en alerta roja, la docencia fue suspendida tanto el mi\u00e9rcoles como el jueves<\/em><\/p>\n\n\n\n<figure class=\"wp-block-image\"><img decoding=\"async\" src=\"https:\/\/listindiario.com\/files\/image_60_60\/uploads\/2023\/06\/15\/648bb0d62900f.jpeg\" alt=\"Avatar del Audry Trinidad\"\/><\/figure>\n\n\n\n<p><strong><em>\u00a0<\/em>Audry Trinidad, Santo Domingo, RD<\/strong><\/p>\n\n\n\n<p id=\"m189008-189007-189009\">Tras una reuni\u00f3n en el Palacio Nacional, encabezada por el presidente\u00a0<strong>Luis Abinader<\/strong>, el Gobierno decidi\u00f3 reducir la\u00a0<strong>jornada laboral<\/strong>,<strong>\u00a0suspender las clases\u00a0<\/strong>y elevar a varias provincias a<strong>\u00a0alerta roja<\/strong>, como medidas preventivas ante el paso de la<strong>\u00a0tormenta tropical Melissa\u00a0<\/strong>por el pa\u00eds.<\/p>\n\n\n\n<p id=\"m189013-189012-189014\">El director del Centro de Operaciones de Emergencias (<strong>COE<\/strong>) manifest\u00f3 que se colocan bajo alerta roja a las provincias&nbsp;<strong>Santo Domingo<\/strong>,<strong>&nbsp;Distrito Nacional<\/strong>,<strong>&nbsp;San Crist\u00f3bal<\/strong>,<strong>&nbsp;Peravia<\/strong>,<strong>&nbsp;Azua<\/strong>,<strong>&nbsp;Barahona<\/strong>,<strong>&nbsp;Pedernales<\/strong>,<strong>&nbsp;San Jos\u00e9 de Ocoa<\/strong>&nbsp;y<strong>&nbsp;San Juan de la Maguana<\/strong>.<\/p>\n\n\n\n<p id=\"m189018-189017-189019\">Inform\u00f3 que por disposici\u00f3n del Gobierno, en esas demarcaciones, la docencia fue suspendida tanto el mi\u00e9rcoles como el jueves.<\/p>\n\n\n\n<p id=\"m189023-189022-189024\">Otra medida tomada por el&nbsp;<strong>Gobierno fue reducir la jornada laboral<\/strong>&nbsp;del mi\u00e9rcoles tanto el sector p\u00fablico como en el privado hasta la una de la tarde; los ministerios de&nbsp;<strong>Administraci\u00f3n P\u00fablica y de Trabajo<\/strong>&nbsp;emitir\u00e1n las respectivas resoluciones oficializando la disposici\u00f3n gubernamental.<\/p>\n\n\n\n<p id=\"m189028-189027-189029\">Esa disposici\u00f3n regir\u00e1 para las provincias que est\u00e1n en&nbsp;<strong>alerta roja<\/strong>.<\/p>\n\n\n\n<figure class=\"wp-block-image\" id=\"m189033-189032-189034\"><img decoding=\"async\" src=\"https:\/\/listindiario.com\/files\/vertical_main_image\/uploads\/2025\/10\/21\/68f82a7f6345d.jpeg\" alt=\"La alerta fue elevada tras una reuni\u00f3n en el Palacio Nacional\"\/><figcaption class=\"wp-element-caption\">La alerta fue elevada tras una reuni\u00f3n en el Palacio Nacional<\/figcaption><\/figure>\n\n\n\n<p id=\"m189045-189044-189046\">El director del COE dijo que si en las pr\u00f3ximas horas se incluyen<strong>&nbsp;nuevas provincias<\/strong>&nbsp;en a<strong>lerta roja<\/strong>&nbsp;pues en esa misma medida aplicar\u00edan las medidas de suspensiones de labores y clases en los t\u00e9rminos antes citados.<\/p>\n\n\n\n<p id=\"m189050-189049-189051\"><strong>Juan Manuel M\u00e9ndez Garc\u00eda<\/strong>&nbsp;explic\u00f3 que la decisi\u00f3n busca proteger la vida de los ciudadanos y permitir que la poblaci\u00f3n tome las previsiones necesarias ante el pron\u00f3stico de lluvias intensas y posibles inundaciones en gran parte del pa\u00eds.<\/p>\n\n\n\n<p id=\"m189055-189054-189056\">\u00abEstamos tomando estas medidas con tiempo para que las familias se preparen y eviten riesgos innecesarios\u00bb, expres\u00f3 M\u00e9ndez Garc\u00eda.<\/p>\n\n\n\n<figure class=\"wp-block-image size-full\"><img loading=\"lazy\" decoding=\"async\" width=\"604\" height=\"336\" src=\"https:\/\/samantharadionline.com\/wp-content\/uploads\/2025\/10\/image-14.png\" alt=\"\" class=\"wp-image-20571\" srcset=\"https:\/\/samantharadionline.com\/wp-content\/uploads\/2025\/10\/image-14.png 604w, https:\/\/samantharadionline.com\/wp-content\/uploads\/2025\/10\/image-14-300x167.png 300w\" sizes=\"auto, (max-width: 604px) 100vw, 604px\" \/><\/figure>\n\n\n\n<p id=\"m189055-189054-189056\">El mandatario explic\u00f3 que el Gobierno se mantendr\u00e1 en sesi\u00f3n permanente para ayudar en todo lo que sea necesario, por lo que exhort\u00f3 a la poblaci\u00f3n que se encuentra en\u00a0<strong>zonas vulnerables<\/strong>\u00a0a trasladarse a lugares m\u00e1s seguros.<\/p>\n\n\n\n<p id=\"m189087-189086-189088\">\u201cLo que queremos es salvar vidas. Tomen las precauciones de lugar, como vemos aqu\u00ed las proyecciones son de mucha lluvia\u201d, apunt\u00f3.<\/p>\n\n\n\n<p id=\"m189092-189091-189093\">En la reuni\u00f3n estuvieron presentes los ministros de Trabajo, Eddy Olivares; de Educaci\u00f3n, Luis Miguel de Camps; de Administraci\u00f3n P\u00fablica, Sigmund Freund; adem\u00e1s de la directora del Instituto Dominicano de Meteorolog\u00eda (<strong>Indomet<\/strong>),&nbsp;<strong>Gloria Ceballos<\/strong>; el director del Centro de Operaciones de Emergencias (COE), Juan Manuel M\u00e9ndez, entre otros funcionarios y altos mandos militares.<\/p>\n\n\n\n<p id=\"m189097-189096-189098\">Asimismo, estuvieron presentes los alcaldes Dio Astacio, de Santo Domingo Este; Betty Geronimo, de Santo Domingo Norte<\/p>\n\n\n\n<p><strong>Lea tambi\u00e9n<\/strong><\/p>\n\n\n\n<h3 class=\"wp-block-heading\">comunicado de la presidencia<\/h3>\n\n\n\n<p id=\"m189107-189106-189108\">\u00abPresidente Abinader dispone suspensi\u00f3n de la docencia y las labores en los sectores p\u00fablico y privado por 48 horas en el&nbsp;<strong>Gran Santo<\/strong>&nbsp;y litoral Sur por&nbsp;<strong>tormenta Melissa<\/strong><\/p>\n\n\n\n<p id=\"m189112-189111-189113\">La&nbsp;<strong>suspensi\u00f3n de labores<\/strong>&nbsp;en sectores p\u00fablico y privados ser\u00e1 a partir de la 1:00 de la tarde<\/p>\n\n\n\n<p id=\"m189117-189116-189118\">Santo Domingo. El presidente Luis Abinader dispuso la suspensi\u00f3n de la docencia por 48 horas, desde este mi\u00e9rcoles 22 hasta el jueves 23, al igual que las labores en el sector publico y en el privado, a partir de la 1:00 de la tarde.<\/p>\n\n\n\n<p id=\"m189122-189121-189123\">Las medidas son efectivas en las provincias declaradas en alerta roja: el Gran Santo Domingo, San Crist\u00f3bal, Peravia, Azua, Barahona, Pedernales, San Jos\u00e9 de Ocoa y San Juan.<\/p>\n\n\n\n<p id=\"m189127-189126-189128\">En caso de que las autoridades emitan una alerta roja a otra provincia o demarcaci\u00f3n, las labores en el sector p\u00fablico quedaran suspendidas para este mi\u00e9rcoles, desde el momento que se de el aviso.<\/p>\n\n\n\n<p id=\"m189132-189131-189133\">No obstante, aquellos titulares de \u00f3rganos, entes y empresas p\u00fablicas podr\u00e1n establecer horarios de trabajos especiales cuando la instituci\u00f3n, por su naturaleza lo requiera, a fin de garantizar la prestaci\u00f3n de los servicios esenciales a la ciudadan\u00eda.<\/p>\n\n\n\n<p id=\"m189137-189136-189138\">En tanto, en alerta amarilla est\u00e1n La Vega, San Crist\u00f3bal, Santo Domingo, Distrito Nacional, La Romana, San Pedro de Macor\u00eds, San Jos\u00e9 de Ocoa, Peravia, La Altagracia, Monse\u00f1or Nouel, San Juan, Barahona, Pedernales y Azua, mientras que en verde est\u00e1n, S\u00e1nchez Ram\u00edrez, Mar\u00eda Trinidad S\u00e1nchez, Monte Plata, Saman\u00e1, Santiago, El Seibo, Independencia y Hato Mayor.<\/p>\n\n\n\n<p id=\"m189142-189141-189143\">Esta reuni\u00f3n se produce ante la evoluci\u00f3n de la tormenta tropical Melissa por el Sur del pa\u00eds y la amenaza de dejar acumulados entre 200 y 300 mil\u00edmetros de lluvia en amplias zonas del territorio nacional.<\/p>\n\n\n\n<p id=\"m189147-189146-189148\">La tormenta tropical Melissa se form\u00f3 este martes en el mar Caribe y gener\u00f3 avisos por fuertes lluvias y vientos para Hait\u00ed, Rep\u00fablica Dominicana y Jamaica.<\/p>\n\n\n\n<p id=\"m189152-189151-189153\">El Centro de Operaciones de Emergencia (COE) inform\u00f3 la activaci\u00f3n de 1,455 albergues en 14 provincias bajo alerta amarilla. Sobre todo con especial atenci\u00f3n a comunidades cercanas a ca\u00f1adas, cuencas fluviales y zonas de drenaje deficiente.<\/p>\n\n\n\n<p id=\"m189157-189156-189158\">Seg\u00fan pronostica INDOMET, en las pr\u00f3ximas horas se esperan acumulados de lluvias de hasta 300 mil\u00edmetros por lo que el COE reiter\u00f3 el llamado a la poblaci\u00f3n a mantenerse atenta a los boletines oficiales y a seguir las recomendaciones de las autoridades.<\/p>\n\n\n\n<p id=\"m189162-189161-189163\">Mientras esto ocurre, las instituciones del Estado continuar\u00e1n en sesi\u00f3n permanente para garantizar una respuesta coordinada y efectiva ante cualquier eventualidad.<\/p>\n\n\n\n<p id=\"m189167-189166-189168\">El jefe de Estado al pronunciar unas breves palabras exhort\u00f3 a la poblaci\u00f3n a dirigirse a lugares seguros, y al mismo tiempo afirm\u00f3 que todos los organismos de socorro de mantendr\u00e1n en sesi\u00f3n permanente, ya que lo importantes es salvar vidas y prevenir.<\/p>\n\n\n\n<p id=\"m189172-189171-189173\">El mandatario se reuni\u00f3 este martes junto a la vicepresidenta Raquel Pe\u00f1a con titulares de diferentes instituciones gubernamentales en el Palacio Nacional, y all\u00ed revisaron los planes de contingencia y establecieron las directrices necesarias para garantizar una respuesta oportuna y coordinada del Gobierno frente a cualquier eventualidad que pudiera surgir.<\/p>\n\n\n\n<p id=\"m189177-189176-189178\">Direcci\u00f3n de Prensa del Presidente\u00bb.<\/p>\n","protected":false},"excerpt":{"rendered":"<p>Por disposici\u00f3n del Gobierno, en las demarcaciones en alerta roja, la docencia fue suspendida tanto<\/p>\n","protected":false},"author":1,"featured_media":20572,"comment_status":"open","ping_status":"open","sticky":false,"template":"","format":"standard","meta":{"footnotes":""},"categories":[12],"tags":[],"class_list":["post-20570","post","type-post","status-publish","format-standard","has-post-thumbnail","hentry","category-nacionales"],"_links":{"self":[{"href":"https:\/\/samantharadionline.com\/index.php\/wp-json\/wp\/v2\/posts\/20570","targetHints":{"allow":["GET"]}}],"collection":[{"href":"https:\/\/samantharadionline.com\/index.php\/wp-json\/wp\/v2\/posts"}],"about":[{"href":"https:\/\/samantharadionline.com\/index.php\/wp-json\/wp\/v2\/types\/post"}],"author":[{"embeddable":true,"href":"https:\/\/samantharadionline.com\/index.php\/wp-json\/wp\/v2\/users\/1"}],"replies":[{"embeddable":true,"href":"https:\/\/samantharadionline.com\/index.php\/wp-json\/wp\/v2\/comments?post=20570"}],"version-history":[{"count":1,"href":"https:\/\/samantharadionline.com\/index.php\/wp-json\/wp\/v2\/posts\/20570\/revisions"}],"predecessor-version":[{"id":20573,"href":"https:\/\/samantharadionline.com\/index.php\/wp-json\/wp\/v2\/posts\/20570\/revisions\/20573"}],"wp:featuredmedia":[{"embeddable":true,"href":"https:\/\/samantharadionline.com\/index.php\/wp-json\/wp\/v2\/media\/20572"}],"wp:attachment":[{"href":"https:\/\/samantharadionline.com\/index.php\/wp-json\/wp\/v2\/media?parent=20570"}],"wp:term":[{"taxonomy":"category","embeddable":true,"href":"https:\/\/samantharadionline.com\/index.php\/wp-json\/wp\/v2\/categories?post=20570"},{"taxonomy":"post_tag","embeddable":true,"href":"https:\/\/samantharadionline.com\/index.php\/wp-json\/wp\/v2\/tags?post=20570"}],"curies":[{"name":"wp","href":"https:\/\/api.w.org\/{rel}","templated":true}]}}