{"id":20566,"date":"2025-10-22T09:44:25","date_gmt":"2025-10-22T13:44:25","guid":{"rendered":"https:\/\/samantharadionline.com\/?p=20566"},"modified":"2025-10-22T09:47:27","modified_gmt":"2025-10-22T13:47:27","slug":"el-hospital-nunca-va-a-decir-las-cosas-como-son","status":"publish","type":"post","link":"https:\/\/samantharadionline.com\/index.php\/2025\/10\/22\/el-hospital-nunca-va-a-decir-las-cosas-como-son\/","title":{"rendered":"El hospital \u201cnunca va a decir las cosas como son\u201d"},"content":{"rendered":"\n<p class=\"has-medium-font-size\"><em>Lisbeth Suriel, \u00abEllos utilizaron protocolos, limpi\u00e1ndome con ropas y s\u00e1banas sucias que me las quitaban a m\u00ed misma, yo drenando\u201d, manifest\u00f3<\/em><\/p>\n\n\n\n<p><strong>Lizbeth Chalas, Santo Domingo, RD<\/strong><\/p>\n\n\n\n<p id=\"m14974-14973-14975\">Ante las declaraciones del<strong>&nbsp;Hospital General Doctor Vinicio Calventi<\/strong>&nbsp;sobre la denuncia de&nbsp;<strong>Lisbeth Suriel<\/strong>&nbsp;de una supuesta mala praxis durante un parto por ces\u00e1rea, esta se\u00f1al\u00f3 que la direcci\u00f3n del centro \u201cnunca va a decir las cosas como son\u201d.<\/p>\n\n\n\n<p id=\"m14979-14978-14980\">\u201cYo quisiera que el director del hospital env\u00ede otra nota de prensa y explique, ya que \u00e9l habl\u00f3, y habl\u00f3 de lo que \u00e9l quiso; obviamente, \u00e9l no va a decir las cosas como son. Ellos utilizaron protocolos, limpi\u00e1ndome con ropas y s\u00e1banas sucias que me las quitaban a m\u00ed misma, yo drenando\u201d, manifest\u00f3.<\/p>\n\n\n\n<p id=\"m14984-14983-14985\">En ese sentido, Suriel neg\u00f3 haber llegado al centro m\u00e9dico con<strong>&nbsp;dolor abdominal&nbsp;<\/strong>y&nbsp;<strong>dificultad respiratoria<\/strong>&nbsp;seg\u00fan la versi\u00f3n del hospital en la que se\u00f1alaron que \u201cluego la paciente acudi\u00f3 al hospital por presentar dolor abdominal de fuerte intensidad, distensi\u00f3n abdominal y dificultad respiratoria; decide su ingreso para evaluar una posible perforaci\u00f3n de apendicitis (<strong>peritonitis<\/strong>); se realiza junta m\u00e9dica y se lleva a sala de cirug\u00eda\u201d.<\/p>\n\n\n\n<p><strong>Lea tambi\u00e9n<\/strong><\/p>\n\n\n\n<p id=\"m14994-14993-14995\">\u201c\u00bfPor qu\u00e9 el director, en lugar de mandarme a hacer tres sonograf\u00edas,&nbsp;<strong>no me nebulizaron<\/strong>, ni me hicieron placa en ese momento que yo volv\u00ed a ingresar al hospital el d\u00eda 08? Nunca llegu\u00e9 al hospital con dificultad respiratoria\u201d, asegur\u00f3 Suriel.<\/p>\n\n\n\n<p id=\"m14999-14998-15000\">Asimismo, explic\u00f3 que el tiempo de duraci\u00f3n en el centro fue de 12 d\u00edas, y se\u00f1al\u00f3 que ingres\u00f3 el 08 de septiembre y sali\u00f3 el 19 de ese mismo mes del hospital Calventi.<\/p>\n\n\n\n<p id=\"m15004-15003-15005\">\u201cYo dur\u00e9 12 d\u00edas, no fueron diez d\u00edas como dice \u00e9l, ya ustedes deben saber que \u00e9l ah\u00ed est\u00e1 mintiendo, que en ese director no se puede confiar, ni se puede creer\u201d, asegur\u00f3.<\/p>\n\n\n\n<p id=\"m15009-15008-15010\">Hasta el momento, seg\u00fan la&nbsp;<strong>Defensor\u00eda del Pueblo,<\/strong>&nbsp;contin\u00faan preparando el informe sobre el caso, y el&nbsp;<strong>Colegio M\u00e9dico Dominicano<\/strong>&nbsp;(<strong>CMD<\/strong>) no se ha pronunciado.<\/p>\n\n\n\n<p id=\"m15014-15013-15015\">Lisbeth Suriel, la joven madre de 24 a\u00f1os, denunci\u00f3 el pasado lunes la&nbsp;<strong>supuesta mala praxis&nbsp;<\/strong>que le realizaron cuando fue a dar a luz a su segundo hijo en el Hospital General Doctor Vinicio Calventi, ubicado en Santo Domingo Oeste.<\/p>\n\n\n\n<p id=\"m15019-15018-15020\">Esta explic\u00f3, que el viernes 5 de septiembre, por un diagn\u00f3stico de preeclampsia leve, se le realiz\u00f3 una ces\u00e1rea que supuestamente termin\u00f3 en una perforaci\u00f3n intestinal y la contenci\u00f3n de 1,800 CC de heces fecales \u201cregadas\u201d en su cuerpo.<\/p>\n\n\n\n<p id=\"m15024-15023-15025\">Ante la denuncia, el hospital dio su versi\u00f3n y manifest\u00f3 que Suriel dio a luz a trav\u00e9s de un procedimiento de ces\u00e1rea, \u201cen cuyo proceso el m\u00e9dico que intervino aplic\u00f3 el protocolo de rigor\u201d.<\/p>\n","protected":false},"excerpt":{"rendered":"<p>Lisbeth Suriel, \u00abEllos utilizaron protocolos, limpi\u00e1ndome con ropas y s\u00e1banas sucias que me las quitaban<\/p>\n","protected":false},"author":1,"featured_media":20567,"comment_status":"open","ping_status":"open","sticky":false,"template":"","format":"standard","meta":{"footnotes":""},"categories":[15],"tags":[],"class_list":["post-20566","post","type-post","status-publish","format-standard","has-post-thumbnail","hentry","category-salud"],"_links":{"self":[{"href":"https:\/\/samantharadionline.com\/index.php\/wp-json\/wp\/v2\/posts\/20566","targetHints":{"allow":["GET"]}}],"collection":[{"href":"https:\/\/samantharadionline.com\/index.php\/wp-json\/wp\/v2\/posts"}],"about":[{"href":"https:\/\/samantharadionline.com\/index.php\/wp-json\/wp\/v2\/types\/post"}],"author":[{"embeddable":true,"href":"https:\/\/samantharadionline.com\/index.php\/wp-json\/wp\/v2\/users\/1"}],"replies":[{"embeddable":true,"href":"https:\/\/samantharadionline.com\/index.php\/wp-json\/wp\/v2\/comments?post=20566"}],"version-history":[{"count":2,"href":"https:\/\/samantharadionline.com\/index.php\/wp-json\/wp\/v2\/posts\/20566\/revisions"}],"predecessor-version":[{"id":20569,"href":"https:\/\/samantharadionline.com\/index.php\/wp-json\/wp\/v2\/posts\/20566\/revisions\/20569"}],"wp:featuredmedia":[{"embeddable":true,"href":"https:\/\/samantharadionline.com\/index.php\/wp-json\/wp\/v2\/media\/20567"}],"wp:attachment":[{"href":"https:\/\/samantharadionline.com\/index.php\/wp-json\/wp\/v2\/media?parent=20566"}],"wp:term":[{"taxonomy":"category","embeddable":true,"href":"https:\/\/samantharadionline.com\/index.php\/wp-json\/wp\/v2\/categories?post=20566"},{"taxonomy":"post_tag","embeddable":true,"href":"https:\/\/samantharadionline.com\/index.php\/wp-json\/wp\/v2\/tags?post=20566"}],"curies":[{"name":"wp","href":"https:\/\/api.w.org\/{rel}","templated":true}]}}