{"id":20548,"date":"2025-10-21T18:09:29","date_gmt":"2025-10-21T22:09:29","guid":{"rendered":"https:\/\/samantharadionline.com\/?p=20548"},"modified":"2025-10-21T18:25:11","modified_gmt":"2025-10-21T22:25:11","slug":"abinader-se-reunira-a-las-630-pm-con-el-coe","status":"publish","type":"post","link":"https:\/\/samantharadionline.com\/index.php\/2025\/10\/21\/abinader-se-reunira-a-las-630-pm-con-el-coe\/","title":{"rendered":"Abinader se reunir\u00e1 a las 6:30 PM con el COE"},"content":{"rendered":"\n<p class=\"has-medium-font-size\"><em>Abordaran temas relacionados con educaci\u00f3n y horario laboral ante el paso de la reci\u00e9n convertida en tormenta. Se\u00a0prev\u00e9n lluvias hasta el s\u00e1bado por tormenta Melissa<\/em><\/p>\n\n\n\n<p><strong>R.L.D., Santo Domingo, RD\u00a0<\/strong><\/p>\n\n\n\n<p id=\"m105813-105812-105814\">El director del Centro de Operaciones de Emergencias (<strong>COE<\/strong>),<strong>&nbsp;Juan Manuel Mendez,<\/strong>&nbsp;manifest\u00f3 que el&nbsp;<strong>presidente Luis Abinader<\/strong>&nbsp;sostendr\u00e1 una reuni\u00f3n la tarde de este martes, para tratar sobre la<strong>&nbsp;tormenta tropical Melissa.<\/strong><\/p>\n\n\n\n<p id=\"m105818-105817-105819\">M\u00e9ndez precis\u00f3 que la reuni\u00f3n ser\u00e1 a las 6:30 de la tarde, donde adelant\u00f3 abordar\u00e1n temas relacionados con&nbsp;<strong>educaci\u00f3n<\/strong>&nbsp;y&nbsp;<strong>horario laboral<\/strong>&nbsp;ante el paso de la reci\u00e9n convertida en tormenta.<\/p>\n\n\n\n<p id=\"m105823-105822-105824\">\u201cRespecto a educaci\u00f3n y a otras aristas m\u00e1s que tiene que ver con la parte laboral, con el se\u00f1or presidente, a las 6:30 de la tarde, y de ah\u00ed se tomar\u00e1n las decisiones que tienen que ver con estos temas\u201d, se\u00f1al\u00f3.<\/p>\n\n\n\n<p id=\"m105828-105827-105829\">A\u00f1adi\u00f3 que desde el<strong>&nbsp;Centro de Operaciones de Emergencias<\/strong>&nbsp;mantendr\u00e1n actualizaciones sobre las incidencias de este sistema.<\/p>\n\n\n\n<p id=\"m105833-105832-105834\">De su lado, la directora del<strong>&nbsp;Instituto Dominicano de Meteorolog\u00eda<\/strong>&nbsp;(<strong>Indomet<\/strong>),&nbsp;<strong>Gloria Ceballos,&nbsp;<\/strong>asever\u00f3 que las lluvias se extender\u00e1n hasta el s\u00e1bado de esta semana, debido a que los&nbsp;<strong>pron\u00f3sticos&nbsp;<\/strong>indican que el sistema se ralentice, lo que provoca preocupaci\u00f3n con relaci\u00f3n a los acumulados de&nbsp;<strong>lluvias<\/strong>.<\/p>\n\n\n\n<p id=\"m105838-105837-105839\">\u201cVamos a tener unos d\u00edas de mucha lluvia, o sea los&nbsp;<strong>acumulados de lluvia<\/strong>&nbsp;muy importantes, sea que el sistema cruce por el territorio nacionalo sea que se siga desplazando lentamente hacia el oeste, las lluvias van a estar presentes, el campo nuboso de este sistema es muy amplio y las condiciones al sur nuestro son favorables para que se produzcan esas&nbsp;<strong>lluvias extraordinarias<\/strong>\u201d, dijo.<\/p>\n\n\n\n<p id=\"m105843-105842-105844\">En los escenarios de que su desplazamiento sea al oeste se tendr\u00edan unos acumulados de hasta 300 mil\u00edmetros, mientras que si este sistema se desplaza al&nbsp;<strong>sur del pa\u00eds<\/strong>&nbsp;o ingresa por&nbsp;<strong>Hait\u00ed<\/strong>, se esperan acumulados de lluvias de hasta<strong>&nbsp;500 mil\u00edmetros&nbsp;<\/strong>para este s\u00e1bado.<\/p>\n\n\n\n<p id=\"m105848-105847-105849\">Ceballos agreg\u00f3 que mantienen expectativas de que el&nbsp;<strong>mar Caribe<\/strong>&nbsp;le aporte energ\u00eda al sistema para que se convierta en un&nbsp;<strong>hurac\u00e1n categor\u00eda 1<\/strong>.<\/p>\n\n\n\n<h3 class=\"wp-block-heading\">Alertas<\/h3>\n\n\n\n<p id=\"m105853-105852-105854\">Se mantienen 13 provincias y al&nbsp;<strong>Distrito Nacional<\/strong>&nbsp;en<strong>&nbsp;alerta amarilla&nbsp;<\/strong>y mantiene nueve en verde.<\/p>\n\n\n\n<p id=\"m105858-105857-105859\">En alerta amarilla mantiene a La Vega, San Crist\u00f3bal, el Gran Santo Domingo, La Romana, San Pedro de Macor\u00eds, San Jos\u00e9 de Ocoa, Peravia, La Altagracia, Monse\u00f1or Nouel, San Juan, Pedernales, Azua y Barahona.<\/p>\n\n\n\n<p id=\"m105863-105862-105864\">En&nbsp;<strong>alerta verde<\/strong>&nbsp;se encuentran S\u00e1nchez Ram\u00edrez, Mar\u00eda Trinidad S\u00e1nchez, Monte Plata, Saman\u00e1, Santiago, El Seibo, Independencia, Hato Mayor y Bahoruco.&nbsp;<\/p>\n","protected":false},"excerpt":{"rendered":"<p>Abordaran temas relacionados con educaci\u00f3n y horario laboral ante el paso de la reci\u00e9n convertida<\/p>\n","protected":false},"author":1,"featured_media":20251,"comment_status":"open","ping_status":"open","sticky":false,"template":"","format":"standard","meta":{"footnotes":""},"categories":[12],"tags":[],"class_list":["post-20548","post","type-post","status-publish","format-standard","has-post-thumbnail","hentry","category-nacionales"],"_links":{"self":[{"href":"https:\/\/samantharadionline.com\/index.php\/wp-json\/wp\/v2\/posts\/20548","targetHints":{"allow":["GET"]}}],"collection":[{"href":"https:\/\/samantharadionline.com\/index.php\/wp-json\/wp\/v2\/posts"}],"about":[{"href":"https:\/\/samantharadionline.com\/index.php\/wp-json\/wp\/v2\/types\/post"}],"author":[{"embeddable":true,"href":"https:\/\/samantharadionline.com\/index.php\/wp-json\/wp\/v2\/users\/1"}],"replies":[{"embeddable":true,"href":"https:\/\/samantharadionline.com\/index.php\/wp-json\/wp\/v2\/comments?post=20548"}],"version-history":[{"count":1,"href":"https:\/\/samantharadionline.com\/index.php\/wp-json\/wp\/v2\/posts\/20548\/revisions"}],"predecessor-version":[{"id":20549,"href":"https:\/\/samantharadionline.com\/index.php\/wp-json\/wp\/v2\/posts\/20548\/revisions\/20549"}],"wp:featuredmedia":[{"embeddable":true,"href":"https:\/\/samantharadionline.com\/index.php\/wp-json\/wp\/v2\/media\/20251"}],"wp:attachment":[{"href":"https:\/\/samantharadionline.com\/index.php\/wp-json\/wp\/v2\/media?parent=20548"}],"wp:term":[{"taxonomy":"category","embeddable":true,"href":"https:\/\/samantharadionline.com\/index.php\/wp-json\/wp\/v2\/categories?post=20548"},{"taxonomy":"post_tag","embeddable":true,"href":"https:\/\/samantharadionline.com\/index.php\/wp-json\/wp\/v2\/tags?post=20548"}],"curies":[{"name":"wp","href":"https:\/\/api.w.org\/{rel}","templated":true}]}}