{"id":20538,"date":"2025-10-21T18:00:51","date_gmt":"2025-10-21T22:00:51","guid":{"rendered":"https:\/\/samantharadionline.com\/?p=20538"},"modified":"2025-10-21T18:00:52","modified_gmt":"2025-10-21T22:00:52","slug":"melissa-inunda-y-entapona-parte-de-santo-domingo","status":"publish","type":"post","link":"https:\/\/samantharadionline.com\/index.php\/2025\/10\/21\/melissa-inunda-y-entapona-parte-de-santo-domingo\/","title":{"rendered":"Melissa inunda y entapona parte de Santo Domingo"},"content":{"rendered":"\n<p class=\"has-medium-font-size\"><em>Incluye la ca\u00edda de un sem\u00e1foro en la Av. 30 de Mayo<\/em> <em>debido a las r\u00e1fagas de viento y la intensidad de la lluvia<\/em><\/p>\n\n\n\n<figure class=\"wp-block-image\"><img decoding=\"async\" src=\"https:\/\/listindiario.com\/files\/image_60_60\/uploads\/2025\/01\/21\/678fb9bbee568.png\" alt=\"Avatar del Yeil\u00edn Pe\u00f1a\"\/><\/figure>\n\n\n\n<p><strong><em>\u00a0<\/em>Yeil\u00edn Pe\u00f1a, Santo Domingo, RD<\/strong><\/p>\n\n\n\n<p id=\"m55732-55731-55733\">Las&nbsp;<strong>lluvias<\/strong>&nbsp;causadas por la<strong>&nbsp;tormenta tropical Melissa<\/strong>&nbsp;han generado&nbsp;<strong>inundaciones<\/strong>&nbsp;y entaponamientos en distintos puntos de&nbsp;<strong>Santo Domingo&nbsp;<\/strong>durante la tarde de este martes.<\/p>\n\n\n\n<p id=\"m55737-55736-55738\">En el sector\u00a0<strong>Los Tres Brazos<\/strong>, en Santo Domingo Este, se reportaron inundaciones mientras que, en las avenidas<strong>\u00a0Independencia<\/strong>,\u00a0<strong>Sarasota y Luper\u00f3n<\/strong>, se registraron charcos que han dificultado el tr\u00e1nsito vehicular.<\/p>\n\n\n\n<p id=\"m55747-55746-55748\">En la avenida<strong>\u00a027 de febrero<\/strong>\u00a0se han producido fuertes\u00a0<strong>tapones<\/strong>, producto del c\u00famulo de agua. Mientras, en la avenida 30 de Mayo, un sem\u00e1foro colaps\u00f3 debido a las r\u00e1fagas de viento y la intensidad de la lluvia.<\/p>\n\n\n\n<p id=\"m55757-55756-55758\">Los incidentes han quedado evidenciados a trav\u00e9s de videos enviados a este medio.<\/p>\n\n\n\n<p id=\"m55762-55761-55763\">Las autoridades exhortaron a la poblaci\u00f3n a mantenerse atenta a los pr\u00f3ximos boletines oficiales del&nbsp;<strong>Centro de Operaciones de Emergencias<\/strong>&nbsp;(<strong>COE<\/strong>) y evitar desplazamientos innecesarios mientras persistan las lluvias.<\/p>\n\n\n\n<figure class=\"wp-block-image\" id=\"m55767-55766-55768\"><img decoding=\"async\" src=\"https:\/\/listindiario.com\/files\/vertical_main_image\/uploads\/2025\/10\/21\/68f7f8b99db5a.jpeg\" alt=\"Larga hilera de autos en el paso a desnivel de la 27 de Febrero esquina M\u00e1ximo G\u00f3mez, en la capital dominicana, como una de las consecuencias de las lluvias que deja en el pa\u00eds la tormenta Melissa\"\/><figcaption class=\"wp-element-caption\">Larga hilera de autos en el paso a desnivel de la 27 de Febrero esquina M\u00e1ximo G\u00f3mez, en la capital dominicana, como una de las consecuencias de las lluvias que deja en el pa\u00eds la tormenta MelissaJorge Luis Martinez\/LD<\/figcaption><\/figure>\n\n\n\n<p id=\"m55779-55778-55780\">El&nbsp;<strong>Centro Nacional de Huracanes<\/strong>&nbsp;(<strong>NHC<\/strong>, en ingl\u00e9s) de Estados Unidos comunic\u00f3 que Melissa se form\u00f3 este martes en el mar Caribe y avis\u00f3 fuertes lluvias en Hait\u00ed, RD y Jamaica.<\/p>\n","protected":false},"excerpt":{"rendered":"<p>Incluye la ca\u00edda de un sem\u00e1foro en la Av. 30 de Mayo debido a las<\/p>\n","protected":false},"author":1,"featured_media":20539,"comment_status":"open","ping_status":"open","sticky":false,"template":"","format":"standard","meta":{"footnotes":""},"categories":[12],"tags":[],"class_list":["post-20538","post","type-post","status-publish","format-standard","has-post-thumbnail","hentry","category-nacionales"],"_links":{"self":[{"href":"https:\/\/samantharadionline.com\/index.php\/wp-json\/wp\/v2\/posts\/20538","targetHints":{"allow":["GET"]}}],"collection":[{"href":"https:\/\/samantharadionline.com\/index.php\/wp-json\/wp\/v2\/posts"}],"about":[{"href":"https:\/\/samantharadionline.com\/index.php\/wp-json\/wp\/v2\/types\/post"}],"author":[{"embeddable":true,"href":"https:\/\/samantharadionline.com\/index.php\/wp-json\/wp\/v2\/users\/1"}],"replies":[{"embeddable":true,"href":"https:\/\/samantharadionline.com\/index.php\/wp-json\/wp\/v2\/comments?post=20538"}],"version-history":[{"count":1,"href":"https:\/\/samantharadionline.com\/index.php\/wp-json\/wp\/v2\/posts\/20538\/revisions"}],"predecessor-version":[{"id":20540,"href":"https:\/\/samantharadionline.com\/index.php\/wp-json\/wp\/v2\/posts\/20538\/revisions\/20540"}],"wp:featuredmedia":[{"embeddable":true,"href":"https:\/\/samantharadionline.com\/index.php\/wp-json\/wp\/v2\/media\/20539"}],"wp:attachment":[{"href":"https:\/\/samantharadionline.com\/index.php\/wp-json\/wp\/v2\/media?parent=20538"}],"wp:term":[{"taxonomy":"category","embeddable":true,"href":"https:\/\/samantharadionline.com\/index.php\/wp-json\/wp\/v2\/categories?post=20538"},{"taxonomy":"post_tag","embeddable":true,"href":"https:\/\/samantharadionline.com\/index.php\/wp-json\/wp\/v2\/tags?post=20538"}],"curies":[{"name":"wp","href":"https:\/\/api.w.org\/{rel}","templated":true}]}}