{"id":20535,"date":"2025-10-21T13:22:50","date_gmt":"2025-10-21T17:22:50","guid":{"rendered":"https:\/\/samantharadionline.com\/?p=20535"},"modified":"2025-10-21T13:22:51","modified_gmt":"2025-10-21T17:22:51","slug":"melissa-podria-ser-un-huracan-al-acercarse-a-haiti","status":"publish","type":"post","link":"https:\/\/samantharadionline.com\/index.php\/2025\/10\/21\/melissa-podria-ser-un-huracan-al-acercarse-a-haiti\/","title":{"rendered":"Melissa podr\u00eda ser un hurac\u00e1n al acercarse a Hait\u00ed"},"content":{"rendered":"\n<p class=\"has-medium-font-size\"><em>El NHC emiti\u00f3 una vigilancia de hurac\u00e1n para la pen\u00ednsula sur de Hait\u00ed, desde la frontera con Rep\u00fablica Dominicana hasta Puerto Pr\u00edncipe<\/em><\/p>\n\n\n\n<figure class=\"wp-block-image\"><img decoding=\"async\" src=\"https:\/\/listindiario.com\/files\/image_60_60\/uploads\/2023\/05\/23\/646cd02f4f53e.jpeg\" alt=\"Avatar del Agencia EFE\"\/><\/figure>\n\n\n\n<p><strong>\u00a0Agencia EFE, Miami, EE.UU.<\/strong><\/p>\n\n\n\n<p id=\"m145460-145459-145461\">La\u00a0<strong>tormenta tropical Melissa\u00a0<\/strong>se form\u00f3 este martes en el mar Caribe y gener\u00f3 avisos por fuertes lluvias y vientos para\u00a0<strong>Hait\u00ed<\/strong>,\u00a0<strong>Rep\u00fablica Dominicana<\/strong>\u00a0y Jamaica, inform\u00f3 el\u00a0<strong>Centro Nacional de Huracanes (NHC, en ingl\u00e9s)\u00a0<\/strong>de Estados Unidos.<\/p>\n\n\n\n<p id=\"m145465-145464-145466\">El NHC emiti\u00f3 una vigilancia de hurac\u00e1n para la&nbsp;<strong>pen\u00ednsula sur de Hait\u00ed<\/strong>, desde la frontera con Rep\u00fablica Dominicana hasta&nbsp;<strong>Puerto Pr\u00edncipe<\/strong>, mientras que el Gobierno de&nbsp;<strong>Jamaica&nbsp;<\/strong>activ\u00f3 una vigilancia de tormenta tropical para toda la isla.<\/p>\n\n\n\n<p id=\"m145470-145469-145471\"><strong>Melissa<\/strong>&nbsp;se encuentra actualmente unos 480 kil\u00f3metros al sur de&nbsp;<strong>Puerto Pr\u00edncipe,<\/strong>&nbsp;con vientos m\u00e1ximos sostenidos de 85 kil\u00f3metros por hora y se espera que pueda convertirse en hurac\u00e1n durante el fin de semana.<\/p>\n\n\n\n<figure class=\"wp-block-image\" id=\"m145475-145474-145476\"><img decoding=\"async\" src=\"https:\/\/listindiario.com\/files\/vertical_main_image\/uploads\/2025\/10\/21\/68f7bc8c255a6.png\" alt=\"Tormenta tropical Melissa\"\/><figcaption class=\"wp-element-caption\">Tormenta tropical MelissaFuente externa<\/figcaption><\/figure>\n\n\n\n<p id=\"m145487-145486-145488\">El organismo, con sede en&nbsp;<strong>Miami<\/strong>, indic\u00f3 que la tormenta se desplaza a unos 22 kil\u00f3metros por hora en direcci\u00f3n oeste, aunque espera que gire hacia el noroeste y el norte durante los pr\u00f3ximos d\u00edas, acerc\u00e1ndose al&nbsp;<strong>suroeste de Hait\u00ed y Jamaica&nbsp;<\/strong>a finales de esta semana.<\/p>\n\n\n\n<p id=\"m145492-145491-145493\">A\u00f1adi\u00f3 que&nbsp;<strong>Melissa&nbsp;<\/strong>podr\u00eda tener condiciones de hurac\u00e1n en el \u00e1rea de vigilancia de&nbsp;<strong>Hait\u00ed&nbsp;<\/strong>a partir del jueves y dejar\u00e1 entre 12,7 y 25,4 cent\u00edmetros de lluvia hasta el viernes en&nbsp;<strong>Hait\u00ed&nbsp;<\/strong>y&nbsp;<strong>Rep\u00fablica Dominicana.<\/strong><\/p>\n\n\n\n<p id=\"m145497-145496-145498\">Las&nbsp;<strong>lluvias&nbsp;<\/strong>continuar\u00e1n durante el fin de semana, aunque el NHC se\u00f1al\u00f3 que \u00abla incertidumbre sobre la trayectoria y la velocidad de avance de&nbsp;<strong>Melissa&nbsp;<\/strong>reduce la confianza en las cantidades exactas\u00bb.<\/p>\n\n\n\n<p id=\"m145502-145501-145503\">\u00abLas preparaciones para proteger la vida y las propiedades deber\u00edan estar completadas para el jueves\u00bb, insisti\u00f3.<\/p>\n\n\n\n<p id=\"m145507-145506-145508\">Adem\u00e1s, agreg\u00f3 que espera lluvias de entre 2,5 y 7,6 cent\u00edmetros en&nbsp;<strong>Aruba<\/strong>,&nbsp;<strong>Puerto Rico&nbsp;<\/strong>y&nbsp;<strong>Jamaica&nbsp;<\/strong>hasta el viernes, y advirti\u00f3 de posibles \u00abinundaciones repentinas y urbanas en todo<strong>&nbsp;Puerto Rico<\/strong>\u00bb al menos hasta ese d\u00eda.<\/p>\n\n\n\n<p id=\"m145512-145511-145513\">Tambi\u00e9n pidi\u00f3 que&nbsp;<strong>Cuba&nbsp;<\/strong>est\u00e9 atento a los \u00faltimos boletines para seguir la trayectoria del sistema.<\/p>\n\n\n\n<p id=\"m145517-145516-145518\">Hasta ahora suman 13 ciclones este a\u00f1o en el&nbsp;<strong>Atl\u00e1ntico<\/strong>: los huracanes&nbsp;<strong>Erin<\/strong>, Gabrielle, Humberto e Imelda, y las tormentas Andrea, Barry, Chantal, Dexter, Fernand, Jerry, Karen, Lorenzo y&nbsp;<strong>Melissa<\/strong>, de las que&nbsp;<strong>Chantal&nbsp;<\/strong>ha sido la \u00fanica en tocar tierra este a\u00f1o en Estados Unidos, donde caus\u00f3 dos muertos en julio en Carolina del Norte.<\/p>\n\n\n\n<p id=\"m145522-145521-145523\">La Administraci\u00f3n Nacional Oce\u00e1nica y Atmosf\u00e9rica (<strong>NOAA<\/strong>, en ingl\u00e9s) predijo una temporada cicl\u00f3nica \u00absuperior a lo normal\u00bb, al estimar entre<strong>&nbsp;13 y 18 tormentas tropicales<\/strong>, de las que entre cinco y nueve podr\u00edan transformarse en huracanes.<\/p>\n","protected":false},"excerpt":{"rendered":"<p>El NHC emiti\u00f3 una vigilancia de hurac\u00e1n para la pen\u00ednsula sur de Hait\u00ed, desde la<\/p>\n","protected":false},"author":1,"featured_media":20536,"comment_status":"open","ping_status":"open","sticky":false,"template":"","format":"standard","meta":{"footnotes":""},"categories":[4],"tags":[],"class_list":["post-20535","post","type-post","status-publish","format-standard","has-post-thumbnail","hentry","category-mundiales"],"_links":{"self":[{"href":"https:\/\/samantharadionline.com\/index.php\/wp-json\/wp\/v2\/posts\/20535","targetHints":{"allow":["GET"]}}],"collection":[{"href":"https:\/\/samantharadionline.com\/index.php\/wp-json\/wp\/v2\/posts"}],"about":[{"href":"https:\/\/samantharadionline.com\/index.php\/wp-json\/wp\/v2\/types\/post"}],"author":[{"embeddable":true,"href":"https:\/\/samantharadionline.com\/index.php\/wp-json\/wp\/v2\/users\/1"}],"replies":[{"embeddable":true,"href":"https:\/\/samantharadionline.com\/index.php\/wp-json\/wp\/v2\/comments?post=20535"}],"version-history":[{"count":1,"href":"https:\/\/samantharadionline.com\/index.php\/wp-json\/wp\/v2\/posts\/20535\/revisions"}],"predecessor-version":[{"id":20537,"href":"https:\/\/samantharadionline.com\/index.php\/wp-json\/wp\/v2\/posts\/20535\/revisions\/20537"}],"wp:featuredmedia":[{"embeddable":true,"href":"https:\/\/samantharadionline.com\/index.php\/wp-json\/wp\/v2\/media\/20536"}],"wp:attachment":[{"href":"https:\/\/samantharadionline.com\/index.php\/wp-json\/wp\/v2\/media?parent=20535"}],"wp:term":[{"taxonomy":"category","embeddable":true,"href":"https:\/\/samantharadionline.com\/index.php\/wp-json\/wp\/v2\/categories?post=20535"},{"taxonomy":"post_tag","embeddable":true,"href":"https:\/\/samantharadionline.com\/index.php\/wp-json\/wp\/v2\/tags?post=20535"}],"curies":[{"name":"wp","href":"https:\/\/api.w.org\/{rel}","templated":true}]}}