{"id":20533,"date":"2025-10-21T13:20:33","date_gmt":"2025-10-21T17:20:33","guid":{"rendered":"https:\/\/samantharadionline.com\/?p=20533"},"modified":"2025-10-21T18:27:30","modified_gmt":"2025-10-21T22:27:30","slug":"confirman-condenas-de-el-dotolcito-y-chiquito-por-muerte-de-joshua-fernandez","status":"publish","type":"post","link":"https:\/\/samantharadionline.com\/index.php\/2025\/10\/21\/confirman-condenas-de-el-dotolcito-y-chiquito-por-muerte-de-joshua-fernandez\/","title":{"rendered":"Confirman condenas de \u00abEl Dotolcito\u00bb y \u00abChiquito\u00bb por muerte de Joshua Fern\u00e1ndez"},"content":{"rendered":"\n<p class=\"has-medium-font-size\"><em>La Corte concluy\u00f3 que el imputado actu\u00f3 con pleno conocimiento de la ilicitud de su conducta, y que la facilitaci\u00f3n del transporte no fue un acto neutral, sino parte del aparato organizativo del delito<\/em><\/p>\n\n\n\n<figure class=\"wp-block-image\"><img decoding=\"async\" src=\"https:\/\/listindiario.com\/files\/image_60_60\/uploads\/2023\/05\/11\/645d0fa7541ad.png\" alt=\"Avatar del Ram\u00f3n Cruz Benz\u00e1n\"\/><\/figure>\n\n\n\n<p><strong><em>\u00a0<\/em>Ram\u00f3n Cruz Benz\u00e1n, Santo Domingo, RD.\u00a0<\/strong><\/p>\n\n\n\n<p id=\"m54990-54989-54991\">La Segunda Sala Penal de la Suprema Corte de Justicia&nbsp;<strong>ratific\u00f3 de manera definitiva las condenas<\/strong>&nbsp;impuestas a Wesly Vincent Carmona Corcino, \u201cEl Dotolcito\u201d, y a Allyson de Jes\u00fas P\u00e9rez Mej\u00eda, \u201cChiquito\u201d, por su participaci\u00f3n en la muerte del joven Joshua Fern\u00e1ndez el 16 de abril de 2023.<\/p>\n\n\n\n<p id=\"m54995-54994-54996\">En el dispositivo de la sentencia, el tribunal presidido por Francisco Antonio Jerez Mena, confirm\u00f3 la condena de 30 a\u00f1os de prisi\u00f3n en contra de&nbsp;<strong>Allyson de Jes\u00fas P\u00e9rez Mej\u00eda (Chiquito) y 15 a\u00f1os en contra de Wesly Vincent Carmona Corcino.<\/strong><\/p>\n\n\n\n<p id=\"m55000-54999-55001\">El tribunal integrado, adem\u00e1s, por Nancy Salcedo, Fran Soto, Mar\u00eda Garabito y Francisco Antonio Ortega Polanco,&nbsp;<strong>orden\u00f3 notificar la sentencia a los jueces de la ejecuci\u00f3n de la pena<\/strong>&nbsp;de los departamentos judiciales de Santo Domingo y San Crist\u00f3bal para los fines de rigor.<\/p>\n\n\n\n<p id=\"m55005-55004-55006\">El tribunal tom\u00f3 la decisi\u00f3n al&nbsp;<strong>rechazar los recursos de casaci\u00f3n interpuestos por la defensa de los imputados, doctores Carlos Balcacer<\/strong>&nbsp;y Waldo Paulino, lo que consolida la sentencia emitida previamente por la Segunda Sala Penal de la Corte de Apelaci\u00f3n del Distrito Nacional.<\/p>\n\n\n\n<p id=\"m55010-55009-55011\">La Suprema desestim\u00f3 los argumentos de la defensa de&nbsp;<strong>Carmona Corcino, quien cuestionaba su condena como coautor.<\/strong><\/p>\n\n\n\n<p id=\"m55015-55014-55016\">El tribunal de casaci\u00f3n consider\u00f3 que la participaci\u00f3n del recurrente, consistente en la coordinaci\u00f3n del transporte antes y despu\u00e9s del hecho mediante un tercero de su confianza, result\u00f3 esencial.<\/p>\n\n\n\n<p id=\"m55020-55019-55021\">\u00ab<strong>En el caso, la participaci\u00f3n del recurrente<\/strong>&#8230; result\u00f3 esencial, pues sin ella la ejecuci\u00f3n del delito y la huida&nbsp;<strong>no habr\u00edan tenido la misma efectividad<\/strong>. Consecuentemente, se trat\u00f3 de un acto codecisivo o esencial, en tanto refleja el control de una parte vital de los hechos, por lo que se encuentra justificada su condena como coautor, en virtud del principio de dominio funcional del hecho,\u00bb se\u00f1ala el fallo.<\/p>\n\n\n\n<p id=\"m55025-55024-55026\">La Corte&nbsp;<strong>concluy\u00f3 que el imputado actu\u00f3 con pleno conocimiento de la ilicitud de su conducta<\/strong>, y que la facilitaci\u00f3n del transporte no fue un acto neutral, sino parte del aparato organizativo del delito. Adem\u00e1s que rechaz\u00f3 a alegatos de contradicci\u00f3n.<\/p>\n\n\n\n<p id=\"m55030-55029-55031\">Respecto al&nbsp;<strong>alegato de que exist\u00eda una contradicci\u00f3n en el fallo por la menci\u00f3n de que el taxista Danil Ram\u00edrez Santana<\/strong>&nbsp;colabor\u00f3 con el crimen sin haber sido sometido a la acci\u00f3n de la justicia, la Suprema Corte lo rechaz\u00f3.<\/p>\n\n\n\n<p id=\"m55035-55034-55036\">Los jueces determinaron que la menci\u00f3n sobre la colaboraci\u00f3n del testigo fue una&nbsp;<strong>apreciaci\u00f3n f\u00e1ctica de la declaraci\u00f3n<\/strong>&nbsp;incorporada al juicio oral.<\/p>\n\n\n\n<p id=\"m55040-55039-55041\">Por lo tanto, no se incurri\u00f3 en doble valoraci\u00f3n ni en contradicciones que vulneren los principios de inmediaci\u00f3n y contradicci\u00f3n.<\/p>\n\n\n\n<p id=\"m55045-55044-55046\">Al rechazar los recursos de casaci\u00f3n, la Segunda Sala concluy\u00f3 que&nbsp;<strong>no se advierte vulneraci\u00f3n al principio de legalidad ni error en la subsunci\u00f3n normativa.<\/strong><\/p>\n\n\n\n<p id=\"m55050-55049-55051\">Cabe recordar que la Segunda Sala Penal de la Corte de Apelaci\u00f3n del Distrito Nacional&nbsp;<strong>confirm\u00f3 las condenas de 15 y 30 a\u00f1os<\/strong>&nbsp;de prisi\u00f3n dictadas en contra ambos por el Segundo Tribunal Colegiado del Distrito Nacional, el pasado 24 de abril de 2024.<\/p>\n\n\n\n<p id=\"m55055-55054-55056\">En este caso tambi\u00e9n fue confirmada la condena de&nbsp;<strong>20 a\u00f1os de prisi\u00f3n en contra de Luis Brito Troncoso (Luisito)<\/strong>.<\/p>\n\n\n\n<p id=\"m55060-55059-55061\">Por el crimen, el Ministerio P\u00fablico solicitaba una condena de 3<strong>0 a\u00f1os de prisi\u00f3n para El Dotolcito<\/strong>, mientras que para Chiquito y Brito Troncoso pidi\u00f3 que fueran sentenciados a 40 a\u00f1os de prisi\u00f3n.<\/p>\n\n\n\n<p id=\"m55065-55064-55066\">El joven Joshua Fern\u00e1ndez fue v\u00edctima de un atraco perpetrado contra terceros en las afueras de la discoteca&nbsp;<strong>Kiss Bar del ensanche Naco el 16 de abril de 2023.<\/strong><\/p>\n\n\n\n<p id=\"m55070-55069-55071\">En este hecho, que constern\u00f3 a la sociedad dominicana, \u00abChiquito\u00bb result\u00f3 ser la persona que jal\u00f3 el gatillo, mientras que los dem\u00e1s se\u00f1alados fueron acusados de ser part\u00edcipes directos o de haber facilitado el arma para el atraco que result\u00f3 en la muerte.<\/p>\n","protected":false},"excerpt":{"rendered":"<p>La Corte concluy\u00f3 que el imputado actu\u00f3 con pleno conocimiento de la ilicitud de su<\/p>\n","protected":false},"author":1,"featured_media":20558,"comment_status":"open","ping_status":"open","sticky":false,"template":"","format":"standard","meta":{"footnotes":""},"categories":[12],"tags":[],"class_list":["post-20533","post","type-post","status-publish","format-standard","has-post-thumbnail","hentry","category-nacionales"],"_links":{"self":[{"href":"https:\/\/samantharadionline.com\/index.php\/wp-json\/wp\/v2\/posts\/20533","targetHints":{"allow":["GET"]}}],"collection":[{"href":"https:\/\/samantharadionline.com\/index.php\/wp-json\/wp\/v2\/posts"}],"about":[{"href":"https:\/\/samantharadionline.com\/index.php\/wp-json\/wp\/v2\/types\/post"}],"author":[{"embeddable":true,"href":"https:\/\/samantharadionline.com\/index.php\/wp-json\/wp\/v2\/users\/1"}],"replies":[{"embeddable":true,"href":"https:\/\/samantharadionline.com\/index.php\/wp-json\/wp\/v2\/comments?post=20533"}],"version-history":[{"count":1,"href":"https:\/\/samantharadionline.com\/index.php\/wp-json\/wp\/v2\/posts\/20533\/revisions"}],"predecessor-version":[{"id":20534,"href":"https:\/\/samantharadionline.com\/index.php\/wp-json\/wp\/v2\/posts\/20533\/revisions\/20534"}],"wp:featuredmedia":[{"embeddable":true,"href":"https:\/\/samantharadionline.com\/index.php\/wp-json\/wp\/v2\/media\/20558"}],"wp:attachment":[{"href":"https:\/\/samantharadionline.com\/index.php\/wp-json\/wp\/v2\/media?parent=20533"}],"wp:term":[{"taxonomy":"category","embeddable":true,"href":"https:\/\/samantharadionline.com\/index.php\/wp-json\/wp\/v2\/categories?post=20533"},{"taxonomy":"post_tag","embeddable":true,"href":"https:\/\/samantharadionline.com\/index.php\/wp-json\/wp\/v2\/tags?post=20533"}],"curies":[{"name":"wp","href":"https:\/\/api.w.org\/{rel}","templated":true}]}}