{"id":20515,"date":"2025-10-20T08:58:07","date_gmt":"2025-10-20T12:58:07","guid":{"rendered":"https:\/\/samantharadionline.com\/?p=20515"},"modified":"2025-10-20T08:58:08","modified_gmt":"2025-10-20T12:58:08","slug":"lluvias-para-este-lunes-mientras-indomet-vigila-onda-tropical","status":"publish","type":"post","link":"https:\/\/samantharadionline.com\/index.php\/2025\/10\/20\/lluvias-para-este-lunes-mientras-indomet-vigila-onda-tropical\/","title":{"rendered":"Lluvias para este lunes mientras Indomet vigila onda tropical"},"content":{"rendered":"\n<p class=\"has-medium-font-size\"><em>Las lluvias disminuir\u00e1n gradualmente, sin embargo, hacia los poblados cercanos al litoral Atl\u00e1ntico y Caribe\u00f1o seguir\u00e1n ocurriendo precipitaciones aisladas y pasajeras<\/em><\/p>\n\n\n\n<p><strong>R.L.D., Santo Domingo, RD\u00a0<\/strong><\/p>\n\n\n\n<p id=\"m38599-38598-38600\">El&nbsp;<strong>Instituto Dominicano de Meteorolog\u00eda (Indomet)<\/strong>&nbsp;inform\u00f3 que para la ma\u00f1ana de este lunes se registrar\u00e1n chubascos aislados en Puerto Plata, Espaillat, Saman\u00e1 y Mar\u00eda Trinidad S\u00e1nchez.<\/p>\n\n\n\n<p id=\"m38604-38603-38605\">Para la tarde, el Indomet pronostic\u00f3 que los efectos de una onda tropical provocar\u00e1&nbsp;<strong>ocurrencia de aguaceros de moderados a fuertes,<\/strong>&nbsp;acompa\u00f1ados de tormentas el\u00e9ctricas y r\u00e1fagas de viento sobre&nbsp;<strong>el Gran Santo Domingo,<\/strong>&nbsp;La Altagracia, San Pedro de Macor\u00eds, La Romana, El Seibo, Hato Mayor.<\/p>\n\n\n\n<p id=\"m38609-38608-38610\">As\u00ed como en La Vega, Santiago, Santiago Rodr\u00edguez,&nbsp;<strong>Puerto Plata,<\/strong>&nbsp;Valverde, Monte Cristi, Dajab\u00f3n, San Juan, San Jos\u00e9 de Ocoa,&nbsp;<strong>Hermanas Mirabal,<\/strong>&nbsp;Espaillat, Monte Plata, Monse\u00f1or Nouel, Azua y Saman\u00e1.<\/p>\n\n\n\n<p id=\"m38614-38613-38615\">El Indomet pronostic\u00f3 que para la noche y madrugada, las&nbsp;<strong>lluvias disminuir\u00e1n gradualmente,<\/strong>&nbsp;sin embargo, hacia los poblados cercanos al litoral Atl\u00e1ntico y Caribe\u00f1o seguir\u00e1n ocurriendo precipitaciones aisladas y pasajeras.<\/p>\n\n\n\n<p id=\"m38619-38618-38620\">Debido a las lluvias registradas en los \u00faltimos d\u00edas, se mantiene aviso y alerta meteorol\u00f3gica ante el riesgo de inundaciones urbanas y rurales, as\u00ed como, desbordamiento de r\u00edos, arroyos y ca\u00f1adas, principalmente en distintas localidades vulnerables.<\/p>\n\n\n\n<p id=\"m38624-38623-38625\">En alerta mantienen a&nbsp;<strong>Saman\u00e1<\/strong>, Puerto Plata, Espaillat, Mar\u00eda Trinidad S\u00e1nchez, Monte Plata,&nbsp;<strong>Hermanas Mirabal,<\/strong>&nbsp;Hato Mayor, El Seibo, San Jos\u00e9 de Ocoa, La Altagracia, Santiago Rodr\u00edguez,&nbsp;<strong>Duarte<\/strong>,&nbsp;<strong>Santiago<\/strong>, S\u00e1nchez Ram\u00edrez, Valverde y El\u00edas Pi\u00f1a.<\/p>\n\n\n\n<p id=\"m38629-38628-38630\">Mientras que en aviso mantienen La Vega y Monse\u00f1or Nouel.<\/p>\n\n\n\n<p id=\"m38634-38633-38635\">Se mantiene seguimiento a una activa onda tropical ubicada a cientos de kil\u00f3metros al oeste&nbsp;<strong>islas de Barlovento<\/strong>&nbsp;sobre aguas del mar Caribe, se prev\u00e9 contin\u00fae desplaz\u00e1ndose hacia al oeste, generando&nbsp;<strong>desarrollos nubosos significativos<\/strong>&nbsp;acompa\u00f1ados de tormentas el\u00e9ctricas y r\u00e1fagas de viento, a medida que se desplace sobre aguas del mar Caribe durante los pr\u00f3ximos d\u00edas.<\/p>\n\n\n\n<p id=\"m38639-38638-38640\">Este fen\u00f3meno tiene una probabilidad de 30% de desarrollo cicl\u00f3nico en las pr\u00f3ximas 48 horas y 70% en los pr\u00f3ximos siete d\u00edas.<\/p>\n\n\n\n<h3 class=\"wp-block-heading\">Condiciones mar\u00edtimas<\/h3>\n\n\n\n<p id=\"m38644-38643-38645\">A los operadores de fr\u00e1giles, peque\u00f1as y medianas embarcaciones de la costa Atl\u00e1ntica se le recomienda permanecer en puerto, debido a viento fuerte y oleaje peligroso.<\/p>\n\n\n\n<p id=\"m38649-38648-38650\">Tambi\u00e9n se les recomienda a ba\u00f1istas y usuarios, consultar autoridades locales antes de hacer uso de las playas, por posibles corrientes de resaca y mar de fondo.<\/p>\n\n\n\n<p id=\"m38654-38653-38655\">En la costa caribe\u00f1a condiciones mar\u00edtimas normales, sin embargo, esta tarde el oleaje comenzar\u00e1 a deteriorarse progresivamente mar adentro.<\/p>\n","protected":false},"excerpt":{"rendered":"<p>Las lluvias disminuir\u00e1n gradualmente, sin embargo, hacia los poblados cercanos al litoral Atl\u00e1ntico y Caribe\u00f1o<\/p>\n","protected":false},"author":1,"featured_media":20516,"comment_status":"open","ping_status":"open","sticky":false,"template":"","format":"standard","meta":{"footnotes":""},"categories":[12],"tags":[],"class_list":["post-20515","post","type-post","status-publish","format-standard","has-post-thumbnail","hentry","category-nacionales"],"_links":{"self":[{"href":"https:\/\/samantharadionline.com\/index.php\/wp-json\/wp\/v2\/posts\/20515","targetHints":{"allow":["GET"]}}],"collection":[{"href":"https:\/\/samantharadionline.com\/index.php\/wp-json\/wp\/v2\/posts"}],"about":[{"href":"https:\/\/samantharadionline.com\/index.php\/wp-json\/wp\/v2\/types\/post"}],"author":[{"embeddable":true,"href":"https:\/\/samantharadionline.com\/index.php\/wp-json\/wp\/v2\/users\/1"}],"replies":[{"embeddable":true,"href":"https:\/\/samantharadionline.com\/index.php\/wp-json\/wp\/v2\/comments?post=20515"}],"version-history":[{"count":1,"href":"https:\/\/samantharadionline.com\/index.php\/wp-json\/wp\/v2\/posts\/20515\/revisions"}],"predecessor-version":[{"id":20517,"href":"https:\/\/samantharadionline.com\/index.php\/wp-json\/wp\/v2\/posts\/20515\/revisions\/20517"}],"wp:featuredmedia":[{"embeddable":true,"href":"https:\/\/samantharadionline.com\/index.php\/wp-json\/wp\/v2\/media\/20516"}],"wp:attachment":[{"href":"https:\/\/samantharadionline.com\/index.php\/wp-json\/wp\/v2\/media?parent=20515"}],"wp:term":[{"taxonomy":"category","embeddable":true,"href":"https:\/\/samantharadionline.com\/index.php\/wp-json\/wp\/v2\/categories?post=20515"},{"taxonomy":"post_tag","embeddable":true,"href":"https:\/\/samantharadionline.com\/index.php\/wp-json\/wp\/v2\/tags?post=20515"}],"curies":[{"name":"wp","href":"https:\/\/api.w.org\/{rel}","templated":true}]}}