{"id":20509,"date":"2025-10-20T08:52:31","date_gmt":"2025-10-20T12:52:31","guid":{"rendered":"https:\/\/samantharadionline.com\/?p=20509"},"modified":"2025-10-20T08:52:32","modified_gmt":"2025-10-20T12:52:32","slug":"en-una-cesarea-casi-pierde-la-vida","status":"publish","type":"post","link":"https:\/\/samantharadionline.com\/index.php\/2025\/10\/20\/en-una-cesarea-casi-pierde-la-vida\/","title":{"rendered":"En una ces\u00e1rea casi pierde la vida"},"content":{"rendered":"\n<p class=\"has-medium-font-size\"><em>La joven Lisbeth, Suriel relata una serie de negligencias m\u00e9dicas que ponen en peligro su vida y ahora ni siquiera aparece su expediente en el hospital Calventi<\/em><\/p>\n\n\n\n<figure class=\"wp-block-image\"><img decoding=\"async\" src=\"https:\/\/listindiario.com\/files\/image_60_60\/uploads\/2025\/01\/25\/67959c045be4c.jpeg\" alt=\"Avatar del Lizbeth Chalas\"\/><\/figure>\n\n\n\n<p><strong><em>\u00a0<\/em>Lizbeth Chalas<\/strong><\/p>\n\n\n\n<p>La joven Lisbeth Suriel, de 24 a\u00f1os, madre soltera, denunci\u00f3 \u201ctodo el dolor\u201d que sufri\u00f3 antes, durante y despu\u00e9s de su parto realizado en el Hospital General Doctor Vinicio Calventi, ubicado en Santo Domingo Oeste.<\/p>\n\n\n\n<p>Explic\u00f3 que el viernes 5 de septiembre de este a\u00f1o dio a luz por ces\u00e1rea, debido a un diagn\u00f3stico de preeclampsia leve que termin\u00f3 en una perforaci\u00f3n intestinal y la contenci\u00f3n de 1,800 CC de heces fecales \u201cregadas\u201d en su cuerpo.<\/p>\n\n\n\n<p>\u201cTen\u00eda pus, y ellos dijeron que fue mi ap\u00e9ndice que se me explot\u00f3, donde ellos mienten porque mi ap\u00e9ndice no pudo haber durado dos d\u00edas explotada, porque hubiese muerto, pero me sacaron el ap\u00e9ndice, no me limpiaron bien y me cerraron as\u00ed\u201d, explic\u00f3 a este medio.<\/p>\n\n\n\n<p>Indic\u00f3 que tras recibir el alta m\u00e9dica, empez\u00f3 a sentir inflamaci\u00f3n abdominal y dolor. \u201cYo le escribo a la doctora, y le digo que tengo much\u00edsimo dolor, que eso no es normal, que si ella me puede indicar una sonograf\u00eda a ver qu\u00e9 es lo que tengo\u201d, sin embargo, la doctora le dijo que era \u201cnormal\u201d en este tipo de partos.<\/p>\n\n\n\n<p>\u201cMe dijo que si yo hab\u00eda evacuado, que si me hab\u00eda tirado pe\u00edtos o gases, que eso era normal porque las mujeres se estri\u00f1en cuando le hacen ces\u00e1rea, y que era porque yo no hab\u00eda ido al ba\u00f1o\u201d, indic\u00f3 Suriel, pero dice que tras persistir los s\u00edntomas, volvi\u00f3 a insistir y, en esa ocasi\u00f3n, la doctora le indic\u00f3 que se acercara al centro m\u00e9dico y buscara a un cirujano.<\/p>\n\n\n\n<p>\u201cMi familia va, no hay doctores, no hay enfermeras, no hay nadie. Ella me dijo que los doctores no estaban ah\u00ed, que buscara un cirujano donde quiera que est\u00e9 para que te chequeen. El doctor fue, nunca me cheque\u00f3, simplemente me pregunt\u00f3 si hab\u00eda evacuado, le dije que no, me inyect\u00f3 y no evacu\u00e9\u201d.<\/p>\n\n\n\n<p>La joven narra que para el 08 de septiembre mostr\u00f3 mejor\u00edas, aunque segu\u00eda sintiendo \u201cincomodidad\u201d, pero pens\u00f3 que era de la ces\u00e1rea nada m\u00e1s, sin embargo, en la madrugada de ese mismo d\u00eda, sinti\u00f3 que la barriga se le hinch\u00f3 de una manera que pensaba que se le iba a explotar. \u201cYo le digo a mi mam\u00e1 que ya no puedo mantener la postura, ni estar ni sentada, ni acostada, ya solo puedo estar parada\u201d.<\/p>\n\n\n\n<p>Tras sentirse as\u00ed, su familia la llev\u00f3 al Calventi, donde le realizaron una sonograf\u00eda y le indicaron que sali\u00f3 con \u201cun poquito de l\u00edquido amni\u00f3tico que la doctora le hab\u00eda dejado\u201d, luego le realizaron dos sonograf\u00edas m\u00e1s, una abdominal y otra transvaginal, arrojando supuestamente el mismo resultado que la anterior.<\/p>\n\n\n\n<p>\u201cNo tengo la certeza de s\u00ed fue eso lo que sali\u00f3 en las sonograf\u00edas, porque ellos nunca la mostraron. Inmediatamente salieron las sonograf\u00edas, ellos le dijeron a mi mam\u00e1: vamos a prepararla para cirug\u00eda que la vamos a operar\u201d.<\/p>\n\n\n\n<p>Tras la cirug\u00eda, se termin\u00f3 enterando que lo que supon\u00eda ser restos de \u201cl\u00edquido amni\u00f3tico\u201d en su cuerpo fue supuestamente una perforaci\u00f3n intestinal y luego de salir de la cirug\u00eda, fue trasladada a la Unidad de Cuidados Intensivos (UCI), donde permaneci\u00f3 por trece d\u00edas.<\/p>\n\n\n\n<p>\u201cEllos le dicen a mi familia que todo est\u00e1 bien, cada vez que mi familia intentaba ir a visitarme, ellos intentaban como medicarme, ponerme un medicamento que sirve para el asma, que no me acuerdo ahora el nombre, que da mucho sue\u00f1o\u201d, se\u00f1al\u00f3 y dijo que cada vez que la iban a ba\u00f1ar, porque ten\u00eda pampers, le quitaban las s\u00e1banas sucias, y todas las cosas sucias que le quitaban se las pasaban por el cuerpo, \u201cy yo no pod\u00eda decir nada, porque as\u00ed era que te ba\u00f1aban, con cosas sucias, y me pod\u00eda dar una infecci\u00f3n m\u00e1s grande\u201d, narr\u00f3 Suriel entre l\u00e1grimas.<\/p>\n\n\n\n<p><strong>De UCI a su casa<\/strong><\/p>\n\n\n\n<figure class=\"wp-block-image\" id=\"m16200-16199-16201\"><img decoding=\"async\" src=\"https:\/\/listindiario.com\/files\/vertical_main_image\/uploads\/2025\/10\/19\/68f5978c90366.jpeg\" alt=\"Las malas pr\u00e1cticas m\u00e9dicas muchas veces pasan desapercibida. Lisbeth Suriel tuvo al morir por negligencia.\"\/><figcaption class=\"wp-element-caption\">Las malas pr\u00e1cticas m\u00e9dicas muchas veces pasan desapercibida. Lisbeth Suriel tuvo al morir por negligencia.<\/figcaption><\/figure>\n\n\n\n<p>La joven Suriel explic\u00f3 que tras presentar mejor\u00edas, fue enviada de UCI a su casa sin una autorizaci\u00f3n m\u00e9dica. \u201cA UCI lo van a remodelar por las condiciones en las que est\u00e1, y me pasan a un saloncito que nada m\u00e1s es para dos pacientes y ah\u00ed pusieron tres. Nunca me mandaron a una sala. Me mandaron de UCI hacia mi casa, sin hoja de alta, sin hoja de salida, dici\u00e9ndole a mi familia que yo estaba bien\u201d, explic\u00f3.<\/p>\n\n\n\n<p>\u201cEl cirujano se le acerc\u00f3 a mi hermana y le dijo que ten\u00eda un peque\u00f1o orificio y que me limpiaran dos veces al d\u00eda, que fue que donde me hicieron la T se me abri\u00f3, que me dieron dos punticos y se me volvi\u00f3 a abrir\u201d, a\u00f1adi\u00f3.<\/p>\n\n\n\n<p>Suriel manifest\u00f3 que tras regresar a su casa, y ver su herida, tanto ella como su familia se asustaron, por lo que procedieron a ir a un laboratorio cl\u00ednico privado para que analizaran las secreciones y le realizaran un hemograma, resultando con los gl\u00f3bulos blancos en 23,000 por toda la infecci\u00f3n que ten\u00eda. Indic\u00f3 que tambi\u00e9n se le realiz\u00f3 una sonograf\u00eda, y result\u00f3 con l\u00edquido.<\/p>\n\n\n\n<p>\u201cEl sonografista dijo que no se sabe si puede ser l\u00edquido de heces o pus, tiene que verla un cirujano de emergencia\u201d, expres\u00f3. Ante esto, fue trasladada al Hospital Materno Doctor Reynaldo Alm\u00e1nzar, ubicado en Villa Mella.<\/p>\n\n\n\n<p>\u201cCuando llego all\u00e1 me reciben, me ingresan a UCI, ah\u00ed dur\u00e9 seis d\u00edas en UCI, luego me sacan a sala para limpiarme nuevamente la herida que estaba bastante abierta y cerr\u00e1rmela; ah\u00ed dur\u00e9 tres d\u00edas m\u00e1s, y me dieron de alta hace quince d\u00edas; a\u00fan tengo los puntos. La herida ten\u00eda tanta infecci\u00f3n que la infecci\u00f3n me comi\u00f3 la piel, me comi\u00f3 la carne, y tuvieron que halarme para poder cerrarme, y todav\u00eda me siguen drenando\u201d, expres\u00f3.<\/p>\n\n\n\n<p><strong>No aparece el expediente<\/strong><\/p>\n\n\n\n<p>Lisbeth Suriel asegur\u00f3 que su expediente m\u00e9dico no aparece en el Hospital General Doctor Vinicio Calventi y que, a pesar de que ha intentado comunicarse con la doctora, no aparece.vit es denet velicae explia.<\/p>\n\n\n\n<p>Igual relat\u00f3 una situaci\u00f3n inc\u00f3moda que pas\u00f3 durante la etapa de gestaci\u00f3n cuando el m\u00e9dico que le daba seguimiento tuvo que ausentarse por problemas de salud y otro doctor pas\u00f3 a brindarle los servicios m\u00e9dicos de lugar. Explic\u00f3 que tras asistir a consulta m\u00e9dica con su hija de siete a\u00f1os, el galeno se restringi\u00f3 de brindarle las atenciones de lugar.<\/p>\n\n\n\n<p>\u201c\u00c9l me dijo: yo no te voy a atender con ella. Tengo todos los videos grabados de que el doctor hasta me brinc\u00f3 encima. Yo le dije: yo me voy a retirar, no me atienda. Luego, al salir del consultorio llorando, volv\u00ed a entrar, cog\u00ed el atrevimiento de grabar el doctor y le dije: si a m\u00ed me sucede algo, eso quedar\u00e1 en su conciencia, yo con tantas semanas de embarazo y manchando. Mire c\u00f3mo usted dice que no me va a atender porque yo traje a mi hija, porque no ten\u00eda a qui\u00e9n dej\u00e1rsela y yo no puedo dejar una ni\u00f1a hembra de siete a\u00f1os sola\u201d, explic\u00f3.<\/p>\n\n\n\n<p>Refiere que grab\u00f3 al doctor y que \u00e9l la manote\u00f3 para quitarme el tel\u00e9fono. \u201cMe dej\u00f3 trancada en el consultorio, me dijo que no iba a salir hasta que no eliminara los videos, me dej\u00f3 ah\u00ed y sali\u00f3 para afuera con mi tel\u00e9fono\u201d. Suriel agreg\u00f3 que al salir fue a la direcci\u00f3n del centro donde le dijeron que \u201cfue un caso grav\u00edsimo, que a \u00e9l lo pod\u00edan sancionar por eso. Llamaron al jefe de ginecolog\u00eda y dijo que eso era una sanci\u00f3n muy grave\u201d, el director dijo que la iba a poner con una doctora fija y que borrara los videos para que eso se quedara ah\u00ed\u201d.<\/p>\n","protected":false},"excerpt":{"rendered":"<p>La joven Lisbeth, Suriel relata una serie de negligencias m\u00e9dicas que ponen en peligro su<\/p>\n","protected":false},"author":1,"featured_media":20510,"comment_status":"open","ping_status":"open","sticky":false,"template":"","format":"standard","meta":{"footnotes":""},"categories":[15],"tags":[],"class_list":["post-20509","post","type-post","status-publish","format-standard","has-post-thumbnail","hentry","category-salud"],"_links":{"self":[{"href":"https:\/\/samantharadionline.com\/index.php\/wp-json\/wp\/v2\/posts\/20509","targetHints":{"allow":["GET"]}}],"collection":[{"href":"https:\/\/samantharadionline.com\/index.php\/wp-json\/wp\/v2\/posts"}],"about":[{"href":"https:\/\/samantharadionline.com\/index.php\/wp-json\/wp\/v2\/types\/post"}],"author":[{"embeddable":true,"href":"https:\/\/samantharadionline.com\/index.php\/wp-json\/wp\/v2\/users\/1"}],"replies":[{"embeddable":true,"href":"https:\/\/samantharadionline.com\/index.php\/wp-json\/wp\/v2\/comments?post=20509"}],"version-history":[{"count":1,"href":"https:\/\/samantharadionline.com\/index.php\/wp-json\/wp\/v2\/posts\/20509\/revisions"}],"predecessor-version":[{"id":20511,"href":"https:\/\/samantharadionline.com\/index.php\/wp-json\/wp\/v2\/posts\/20509\/revisions\/20511"}],"wp:featuredmedia":[{"embeddable":true,"href":"https:\/\/samantharadionline.com\/index.php\/wp-json\/wp\/v2\/media\/20510"}],"wp:attachment":[{"href":"https:\/\/samantharadionline.com\/index.php\/wp-json\/wp\/v2\/media?parent=20509"}],"wp:term":[{"taxonomy":"category","embeddable":true,"href":"https:\/\/samantharadionline.com\/index.php\/wp-json\/wp\/v2\/categories?post=20509"},{"taxonomy":"post_tag","embeddable":true,"href":"https:\/\/samantharadionline.com\/index.php\/wp-json\/wp\/v2\/tags?post=20509"}],"curies":[{"name":"wp","href":"https:\/\/api.w.org\/{rel}","templated":true}]}}