{"id":20503,"date":"2025-10-19T19:25:18","date_gmt":"2025-10-19T23:25:18","guid":{"rendered":"https:\/\/samantharadionline.com\/?p=20503"},"modified":"2025-10-19T19:25:19","modified_gmt":"2025-10-19T23:25:19","slug":"eeuu-acusa-a-petro-de-ser-un-lider-del-narcotrafico","status":"publish","type":"post","link":"https:\/\/samantharadionline.com\/index.php\/2025\/10\/19\/eeuu-acusa-a-petro-de-ser-un-lider-del-narcotrafico\/","title":{"rendered":"EEUU acusa a Petro de ser un \u00abl\u00edder del narcotr\u00e1fico\u00bb"},"content":{"rendered":"\n<p class=\"has-medium-font-size\"><em>Trump ha manifestado  \u00abestafa a largo plazo\u00bb y ha anunciado que \u00aba partir de hoy\u00bb quedar\u00e1 suspendida \u00abcualquier forma de pago o subsidio a Colombia\u00bb<\/em><\/p>\n\n\n\n<p><strong><em>\u00a0<\/em>Europa Press, MADRID<\/strong><\/p>\n\n\n\n<p>El presidente de Estados Unidos,&nbsp;<strong>Donald Trump<\/strong>, ha anunciado este domingo la suspensi\u00f3n inmediata de la ayuda de su pa\u00eds a&nbsp;<strong>Colombia&nbsp;<\/strong>tras acusar a su hom\u00f3logo colombiano,<strong>&nbsp;Gustavo Petro<\/strong>, de ser un \u00ab<strong>l\u00edder del narcotr\u00e1fico<\/strong>\u00ab<\/p>\n\n\n\n<p>En un mensaje publicado en su plataforma Truth Social, Trump denuncia que \u00abla producci\u00f3n masiva de&nbsp;<strong>drogas&nbsp;<\/strong>se ha convertido, con diferencia, en el mayor negocio de Colombia, y Petro no hace nada para detenerlo\u00bb.<\/p>\n\n\n\n<p>Trump ha manifestado que la ayuda que Estados Unidos est\u00e1 prestando al pa\u00eds se ha convertido en una \u00abestafa a largo plazo\u00bb y ha anunciado que \u00aba partir de hoy\u00bb quedar\u00e1 suspendida \u00abcualquier forma de pago o subsidio a Colombia\u00bb.<\/p>\n\n\n\n<p>Adem\u00e1s, Trump ha amenazado incluso con una intervenci\u00f3n directa si Petro, \u00abun l\u00edder poco reconocido e impopular\u00bb, no \u00abcierra de inmediato los campos de exterminio\u00bb que representan las zonas de producci\u00f3n de droga en su pa\u00eds o, de lo contrario Estados Unidos \u00ablos cerrar\u00e1 por \u00e9l, y no ser\u00e1 bonito\u00bb.<\/p>\n","protected":false},"excerpt":{"rendered":"<p>Trump ha manifestado \u00abestafa a largo plazo\u00bb y ha anunciado que \u00aba partir de hoy\u00bb<\/p>\n","protected":false},"author":1,"featured_media":20504,"comment_status":"open","ping_status":"open","sticky":false,"template":"","format":"standard","meta":{"footnotes":""},"categories":[4],"tags":[],"class_list":["post-20503","post","type-post","status-publish","format-standard","has-post-thumbnail","hentry","category-mundiales"],"_links":{"self":[{"href":"https:\/\/samantharadionline.com\/index.php\/wp-json\/wp\/v2\/posts\/20503","targetHints":{"allow":["GET"]}}],"collection":[{"href":"https:\/\/samantharadionline.com\/index.php\/wp-json\/wp\/v2\/posts"}],"about":[{"href":"https:\/\/samantharadionline.com\/index.php\/wp-json\/wp\/v2\/types\/post"}],"author":[{"embeddable":true,"href":"https:\/\/samantharadionline.com\/index.php\/wp-json\/wp\/v2\/users\/1"}],"replies":[{"embeddable":true,"href":"https:\/\/samantharadionline.com\/index.php\/wp-json\/wp\/v2\/comments?post=20503"}],"version-history":[{"count":1,"href":"https:\/\/samantharadionline.com\/index.php\/wp-json\/wp\/v2\/posts\/20503\/revisions"}],"predecessor-version":[{"id":20505,"href":"https:\/\/samantharadionline.com\/index.php\/wp-json\/wp\/v2\/posts\/20503\/revisions\/20505"}],"wp:featuredmedia":[{"embeddable":true,"href":"https:\/\/samantharadionline.com\/index.php\/wp-json\/wp\/v2\/media\/20504"}],"wp:attachment":[{"href":"https:\/\/samantharadionline.com\/index.php\/wp-json\/wp\/v2\/media?parent=20503"}],"wp:term":[{"taxonomy":"category","embeddable":true,"href":"https:\/\/samantharadionline.com\/index.php\/wp-json\/wp\/v2\/categories?post=20503"},{"taxonomy":"post_tag","embeddable":true,"href":"https:\/\/samantharadionline.com\/index.php\/wp-json\/wp\/v2\/tags?post=20503"}],"curies":[{"name":"wp","href":"https:\/\/api.w.org\/{rel}","templated":true}]}}