{"id":20497,"date":"2025-10-19T19:15:20","date_gmt":"2025-10-19T23:15:20","guid":{"rendered":"https:\/\/samantharadionline.com\/?p=20497"},"modified":"2025-10-19T19:15:21","modified_gmt":"2025-10-19T23:15:21","slug":"leonel-fernandez-el-gobierno-esta-en-caida-libre","status":"publish","type":"post","link":"https:\/\/samantharadionline.com\/index.php\/2025\/10\/19\/leonel-fernandez-el-gobierno-esta-en-caida-libre\/","title":{"rendered":"Leonel Fern\u00e1ndez, el Gobierno est\u00e1 en \u00abca\u00edda libre\u00bb"},"content":{"rendered":"\n<p class=\"has-medium-font-size\"><em>El Gobierno invent\u00f3 un proyecto de reforma que ya no responde a una necesidad del pa\u00eds, sino a la necesidad de una persona<\/em><\/p>\n\n\n\n<p><strong><em>\u00a0<\/em>R.L.D., Nigua, RD<\/strong><\/p>\n\n\n\n<p>El expresidente de la Rep\u00fablica y l\u00edder de la&nbsp;<strong>Fuerza del Pueblo<\/strong>&nbsp;(FP),&nbsp;<strong>Leonel Fern\u00e1ndez<\/strong>, asegur\u00f3 este domingo que el Gobierno atraviesa un \u00abdescenso\u00bb en los niveles de apoyo ciudadano, mientras su partido \u00abasciende\u00bb como la principal fuerza pol\u00edtica del pa\u00eds.<\/p>\n\n\n\n<p>Durante la juramentaci\u00f3n de nuevos miembros en el municipio de Nigua, Fern\u00e1ndez afirm\u00f3 que los datos recientes reflejan una ca\u00edda del&nbsp;<strong>Gobierno&nbsp;<\/strong>y un crecimiento sostenido de la Fuerza del Pueblo.<\/p>\n\n\n\n<p>\u00abEl partido de gobierno, que estuvo hace un a\u00f1o en un 46 %, se desploma a un 34. Y no hablemos de ah\u00ed en adelante, porque la lucha est\u00e1 concentrada entre nosotros en primer lugar, que dentro los pr\u00f3ximos meses terminaremos con 40 % de intenci\u00f3n\u00bb, expres\u00f3 el l\u00edder pol\u00edtico.<\/p>\n\n\n\n<p>El exmandatario se\u00f1al\u00f3 que el auge de su organizaci\u00f3n se evidencia en la continua integraci\u00f3n de ciudadanos a sus filas.<\/p>\n\n\n\n<p>\u00abLa mejor demostraci\u00f3n es lo que est\u00e1 ocurriendo aqu\u00ed en Nigua con la juramentaci\u00f3n de todos ustedes que vienen a engrosar las filas de la Fuerza del Pueblo\u00bb, dijo.<\/p>\n\n\n\n<p>Fern\u00e1ndez tambi\u00e9n critic\u00f3 la postura del actual Gobierno en torno a la reforma constitucional, asegurando que perdi\u00f3 la oportunidad de fortalecer la democracia y que su actual propuesta responde a intereses personales.<\/p>\n\n\n\n<p>\u00abLos que est\u00e1n hoy d\u00eda en el Gobierno perdieron su oportunidad de haber hecho que esa reforma constitucional, que era para el fortalecimiento de la democracia, se concretara\u00bb, expres\u00f3.&nbsp;<\/p>\n\n\n\n<p>Y agreg\u00f3 que, \u00abahora, al darse cuenta de lo que hist\u00f3ricamente eso tiene significado para la Rep\u00fablica Dominicana, se inventaron un proyecto de reforma que ya no responde a una necesidad del pa\u00eds, sino a la necesidad de una persona\u00bb.<\/p>\n","protected":false},"excerpt":{"rendered":"<p>El Gobierno invent\u00f3 un proyecto de reforma que ya no responde a una necesidad del<\/p>\n","protected":false},"author":1,"featured_media":20498,"comment_status":"open","ping_status":"open","sticky":false,"template":"","format":"standard","meta":{"footnotes":""},"categories":[12],"tags":[],"class_list":["post-20497","post","type-post","status-publish","format-standard","has-post-thumbnail","hentry","category-nacionales"],"_links":{"self":[{"href":"https:\/\/samantharadionline.com\/index.php\/wp-json\/wp\/v2\/posts\/20497","targetHints":{"allow":["GET"]}}],"collection":[{"href":"https:\/\/samantharadionline.com\/index.php\/wp-json\/wp\/v2\/posts"}],"about":[{"href":"https:\/\/samantharadionline.com\/index.php\/wp-json\/wp\/v2\/types\/post"}],"author":[{"embeddable":true,"href":"https:\/\/samantharadionline.com\/index.php\/wp-json\/wp\/v2\/users\/1"}],"replies":[{"embeddable":true,"href":"https:\/\/samantharadionline.com\/index.php\/wp-json\/wp\/v2\/comments?post=20497"}],"version-history":[{"count":1,"href":"https:\/\/samantharadionline.com\/index.php\/wp-json\/wp\/v2\/posts\/20497\/revisions"}],"predecessor-version":[{"id":20499,"href":"https:\/\/samantharadionline.com\/index.php\/wp-json\/wp\/v2\/posts\/20497\/revisions\/20499"}],"wp:featuredmedia":[{"embeddable":true,"href":"https:\/\/samantharadionline.com\/index.php\/wp-json\/wp\/v2\/media\/20498"}],"wp:attachment":[{"href":"https:\/\/samantharadionline.com\/index.php\/wp-json\/wp\/v2\/media?parent=20497"}],"wp:term":[{"taxonomy":"category","embeddable":true,"href":"https:\/\/samantharadionline.com\/index.php\/wp-json\/wp\/v2\/categories?post=20497"},{"taxonomy":"post_tag","embeddable":true,"href":"https:\/\/samantharadionline.com\/index.php\/wp-json\/wp\/v2\/tags?post=20497"}],"curies":[{"name":"wp","href":"https:\/\/api.w.org\/{rel}","templated":true}]}}