{"id":20463,"date":"2025-10-17T09:00:47","date_gmt":"2025-10-17T13:00:47","guid":{"rendered":"https:\/\/samantharadionline.com\/?p=20463"},"modified":"2025-10-17T09:00:48","modified_gmt":"2025-10-17T13:00:48","slug":"senado-deniega-peticiones-del-empresariado-en-reforma-laboral-aprobada","status":"publish","type":"post","link":"https:\/\/samantharadionline.com\/index.php\/2025\/10\/17\/senado-deniega-peticiones-del-empresariado-en-reforma-laboral-aprobada\/","title":{"rendered":"Senado deniega peticiones del empresariado en reforma laboral aprobada"},"content":{"rendered":"\n<p class=\"has-medium-font-size\"><em>El senador Mois\u00e9s Ayala, rechaz\u00f3 la petici\u00f3n de los empleadores de transferir los permisos de trabajo de extranjeros al Ministerio de Trabajo<\/em><\/p>\n\n\n\n<figure class=\"wp-block-image\"><img decoding=\"async\" src=\"https:\/\/listindiario.com\/files\/image_60_60\/uploads\/2023\/05\/16\/64637a1e3ff38.jpeg\" alt=\"Avatar del \u00c1ngel Valdez\"\/><\/figure>\n\n\n\n<p><strong><em>\u00a0<\/em>\u00c1ngel Valdez, Santo Domingo, RD<\/strong><\/p>\n\n\n\n<p>Por segunda ocasi\u00f3n, el Senado de la Rep\u00fablica aprob\u00f3 ayer de manera definitiva la iniciativa que busca transformar la&nbsp;<strong>Ley 16-92<\/strong>&nbsp;del&nbsp;<strong>C\u00f3digo de Trabajo<\/strong>, lo que significa que la decisi\u00f3n de enviarla o no al Poder Ejecutivo para su promulgaci\u00f3n estar\u00e1 en manos de la C\u00e1mara de Diputados.<\/p>\n\n\n\n<p>Aunque el documento elaborado por el Gobierno y modificado en la&nbsp;<strong>C\u00e1mara Alta<\/strong>&nbsp;contiene diversos \u201cavances\u201d, seg\u00fan aseguran los senadores, las discusiones estuvieron centradas en las \u201crecomendaciones\u201d y \u201cobservaciones\u201d que realizaron constantemente los representantes empresariales del pa\u00eds.<\/p>\n\n\n\n<p>Desde promover una variaci\u00f3n de la&nbsp;<strong>cesant\u00eda<\/strong>, hasta solicitar m\u00e1s facilidad en el procedimiento para poder contratar m\u00e1s extranjeros en las industrias agr\u00edcolas (donde los obreros son de procedencia haitiana en su mayor\u00eda), estas fueron algunas de las mociones presentadas al&nbsp;<strong>Congreso Nacional<\/strong>.&nbsp;<\/p>\n\n\n\n<p>Sin embargo, esto no provoc\u00f3 una reacci\u00f3n favorable de los senadores, quienes optaron por mantener estos puntos intactos, obviando las sugerencias manifestadas por los sectores productivos, a trav\u00e9s del Consejo Nacional de las Empresas Privadas (CONEP), la Confederaci\u00f3n Patronal de la Rep\u00fablica Dominicana (Copardom) y otras agrupaciones.<\/p>\n","protected":false},"excerpt":{"rendered":"<p>El senador Mois\u00e9s Ayala, rechaz\u00f3 la petici\u00f3n de los empleadores de transferir los permisos de<\/p>\n","protected":false},"author":1,"featured_media":20464,"comment_status":"open","ping_status":"open","sticky":false,"template":"","format":"standard","meta":{"footnotes":""},"categories":[12],"tags":[],"class_list":["post-20463","post","type-post","status-publish","format-standard","has-post-thumbnail","hentry","category-nacionales"],"_links":{"self":[{"href":"https:\/\/samantharadionline.com\/index.php\/wp-json\/wp\/v2\/posts\/20463","targetHints":{"allow":["GET"]}}],"collection":[{"href":"https:\/\/samantharadionline.com\/index.php\/wp-json\/wp\/v2\/posts"}],"about":[{"href":"https:\/\/samantharadionline.com\/index.php\/wp-json\/wp\/v2\/types\/post"}],"author":[{"embeddable":true,"href":"https:\/\/samantharadionline.com\/index.php\/wp-json\/wp\/v2\/users\/1"}],"replies":[{"embeddable":true,"href":"https:\/\/samantharadionline.com\/index.php\/wp-json\/wp\/v2\/comments?post=20463"}],"version-history":[{"count":1,"href":"https:\/\/samantharadionline.com\/index.php\/wp-json\/wp\/v2\/posts\/20463\/revisions"}],"predecessor-version":[{"id":20465,"href":"https:\/\/samantharadionline.com\/index.php\/wp-json\/wp\/v2\/posts\/20463\/revisions\/20465"}],"wp:featuredmedia":[{"embeddable":true,"href":"https:\/\/samantharadionline.com\/index.php\/wp-json\/wp\/v2\/media\/20464"}],"wp:attachment":[{"href":"https:\/\/samantharadionline.com\/index.php\/wp-json\/wp\/v2\/media?parent=20463"}],"wp:term":[{"taxonomy":"category","embeddable":true,"href":"https:\/\/samantharadionline.com\/index.php\/wp-json\/wp\/v2\/categories?post=20463"},{"taxonomy":"post_tag","embeddable":true,"href":"https:\/\/samantharadionline.com\/index.php\/wp-json\/wp\/v2\/tags?post=20463"}],"curies":[{"name":"wp","href":"https:\/\/api.w.org\/{rel}","templated":true}]}}