{"id":20454,"date":"2025-10-16T18:25:03","date_gmt":"2025-10-16T22:25:03","guid":{"rendered":"https:\/\/samantharadionline.com\/?p=20454"},"modified":"2025-10-16T18:25:04","modified_gmt":"2025-10-16T22:25:04","slug":"hay-heridos-en-tiroteo-en-la-sede-central-de-la-uasd","status":"publish","type":"post","link":"https:\/\/samantharadionline.com\/index.php\/2025\/10\/16\/hay-heridos-en-tiroteo-en-la-sede-central-de-la-uasd\/","title":{"rendered":"Hay heridos en tiroteo en la sede central de la UASD"},"content":{"rendered":"\n<p class=\"has-medium-font-size\"><em>El hecho actualmente est\u00e1 bajo investigaci\u00f3n por parte de las autoridades<\/em><\/p>\n\n\n\n<figure class=\"wp-block-image\"><img decoding=\"async\" src=\"https:\/\/listindiario.com\/files\/image_60_60\/uploads\/2025\/01\/21\/678fb9bbee568.png\" alt=\"Avatar del Yeil\u00edn Pe\u00f1a\"\/><\/figure>\n\n\n\n<p><strong><em>\u00a0<\/em>Yeil\u00edn Pe\u00f1a, Santo Domingo, RD<\/strong><\/p>\n\n\n\n<p>Dos miembros del equipo de seguridad de la Universidad Aut\u00f3noma de Santo Domingo (UASD) resultaron heridos durante un altercado registrado en las instalaciones del recinto la tarde de este jueves.<\/p>\n\n\n\n<p>El hecho actualmente est\u00e1 bajo investigaci\u00f3n por parte de las autoridades.<\/p>\n\n\n\n<p>Luis P\u00e9rez, director de Relaciones P\u00fablicas de la UASD, ofreci\u00f3 declaraciones sobre el incidente y explic\u00f3 que, hasta el momento, no se dispone de una versi\u00f3n oficial y completa de lo ocurrido.<\/p>\n\n\n\n<p>\u201cPrimero, hubo un momento donde un joven estaba reclamando que le violentaron un derecho, pero ni siquiera expresa en qu\u00e9 le violentaron ese derecho\u201d, manifest\u00f3.<\/p>\n\n\n\n<p>P\u00e9rez se\u00f1al\u00f3 adem\u00e1s que, seg\u00fan versiones preliminares, el suceso se habr\u00eda originado cuando el joven en cuesti\u00f3n, tras un presunto desacuerdo, amenaz\u00f3 con agredir a miembros de la seguridad del recinto.<\/p>\n\n\n\n<p>\u201cEste incidente fue el producto, supuestamente\u2026 de una actitud en la que \u00e9l estaba supuestamente envuelto. Partiendo de esto fue que amenaz\u00f3 con venir a agredir a algunos miembros de la seguridad. Luego trajo consigo que \u00e9l comenz\u00f3 el proceso de disparos, fue lo que tambi\u00e9n nos informaron, entonces lograron repelerlo\u201d, agreg\u00f3 P\u00e9rez.<\/p>\n\n\n\n<p>Por otro lado, la Polic\u00eda Nacional inform\u00f3 que fue detenido un hombre se\u00f1alado como presunto autor de las heridas por arma de perdigones.<\/p>\n\n\n\n<p>Se trata de Alexander Jim\u00e9nez Galv\u00e1n, de 35 a\u00f1os, residente en Santo Domingo Oeste, cuya detenci\u00f3n se produjo momentos despu\u00e9s despu\u00e9s del suceso gracias a la colaboraci\u00f3n de personal que labora en la citada universidad.<\/p>\n\n\n\n<p>El detenido recibe atenciones m\u00e9dicas, ya que en medio del incidente recibi\u00f3 golpes contusos, incluyendo una herida en la cabeza, de acuerdo al informe policial.<\/p>\n\n\n\n<p>Igualmente inform\u00f3 que una comisi\u00f3n, encabezada por el director de Comunicaci\u00f3n de la UASD, Roberto Tejada, junto al consultor jur\u00eddico de la instituci\u00f3n, est\u00e1 recabando todos los detalles del suceso.<\/p>\n\n\n\n<h3 class=\"wp-block-heading\">LO QUE DIJO LA UASD<\/h3>\n\n\n\n<p>A continuaci\u00f3n, el comunicado \u00edntegro de la UASD:<\/p>\n\n\n\n<p>\u00abA la Comunidad Universitaria<\/p>\n\n\n\n<p>Con profunda consternaci\u00f3n, lamentamos el confuso y grave incidente ocurrido en la tarde de hoy, jueves 16 de octubre de 2025, en el campus universitario de nuestra Sede Central.<\/p>\n\n\n\n<p>Informamos que los responsables de estos lamentables sucesos han sido detenidos y puestos a disposici\u00f3n de las autoridades competentes para los fines de ley.<\/p>\n\n\n\n<p>Asimismo, los servidores universitarios que resultaron heridos se encuentran recibiendo atenci\u00f3n m\u00e9dica.<\/p>\n\n\n\n<p>Hacemos un llamado a la Polic\u00eda Nacional y al Ministerio P\u00fablico para que realicen una investigaci\u00f3n exhaustiva que permita esclarecer las causas de este deplorable suceso y aplicar todo el peso de la ley a los responsables.<\/p>\n\n\n\n<p>Las labores docentes quedan suspendidas en la Sede durante el d\u00eda de hoy.<\/p>\n\n\n\n<p class=\"has-large-font-size\"><strong>Arrestan a presunto autor de tiroteo de la UASD<\/strong><\/p>\n\n\n\n<p class=\"has-medium-font-size\"><em>Se trata de Alexander Jim\u00e9nez Galv\u00e1n, de 35 a\u00f1os, residente en Santo Domingo Oeste, cuya detenci\u00f3n se produjo momentos despu\u00e9s despu\u00e9s del suceso<\/em><\/p>\n\n\n\n<figure class=\"wp-block-image size-full\"><img loading=\"lazy\" decoding=\"async\" width=\"800\" height=\"685\" src=\"https:\/\/samantharadionline.com\/wp-content\/uploads\/2025\/10\/image-11.png\" alt=\"\" class=\"wp-image-20456\" srcset=\"https:\/\/samantharadionline.com\/wp-content\/uploads\/2025\/10\/image-11.png 800w, https:\/\/samantharadionline.com\/wp-content\/uploads\/2025\/10\/image-11-300x257.png 300w, https:\/\/samantharadionline.com\/wp-content\/uploads\/2025\/10\/image-11-768x658.png 768w\" sizes=\"auto, (max-width: 800px) 100vw, 800px\" \/><\/figure>\n\n\n\n<p><strong>R. L. D., Santo Domingo, RD<\/strong><\/p>\n\n\n\n<p>La Polic\u00eda Nacional informa que fue detenido un hombre acusado de herir al menos dos personas durante un&nbsp;<strong>incidente&nbsp;<\/strong>bajo investigaci\u00f3n, ocurrido la tarde de este jueves en las instalaciones de la&nbsp;<strong>Universidad Aut\u00f3noma de Santo Domingo (UASD<\/strong>).<\/p>\n\n\n\n<p>Se trata de<strong>&nbsp;Alexander Jim\u00e9nez Galv\u00e1n<\/strong>, de 35 a\u00f1os, residente en Santo Domingo Oeste, cuya detenci\u00f3n se produjo momentos despu\u00e9s del suceso.<\/p>\n\n\n\n<p>El detenido recibe atenciones m\u00e9dicas, ya que en medio del incidente recibi\u00f3&nbsp;<strong>golpes&nbsp;<\/strong>contusos, incluyendo una&nbsp;<strong>herida en la cabeza<\/strong>.<\/p>\n\n\n\n<p>La Polic\u00eda Nacional, en coordinaci\u00f3n con el Ministerio P\u00fablico, asumi\u00f3 las investigaciones para esclarecer las circunstancias en que se produjeron los hechos.<\/p>\n\n\n\n<p>El detenido fue recibido bajo custodia por personal policial, adscrito al Departamento de Investigaci\u00f3n de Cr\u00edmenes y Delitos Contra la Propiedad (<strong>Homicidios<\/strong>), con asiento en el Palacio de la Polic\u00eda Nacional, desde donde fue trasladado a un centro de salud para recibir atenciones m\u00e9dicas por las heridas y golpes que presenta.<\/p>\n\n\n\n<p class=\"has-medium-font-size\"><strong>UASD suspende docencia en la sede central tras incidente<\/strong><\/p>\n\n\n\n<p class=\"has-medium-font-size\"><em>Unidades de la Polic\u00eda Nacional se encuentran en la alta casa de estudios realizando el levantamiento correspondiente<\/em><\/p>\n\n\n\n<figure class=\"wp-block-image size-full\"><img loading=\"lazy\" decoding=\"async\" width=\"800\" height=\"512\" src=\"https:\/\/samantharadionline.com\/wp-content\/uploads\/2025\/10\/image-12.png\" alt=\"\" class=\"wp-image-20457\" srcset=\"https:\/\/samantharadionline.com\/wp-content\/uploads\/2025\/10\/image-12.png 800w, https:\/\/samantharadionline.com\/wp-content\/uploads\/2025\/10\/image-12-300x192.png 300w, https:\/\/samantharadionline.com\/wp-content\/uploads\/2025\/10\/image-12-768x492.png 768w\" sizes=\"auto, (max-width: 800px) 100vw, 800px\" \/><\/figure>\n\n\n\n<figure class=\"wp-block-image\"><img decoding=\"async\" src=\"https:\/\/listindiario.com\/files\/image_60_60\/uploads\/2023\/06\/15\/648bb0d62900f.jpeg\" alt=\"Avatar del Audry Trinidad\"\/><\/figure>\n\n\n\n<p><strong><em>\u00a0<\/em>Audry Trinidad, Santo Domingo, RD\u00a0<\/strong><\/p>\n\n\n\n<p>La&nbsp;<strong>Universidad Aut\u00f3noma de Santo Domingo<\/strong>&nbsp;(<strong>UASD<\/strong>) inform\u00f3 la&nbsp;<strong>suspensi\u00f3n de labores docentes<\/strong>&nbsp;y administrativas en la sede central, luego de que se registrara un incidente donde varias personas resultaron heridas.<\/p>\n\n\n\n<p>La tarde de este jueves se registr\u00f3 un incidente en la sede de la instituci\u00f3n, donde varias personas resultaron<strong>&nbsp;heridas de bala<\/strong>.<\/p>\n\n\n\n<p>Se desconoce la identidad de las v\u00edctimas, mientras que la universidad indic\u00f3 que emitir\u00e1 un comunicado oficial en lo adelante.&nbsp;<\/p>\n\n\n\n<p>Unidades de la&nbsp;<strong>Polic\u00eda Nacional<\/strong>&nbsp;se encuentran en la alta casa de estudios realizando el levantamiento correspondiente.&nbsp;<\/p>\n\n\n\n<figure class=\"wp-block-image\" id=\"m53046-53045-53047\"><img decoding=\"async\" src=\"https:\/\/listindiario.com\/files\/composite_image\/uploads\/2025\/10\/16\/68f1600742e7c.png\" alt=\"Universidad Aut\u00f3noma de Santo Dominigo (UASD) suspende labores docentes y administrativas por incidente reportado en la cede central.\"\/><figcaption class=\"wp-element-caption\">Universidad Aut\u00f3noma de Santo Dominigo (UASD) suspende labores docentes y administrativas por incidente reportado en la sede central.Instagram\/ UASD<\/figcaption><\/figure>\n","protected":false},"excerpt":{"rendered":"<p>El hecho actualmente est\u00e1 bajo investigaci\u00f3n por parte de las autoridades \u00a0Yeil\u00edn Pe\u00f1a, Santo Domingo,<\/p>\n","protected":false},"author":1,"featured_media":20455,"comment_status":"open","ping_status":"open","sticky":false,"template":"","format":"standard","meta":{"footnotes":""},"categories":[12],"tags":[],"class_list":["post-20454","post","type-post","status-publish","format-standard","has-post-thumbnail","hentry","category-nacionales"],"_links":{"self":[{"href":"https:\/\/samantharadionline.com\/index.php\/wp-json\/wp\/v2\/posts\/20454","targetHints":{"allow":["GET"]}}],"collection":[{"href":"https:\/\/samantharadionline.com\/index.php\/wp-json\/wp\/v2\/posts"}],"about":[{"href":"https:\/\/samantharadionline.com\/index.php\/wp-json\/wp\/v2\/types\/post"}],"author":[{"embeddable":true,"href":"https:\/\/samantharadionline.com\/index.php\/wp-json\/wp\/v2\/users\/1"}],"replies":[{"embeddable":true,"href":"https:\/\/samantharadionline.com\/index.php\/wp-json\/wp\/v2\/comments?post=20454"}],"version-history":[{"count":1,"href":"https:\/\/samantharadionline.com\/index.php\/wp-json\/wp\/v2\/posts\/20454\/revisions"}],"predecessor-version":[{"id":20458,"href":"https:\/\/samantharadionline.com\/index.php\/wp-json\/wp\/v2\/posts\/20454\/revisions\/20458"}],"wp:featuredmedia":[{"embeddable":true,"href":"https:\/\/samantharadionline.com\/index.php\/wp-json\/wp\/v2\/media\/20455"}],"wp:attachment":[{"href":"https:\/\/samantharadionline.com\/index.php\/wp-json\/wp\/v2\/media?parent=20454"}],"wp:term":[{"taxonomy":"category","embeddable":true,"href":"https:\/\/samantharadionline.com\/index.php\/wp-json\/wp\/v2\/categories?post=20454"},{"taxonomy":"post_tag","embeddable":true,"href":"https:\/\/samantharadionline.com\/index.php\/wp-json\/wp\/v2\/tags?post=20454"}],"curies":[{"name":"wp","href":"https:\/\/api.w.org\/{rel}","templated":true}]}}