{"id":20423,"date":"2025-10-16T08:43:13","date_gmt":"2025-10-16T12:43:13","guid":{"rendered":"https:\/\/samantharadionline.com\/?p=20423"},"modified":"2025-10-16T08:46:09","modified_gmt":"2025-10-16T12:46:09","slug":"gobierno-niega-la-eliminacion-del-combustible-subsidiado-al-sector-transporte","status":"publish","type":"post","link":"https:\/\/samantharadionline.com\/index.php\/2025\/10\/16\/gobierno-niega-la-eliminacion-del-combustible-subsidiado-al-sector-transporte\/","title":{"rendered":"Niegan eliminaci\u00f3n del subsidio de combustibles al sector transporte"},"content":{"rendered":"\n<p class=\"has-medium-font-size\"><em>No han contemplado ni tratado la eliminaci\u00f3n de esa compensaci\u00f3n, que permite que los usuarios del transporte p\u00fablico  <\/em><\/p>\n\n\n\n<p><strong>L. D., Santo Domingo, RD<\/strong><\/p>\n\n\n\n<p>El ministro&nbsp;<strong>Deligne Ascenci\u00f3n<\/strong>, coordinador del Gabinete de Transporte, neg\u00f3 este mi\u00e9rcoles de manera categ\u00f3rica la&nbsp;<strong>eliminaci\u00f3n del combustible<\/strong>&nbsp;subsidiado que se asigna a las federaciones de transporte.<\/p>\n\n\n\n<p>Ascenci\u00f3n dijo que, en ning\u00fan momento, ni el Gobierno ni ninguna de las instancias responsables, han contemplado ni tratado la eliminaci\u00f3n de esa compensaci\u00f3n, la cual permite que los usuarios del transporte p\u00fablico puedan pagar una tarifa accesible.<\/p>\n\n\n\n<p>A trav\u00e9s del denominado Bono Gas o asignaciones directas de combustibles, las organizaciones del transporte p\u00fablico de pasajeros reciben estos subsidios por parte del Gobierno, lo que contribuye a que los<strong>&nbsp;precios del pasaje<\/strong>&nbsp;se mantengan sin alteraciones.<\/p>\n\n\n\n<p><strong>Lea tambi\u00e9n<\/strong><\/p>\n\n\n\n<p>Desde el&nbsp;<strong>Gabinete del Transporte<\/strong>&nbsp;se hace un llamado a los directivos de las federaciones de choferes a no dejarse llevar por informaciones que en nada obedecen a la verdad, y con las que solo se procura alterar el clima de paz y de seguridad que vive la Rep\u00fablica Dominicana.<\/p>\n\n\n\n<p>\u201cDe manera categ\u00f3rica, desmentimos esa informaci\u00f3n de la que, de manera aviesa, se han hecho eco, y que ha llevado preocupaci\u00f3n a algunos transportistas\u201d, apunt\u00f3 el coordinador del Gabinete del Transporte, el Ing. Deligne Ascenci\u00f3n.<\/p>\n","protected":false},"excerpt":{"rendered":"<p>No han contemplado ni tratado la eliminaci\u00f3n de esa compensaci\u00f3n, que permite que los usuarios<\/p>\n","protected":false},"author":1,"featured_media":20424,"comment_status":"open","ping_status":"open","sticky":false,"template":"","format":"standard","meta":{"footnotes":""},"categories":[10],"tags":[],"class_list":["post-20423","post","type-post","status-publish","format-standard","has-post-thumbnail","hentry","category-economica"],"_links":{"self":[{"href":"https:\/\/samantharadionline.com\/index.php\/wp-json\/wp\/v2\/posts\/20423","targetHints":{"allow":["GET"]}}],"collection":[{"href":"https:\/\/samantharadionline.com\/index.php\/wp-json\/wp\/v2\/posts"}],"about":[{"href":"https:\/\/samantharadionline.com\/index.php\/wp-json\/wp\/v2\/types\/post"}],"author":[{"embeddable":true,"href":"https:\/\/samantharadionline.com\/index.php\/wp-json\/wp\/v2\/users\/1"}],"replies":[{"embeddable":true,"href":"https:\/\/samantharadionline.com\/index.php\/wp-json\/wp\/v2\/comments?post=20423"}],"version-history":[{"count":2,"href":"https:\/\/samantharadionline.com\/index.php\/wp-json\/wp\/v2\/posts\/20423\/revisions"}],"predecessor-version":[{"id":20427,"href":"https:\/\/samantharadionline.com\/index.php\/wp-json\/wp\/v2\/posts\/20423\/revisions\/20427"}],"wp:featuredmedia":[{"embeddable":true,"href":"https:\/\/samantharadionline.com\/index.php\/wp-json\/wp\/v2\/media\/20424"}],"wp:attachment":[{"href":"https:\/\/samantharadionline.com\/index.php\/wp-json\/wp\/v2\/media?parent=20423"}],"wp:term":[{"taxonomy":"category","embeddable":true,"href":"https:\/\/samantharadionline.com\/index.php\/wp-json\/wp\/v2\/categories?post=20423"},{"taxonomy":"post_tag","embeddable":true,"href":"https:\/\/samantharadionline.com\/index.php\/wp-json\/wp\/v2\/tags?post=20423"}],"curies":[{"name":"wp","href":"https:\/\/api.w.org\/{rel}","templated":true}]}}