{"id":20399,"date":"2025-10-15T16:27:18","date_gmt":"2025-10-15T20:27:18","guid":{"rendered":"https:\/\/samantharadionline.com\/?p=20399"},"modified":"2025-10-15T16:27:19","modified_gmt":"2025-10-15T20:27:19","slug":"diputado-luis-baez-denuncia-retiro-de-su-seguridad-y-responsabiliza-al-director-policia-nacional","status":"publish","type":"post","link":"https:\/\/samantharadionline.com\/index.php\/2025\/10\/15\/diputado-luis-baez-denuncia-retiro-de-su-seguridad-y-responsabiliza-al-director-policia-nacional\/","title":{"rendered":"Diputado Luis B\u00e1ez denuncia retiro de su seguridad; y responsabiliza al director Polic\u00eda Nacional"},"content":{"rendered":"\n<p class=\"has-medium-font-size\"><em>Tras denunciar supuestas irregularidades y atropellos que est\u00e1n cometiendo agentes en el pa\u00eds, el diputado Luis B\u00e1ez del Partido Revolucionario Moderno (PRM) se\u00f1al\u00f3 al director general de la Polic\u00eda Nacional, Ram\u00f3n Antonio Guzm\u00e1n Peralta, como el responsable de \u201clo que le pueda suceder\u201d<\/em><\/p>\n\n\n\n<figure class=\"wp-block-image\"><img decoding=\"async\" src=\"https:\/\/listindiario.com\/files\/image_60_60\/uploads\/2023\/05\/16\/64637a1e3ff38.jpeg\" alt=\"Avatar del \u00c1ngel Valdez\"\/><\/figure>\n\n\n\n<p><strong><em>\u00a0<\/em>\u00c1ngel Valdez, Santo Domingo, RD.\u00a0<\/strong><\/p>\n\n\n\n<p>Tras denunciar supuestas irregularidades y atropellos que est\u00e1n cometiendo agentes en el pa\u00eds,&nbsp;<strong>el diputado Luis B\u00e1ez del Partido Revolucionario Moderno (PRM) se\u00f1al\u00f3 al director general de la Polic\u00eda Nacional, Ram\u00f3n Antonio Guzm\u00e1n Peralta<\/strong>, como el responsable de&nbsp;<strong>\u201clo que le pueda suceder\u201d<\/strong>.<\/p>\n\n\n\n<p>B\u00e1ez asegur\u00f3 ayer ante reporteros que los miembros de esa entidad se han dedicado a cometer abusos en contra de ciudadanos inocentes, alegando, adem\u00e1s, que la entidad se habr\u00eda convertido en<strong>&nbsp;\u201cun cuerpo de sicarios que matan gente a sueldo\u201d<\/strong>.<\/p>\n\n\n\n<p>Horas despu\u00e9s, el representante de la provincia Peravia public\u00f3 un video en sus redes sociales en el cual indic\u00f3 que el mayor general Guzm\u00e1n Peralta decidi\u00f3 citar a los miembros policiales asignados para su seguridad.<\/p>\n\n\n\n<p>Es por esta raz\u00f3n que pidi\u00f3 la atenci\u00f3n del presidente de la C\u00e1mara de Diputados, Alfredo Pacheco; y el primer mandatario Luis Abinader, asegurando que el director policial tom\u00f3 la medida inmediata de retirarle su equipo de seguridad.&nbsp; &nbsp;<\/p>\n\n\n\n<p>\u00abAl presidente Abinader y a la provincia Peravia, cualquier cosa que me pueda pasar o a mi familia, yo&nbsp;<strong>quiero hacer responsable al director de la Polic\u00eda Nacional&nbsp;<\/strong>de cualquier cosa que me pas\u00e9, (quien) ha tomado una medida inmediata de dejarme sin el cuerpo de seguridad\u00bb, dijo en su cuenta de Instagram.<\/p>\n\n\n\n<h3 class=\"wp-block-heading\">Denuncia<\/h3>\n\n\n\n<p>El congresista representante del partido de Gobierno alega que la extensi\u00f3n departamental de la Direcci\u00f3n Central de Investigaciones Criminales (Dicrim) en la provincia Peravia \u201cno sirve\u201d.<\/p>\n\n\n\n<p>\u201cVa una gente seria a hacer una denuncia y f\u00e1cilmente termina preso, sin embargo, cuando uno denuncia a un delincuente, \u00bfqu\u00e9 hace la polic\u00eda? Pide todas las pruebas\u2026 al final lo que hace es que lo despacha, a un delincuente confeso\u2026\u201d, dijo durante una conversaci\u00f3n con periodistas en la sede del Congreso Nacional.<\/p>\n\n\n\n<p>B\u00e1ez mencion\u00f3 que hace dos meses divulg\u00f3 en la opini\u00f3n p\u00fablica otra denuncia sobre una ola delictiva registrada en su regi\u00f3n, no obstante, las comunidades no han visualizado todav\u00eda una reducci\u00f3n de estos casos.<\/p>\n\n\n\n<p>El diputado perreme\u00edsta le pidi\u00f3 al presidente Abinader destituir a Guzm\u00e1n Peralta de la Direcci\u00f3n General de la Polic\u00eda, debido a su inacci\u00f3n ante los constantes se\u00f1alamientos realizados en contra de los agentes.<\/p>\n\n\n\n<p>\u201c\u00bfHasta cu\u00e1ndo el presidente de la Rep\u00fablica va a mantener este jefe de la Polic\u00eda Nacional que no ha remeneado la mata en ninguna de las direcciones regionales de las provincias de la Rep\u00fablica Dominicana?\u201d, pregunt\u00f3 al emitir sus declaraciones en frente de la prensa.<\/p>\n\n\n\n<p class=\"has-large-font-size\"><strong>Diputado del PRM: La Polic\u00eda es \u00abun cuerpo de sicarios que matan gente a sueldo\u00bb<\/strong><\/p>\n\n\n\n<p class=\"has-medium-font-size\"><em>Para B\u00e1ez, el cuerpo policial dirigido desde 2023 por el mayor general Ram\u00f3n Antonio Guzm\u00e1n Peralta solo se ha dedicado a la agresi\u00f3n de personas inocentes, convirti\u00e9ndose, adem\u00e1s, en \u201cun cuerpo de sicarios que matan gente a sueldo\u201d.<\/em><\/p>\n\n\n\n<figure class=\"wp-block-image size-full\"><img loading=\"lazy\" decoding=\"async\" width=\"950\" height=\"465\" src=\"https:\/\/samantharadionline.com\/wp-content\/uploads\/2025\/10\/image-8.png\" alt=\"\" class=\"wp-image-20400\" srcset=\"https:\/\/samantharadionline.com\/wp-content\/uploads\/2025\/10\/image-8.png 950w, https:\/\/samantharadionline.com\/wp-content\/uploads\/2025\/10\/image-8-300x147.png 300w, https:\/\/samantharadionline.com\/wp-content\/uploads\/2025\/10\/image-8-768x376.png 768w\" sizes=\"auto, (max-width: 950px) 100vw, 950px\" \/><\/figure>\n\n\n\n<figure class=\"wp-block-image\"><img decoding=\"async\" src=\"https:\/\/listindiario.com\/files\/image_60_60\/uploads\/2023\/05\/16\/64637a1e3ff38.jpeg\" alt=\"Avatar del \u00c1ngel Valdez\"\/><\/figure>\n\n\n\n<p><strong><em>\u00a0<\/em>\u00c1ngel Valdez, Santo Domingo, RD.<\/strong><\/p>\n\n\n\n<p><strong>El diputado del Partido Revolucionario Moderno (PRM) Luis B\u00e1ez<\/strong>&nbsp;encabez\u00f3 ayer una rueda de prensa en la cual rechaz\u00f3 el desempe\u00f1o de la actual gesti\u00f3n de la&nbsp;<strong>Polic\u00eda Nacional<\/strong>, debido a los&nbsp;<strong>\u201cabusos\u201d<\/strong>&nbsp;cometidos en contra de ciudadanos que no tienen ninguna vinculaci\u00f3n con los hechos delictivos registrados en el pa\u00eds.<\/p>\n\n\n\n<p>Para B\u00e1ez, el cuerpo policial dirigido desde 2023 por el mayor general Ram\u00f3n Antonio Guzm\u00e1n Peralta&nbsp;<strong>solo se ha dedicado a la agresi\u00f3n de personas inocentes<\/strong>, convirti\u00e9ndose, adem\u00e1s, en<strong>&nbsp;\u201cun cuerpo de sicarios que matan gente a sueldo\u201d<\/strong>.<\/p>\n\n\n\n<p>El legislador oficialista asegur\u00f3, \u201cde manera responsable\u201d, que la extensi\u00f3n departamental de<strong>&nbsp;la Direcci\u00f3n Central de Investigaciones Criminales (Dicrim)<\/strong>&nbsp;en la provincia Peravia, a la cual representa,&nbsp;<strong>\u201cno sirve\u201d<\/strong>.<\/p>\n\n\n\n<p>\u201cVa una gente seria a hacer una denuncia y f\u00e1cilmente termina preso, sin embargo, cuando uno denuncia a un delincuente,&nbsp;<strong>\u00bfQu\u00e9 hace la polic\u00eda?<\/strong>&nbsp;Pide todas las pruebas\u2026 al final lo que hace es que lo despacha, a un delincuente confeso\u2026\u201d, dijo a periodistas mientras se encontraba en la sede del Congreso Nacional.<\/p>\n\n\n\n<p>Es por esta raz\u00f3n, el congresista se hizo la siguiente pregunta: \u201c\u00bf<strong>Hasta cu\u00e1ndo el presidente de la Rep\u00fablica va a mantener este jefe de la Polic\u00eda Nacional<\/strong>&nbsp;que no ha remeneado la mata en ninguna de las direcciones regionales de las provincias de la Rep\u00fablica Dominicana?\u201d<\/p>\n\n\n\n<p>Ba\u00e9z record\u00f3 que desde hace dos meses ha manifestado ante la opini\u00f3n p\u00fablica el surgimiento de una ola delincuencial en las calles del municipio sure\u00f1o, Ban\u00ed. Sin embargo, asever\u00f3 que esa comunidad no ha percibido a\u00fan ninguna reducci\u00f3n de la presencia criminal, luego de sus declaraciones.<\/p>\n\n\n\n<p>Ante estas situaciones, le solicit\u00f3 a trav\u00e9s de los medios de comunicaci\u00f3n al presidente Luis Abinader remover de inmediato al mayor general Guzm\u00e1n Peralta de la Direcci\u00f3n General de la entidad policial.<\/p>\n\n\n\n<p>\u201cPorque ese director ha dejado los mismos coroneles y generales en todos los sitios y no lo ha cambiado para que puedan remenear la mata en cada demarcaci\u00f3n, (como es el caso de) mi provincia, (donde) la Dicrim no sirve\u2026\u201d, afirm\u00f3.<\/p>\n\n\n\n<p>Ba\u00e9z considera que el temor registrado en la poblaci\u00f3n hacia los polic\u00edas est\u00e1 fundamentado en los \u201catropellos\u201d cometidos constantemente en su contra.<\/p>\n\n\n\n<p>\u201cPor eso es que yo entiendo que la poblaci\u00f3n le tiene ahora m\u00e1s miedo a los polic\u00edas que a los delincuentes, porque ahora no se sabe qui\u00e9n es m\u00e1s delincuente entre la polic\u00eda y la delincuencia com\u00fan de las calles\u201d, culmin\u00f3 diciendo.<\/p>\n\n\n\n<h3 class=\"wp-block-heading\">Caso en Santiago<\/h3>\n\n\n\n<p>La Oficina de Atenci\u00f3n Permanente del Distrito Judicial de Santiago impuso ayer diversas medidas de coerci\u00f3n a 11 agentes de la Polic\u00eda que est\u00e1n acusados de participar en la muerte a tiros de cinco civiles realizada el pasado 8 de octubre en el sector La Barranquilla.<\/p>\n\n\n\n<p>Pero, seg\u00fan inform\u00f3 la Polic\u00eda de manera oficial, estos \u00abdelincuentes\u00bb pertenec\u00edan a una \u201cestructura criminal dedicada al narcotr\u00e1fico, secuestro y extorsi\u00f3n\u201d . Mientras tanto, el caso, que ha sido cuestionado por diversos sectores de la sociedad, continua sometido al procedimiento judicial.<\/p>\n","protected":false},"excerpt":{"rendered":"<p>Tras denunciar supuestas irregularidades y atropellos que est\u00e1n cometiendo agentes en el pa\u00eds, el diputado<\/p>\n","protected":false},"author":1,"featured_media":20401,"comment_status":"open","ping_status":"open","sticky":false,"template":"","format":"standard","meta":{"footnotes":""},"categories":[12],"tags":[],"class_list":["post-20399","post","type-post","status-publish","format-standard","has-post-thumbnail","hentry","category-nacionales"],"_links":{"self":[{"href":"https:\/\/samantharadionline.com\/index.php\/wp-json\/wp\/v2\/posts\/20399","targetHints":{"allow":["GET"]}}],"collection":[{"href":"https:\/\/samantharadionline.com\/index.php\/wp-json\/wp\/v2\/posts"}],"about":[{"href":"https:\/\/samantharadionline.com\/index.php\/wp-json\/wp\/v2\/types\/post"}],"author":[{"embeddable":true,"href":"https:\/\/samantharadionline.com\/index.php\/wp-json\/wp\/v2\/users\/1"}],"replies":[{"embeddable":true,"href":"https:\/\/samantharadionline.com\/index.php\/wp-json\/wp\/v2\/comments?post=20399"}],"version-history":[{"count":1,"href":"https:\/\/samantharadionline.com\/index.php\/wp-json\/wp\/v2\/posts\/20399\/revisions"}],"predecessor-version":[{"id":20402,"href":"https:\/\/samantharadionline.com\/index.php\/wp-json\/wp\/v2\/posts\/20399\/revisions\/20402"}],"wp:featuredmedia":[{"embeddable":true,"href":"https:\/\/samantharadionline.com\/index.php\/wp-json\/wp\/v2\/media\/20401"}],"wp:attachment":[{"href":"https:\/\/samantharadionline.com\/index.php\/wp-json\/wp\/v2\/media?parent=20399"}],"wp:term":[{"taxonomy":"category","embeddable":true,"href":"https:\/\/samantharadionline.com\/index.php\/wp-json\/wp\/v2\/categories?post=20399"},{"taxonomy":"post_tag","embeddable":true,"href":"https:\/\/samantharadionline.com\/index.php\/wp-json\/wp\/v2\/tags?post=20399"}],"curies":[{"name":"wp","href":"https:\/\/api.w.org\/{rel}","templated":true}]}}