{"id":20395,"date":"2025-10-15T16:23:31","date_gmt":"2025-10-15T20:23:31","guid":{"rendered":"https:\/\/samantharadionline.com\/?p=20395"},"modified":"2025-10-15T16:23:32","modified_gmt":"2025-10-15T20:23:32","slug":"se-registra-altercado-en-el-oncologico-de-santiago-tras-designar-nuevo-presidente-del-patronato","status":"publish","type":"post","link":"https:\/\/samantharadionline.com\/index.php\/2025\/10\/15\/se-registra-altercado-en-el-oncologico-de-santiago-tras-designar-nuevo-presidente-del-patronato\/","title":{"rendered":"Se registra altercado en el Oncol\u00f3gico de Santiago tras designar nuevo presidente del Patronato"},"content":{"rendered":"\n<p class=\"has-medium-font-size\"><em>La situaci\u00f3n cre\u00f3 un ambiente tenso en el lugar entre H\u00e9ctor Lora y los nuevos miembros de la actual directiva.<\/em><\/p>\n\n\n\n<p><strong>Ashley Mart\u00ednez,\u00a0Nanyelly Fern\u00e1ndez, Santiago, RD.\u00a0<\/strong><\/p>\n\n\n\n<p>El doctor Iv\u00e1n Alexis Mercader Mateo qued\u00f3 designado como el nuevo presidente del Patronato Cibae\u00f1o Contra el C\u00e1ncer, tras una asamblea celebrada por m\u00e9dicos de la entidad.<\/p>\n\n\n\n<p>De acuerdo con el doctor, existe \u201c<strong>una certificaci\u00f3n de la Procuradur\u00eda General de la Rep\u00fablica\u201d,<\/strong>&nbsp;m\u00e1s la asamblea, que lo acredita para que la nueva directiva tome posesi\u00f3n. Informaciones dadas a List\u00edn Diario se\u00f1alan que el&nbsp;<strong>magistrado Juan Carlos Bircann, procurador de la Corte de Apelaci\u00f3n de Santiago<\/strong>, certific\u00f3 la nueva junta directiva.<\/p>\n\n\n\n<p>\u201cDe ahora en adelante ha regresado lo correcto, la decencia y el servicio por lo que los necesitas. Anunciamos que hoy tomamos posesi\u00f3n en nuestro caso como presidente del consejo\u201d, dice Iv\u00e1n Alexis Mercader Mateo, m\u00e9dico neur\u00f3logo.<\/p>\n\n\n\n<p>La situaci\u00f3n cre\u00f3 un&nbsp;<strong>ambiente tenso en el lugar entre H\u00e9ctor Lora y los nuevos miembros de<\/strong>&nbsp;la actual directiva.<\/p>\n\n\n\n<p>\u201cHace siete a\u00f1os que usted no es parte del centro. Qu\u00e9 pena, que bajeza, qu\u00e9 pena me da Mercader, que bajeza\u201d, dice Lora al asegurar que est\u00e1n buscando un aval legal para ver c\u00f3mo actuar\u00e1 en este caso. Mientras tanto, en el Instituto<strong>&nbsp;se encuentran decenas de polic\u00edas y militares,<\/strong>&nbsp;quienes han roto candados y les han dado paso a las nuevas autoridades.<\/p>\n\n\n\n<p><strong>H\u00e9ctor Lora asegur\u00f3 que no abandonar\u00e1 la direcci\u00f3n del patronato<\/strong>&nbsp;porque los doctores que eligieron la nueva directiva \u201cno trabajan en esa entidad\u201d.<\/p>\n\n\n\n<p>Adem\u00e1s de Iv\u00e1n Alexis Mercader, el patronato lo integra Naly Antonia Cruz Ventura, Nicol\u00e1s Edmundo De Jes\u00fas Guillen Guzm\u00e1n, Edilma In\u00e9s Rodr\u00edguez Vargas, Radham\u00e9s Jos\u00e9 Rosado S\u00e1nchez, Silverio Antonio L\u00f3pez Guti\u00e9rrez Y Olga Venecia Cruz De Gonz\u00e1lez.<\/p>\n\n\n\n<p class=\"has-large-font-size\"><strong>Salud P\u00fablica garantiza atenci\u00f3n a pacientes ante altercado en Oncol\u00f3gico de Santiago<\/strong><\/p>\n\n\n\n<p class=\"has-medium-font-size\"><em>Asegur\u00f3 que el Ministerio de Salud contin\u00faa verificando que cada una de las atenciones se est\u00e9n dando y, en el caso de que no se est\u00e9 ofreciendo ning\u00fan tipo de asistencia, \u00abestamos dando conexi\u00f3n para que el servicio la supla a trav\u00e9s de otros centros\u00bb<\/em><\/p>\n\n\n\n<figure class=\"wp-block-image size-full\"><img loading=\"lazy\" decoding=\"async\" width=\"800\" height=\"533\" src=\"https:\/\/samantharadionline.com\/wp-content\/uploads\/2025\/10\/image-7.png\" alt=\"\" class=\"wp-image-20397\" srcset=\"https:\/\/samantharadionline.com\/wp-content\/uploads\/2025\/10\/image-7.png 800w, https:\/\/samantharadionline.com\/wp-content\/uploads\/2025\/10\/image-7-300x200.png 300w, https:\/\/samantharadionline.com\/wp-content\/uploads\/2025\/10\/image-7-768x512.png 768w\" sizes=\"auto, (max-width: 800px) 100vw, 800px\" \/><\/figure>\n\n\n\n<figure class=\"wp-block-image\"><img decoding=\"async\" src=\"https:\/\/listindiario.com\/files\/image_60_60\/uploads\/2025\/01\/25\/67959c045be4c.jpeg\" alt=\"Avatar del Lizbeth Chalas\"\/><\/figure>\n\n\n\n<p><em>\u00a0<\/em>Lizbeth Chalas,<strong> Santo Domingo, RD.<\/strong><\/p>\n\n\n\n<p>El Ministro de Salud P\u00fablica, V\u00edctor Atallah,&nbsp; garantiz\u00f3 la atenci\u00f3n a los pacientes de manera \u00abadecuada y habilitada\u00bb tras registrarse un altercado en el Oncol\u00f3gico de Santiago, por la designaci\u00f3n de l nuevo presidente del Patronato Cibae\u00f1o Contra el C\u00e1ncer, doctor Iv\u00e1n Alexis Mercader Mateo.<\/p>\n\n\n\n<p>\u00abDesde el punto de vista de asistencia y habilitaci\u00f3n, nosotros hemos&nbsp;<strong>enviado seis veces, seis equipos de habilitaci\u00f3n para darle seguimiento&nbsp;<\/strong>a eso y levantamiento del trabajo, y garantizar que la asistencia y atenci\u00f3n a los pacientes se d\u00e9 de manera adecuada y de manera habilitada\u00bb, expres\u00f3.<\/p>\n\n\n\n<p>Adem\u00e1s, asegur\u00f3 que el Ministerio de Salud contin\u00faa verificando que cada una de las atenciones se est\u00e9n dando y, en el caso de que no se est\u00e9 ofreciendo ning\u00fan tipo de asistencia, \u00abestamos dando conexi\u00f3n para que el servicio la supla a trav\u00e9s de otros centros\u00bb.<\/p>\n\n\n\n<p>El ministro de Salud, adem\u00e1s, asegur\u00f3 que la causa del altercado registrado en la ma\u00f1ana de este mi\u00e9rcoles se debe a una \u00abdisputa administrativa\u00bb.<\/p>\n\n\n\n<p>\u00abComo no es parte de la Red P\u00fablica, nosotros no ten\u00edamos control de esa parte y por eso no ten\u00edamos conocimiento; eso fue lo que quisimos decir, pero se sac\u00f3 de contexto\u00bb, explic\u00f3 Atallah.<\/p>\n\n\n\n<p>Aclar\u00f3 que administrativamente el centro de salud es privado, pero que todo lo que es habilitaci\u00f3n, atenci\u00f3n y asistencia recae sobre el manejo del Ministerio de Salud P\u00fablica y, por lo tanto, se mantienen al tanto de la situaci\u00f3n.<\/p>\n\n\n\n<p><strong>Situaci\u00f3n<\/strong><\/p>\n\n\n\n<p>El doctor Iv\u00e1n Alexis Mercader Mateo qued\u00f3 designado como el nuevo presidente del Patronato Cibae\u00f1o Contra el C\u00e1ncer, tras una asamblea celebrada por m\u00e9dicos de la entidad.<\/p>\n\n\n\n<p>Seg\u00fan Mercader, existe una certificaci\u00f3n de la Procuradur\u00eda General de la Rep\u00fablica, m\u00e1s la asamblea que le da la acreditaci\u00f3n para que la nueva directiva del centro tome posesi\u00f3n.<\/p>\n\n\n\n<p>Sin embargo, H\u00e9ctor Lora asegur\u00f3 que no abandonar\u00e1 la direcci\u00f3n del patronato porque los doctores que eligieron la nueva directiva \u201cno trabajan en esa entidad\u201d.<\/p>\n\n\n\n<p>La situaci\u00f3n cre\u00f3 un ambiente tenso en el lugar entre H\u00e9ctor Lora y los nuevos miembros de la actual directiva.<\/p>\n","protected":false},"excerpt":{"rendered":"<p>La situaci\u00f3n cre\u00f3 un ambiente tenso en el lugar entre H\u00e9ctor Lora y los nuevos<\/p>\n","protected":false},"author":1,"featured_media":20396,"comment_status":"open","ping_status":"open","sticky":false,"template":"","format":"standard","meta":{"footnotes":""},"categories":[12],"tags":[],"class_list":["post-20395","post","type-post","status-publish","format-standard","has-post-thumbnail","hentry","category-nacionales"],"_links":{"self":[{"href":"https:\/\/samantharadionline.com\/index.php\/wp-json\/wp\/v2\/posts\/20395","targetHints":{"allow":["GET"]}}],"collection":[{"href":"https:\/\/samantharadionline.com\/index.php\/wp-json\/wp\/v2\/posts"}],"about":[{"href":"https:\/\/samantharadionline.com\/index.php\/wp-json\/wp\/v2\/types\/post"}],"author":[{"embeddable":true,"href":"https:\/\/samantharadionline.com\/index.php\/wp-json\/wp\/v2\/users\/1"}],"replies":[{"embeddable":true,"href":"https:\/\/samantharadionline.com\/index.php\/wp-json\/wp\/v2\/comments?post=20395"}],"version-history":[{"count":1,"href":"https:\/\/samantharadionline.com\/index.php\/wp-json\/wp\/v2\/posts\/20395\/revisions"}],"predecessor-version":[{"id":20398,"href":"https:\/\/samantharadionline.com\/index.php\/wp-json\/wp\/v2\/posts\/20395\/revisions\/20398"}],"wp:featuredmedia":[{"embeddable":true,"href":"https:\/\/samantharadionline.com\/index.php\/wp-json\/wp\/v2\/media\/20396"}],"wp:attachment":[{"href":"https:\/\/samantharadionline.com\/index.php\/wp-json\/wp\/v2\/media?parent=20395"}],"wp:term":[{"taxonomy":"category","embeddable":true,"href":"https:\/\/samantharadionline.com\/index.php\/wp-json\/wp\/v2\/categories?post=20395"},{"taxonomy":"post_tag","embeddable":true,"href":"https:\/\/samantharadionline.com\/index.php\/wp-json\/wp\/v2\/tags?post=20395"}],"curies":[{"name":"wp","href":"https:\/\/api.w.org\/{rel}","templated":true}]}}