{"id":20384,"date":"2025-10-15T08:39:07","date_gmt":"2025-10-15T12:39:07","guid":{"rendered":"https:\/\/samantharadionline.com\/?p=20384"},"modified":"2025-10-15T08:39:08","modified_gmt":"2025-10-15T12:39:08","slug":"aplicaran-inteligencia-artificial-en-salud-educacion-transito-y-seguridad","status":"publish","type":"post","link":"https:\/\/samantharadionline.com\/index.php\/2025\/10\/15\/aplicaran-inteligencia-artificial-en-salud-educacion-transito-y-seguridad\/","title":{"rendered":"Aplicar\u00e1n inteligencia artificial en salud, educaci\u00f3n, tr\u00e1nsito y seguridad"},"content":{"rendered":"\n<p class=\"has-medium-font-size\"><em>Abinader explic\u00f3 que la IA permitir\u00e1 acelerar diagn\u00f3sticos m\u00e9dicos, optimizar el tr\u00e1fico en las ciudades, reforzar la seguridad ciudadana y personalizar la ense\u00f1anza en las escuelas<\/em><\/p>\n\n\n\n<figure class=\"wp-block-image\"><img decoding=\"async\" src=\"https:\/\/listindiario.com\/files\/image_60_60\/uploads\/2025\/07\/13\/68743be1bedc5.jpeg\" alt=\"Avatar del Sauro Scalella\"\/><\/figure>\n\n\n\n<p><strong><em>\u00a0<\/em>Sauro Scalella, Santo Domingo, RD<\/strong><\/p>\n\n\n\n<p>Rep\u00fablica Dominicana comenzar\u00e1 a aplicar la&nbsp;<strong>inteligencia artificial<\/strong>&nbsp;(<strong>IA<\/strong>) en \u00e1reas clave como salud, educaci\u00f3n, turismo, tr\u00e1nsito, finanzas y seguridad, anunci\u00f3 el lunes el presidente Luis Abinader durante la firma de un memorando de entendimiento entre el gobierno y&nbsp;<strong>Nvidia<\/strong>, empresa mundial en computaci\u00f3n acelerada.<\/p>\n\n\n\n<p>El acuerdo forma parte de la Estrategia Nacional de Inteligencia Artificial, con la que el pa\u00eds busca modernizar los servicios p\u00fablicos, mejorar la calidad de vida de la poblaci\u00f3n y ser un centro regional de tecnolog\u00eda e IA.<\/p>\n\n\n\n<p>Abinader explic\u00f3 que la IA permitir\u00e1 acelerar diagn\u00f3sticos m\u00e9dicos, optimizar el tr\u00e1fico en las ciudades, reforzar la seguridad ciudadana y personalizar la ense\u00f1anza en las escuelas.<\/p>\n\n\n\n<p>\u201cImaginemos hospitales donde los diagn\u00f3sticos se hagan m\u00e1s r\u00e1pido y con mayor precisi\u00f3n; ciudades donde el tr\u00e1fico sea m\u00e1s fluido y seguro; escuelas donde cada estudiante aprenda a su ritmo\u201d, dijo el mandatario.<\/p>\n\n\n\n<p>PUBLICIDAD<\/p>\n\n\n\n<p>La vicepresidenta de Iniciativas Globales en IA de Nvidia,&nbsp;<strong>Kimberly Powell<\/strong>, asegur\u00f3 que la aplicaci\u00f3n de esta tecnolog\u00eda en el pa\u00eds puede funcionar como \u201cun canalizador de cambios, para crecer exponencialmente\u201d.<\/p>\n\n\n\n<p>\u201cLa inteligencia artificial tiene el poder de cambiar grandes cosas. Tiene el poder de darle a los profesores mejores tutores y de hacer mejor a Rep\u00fablica Dominicana en todo lo que hace\u201d, afirm\u00f3.<\/p>\n\n\n\n<p>\u201cMucha gente cree que la IA reemplazar\u00e1 los trabajos. No, no lo har\u00e1. El poder de la IA hace los trabajos mejores. La IA est\u00e1 siendo abrazada para crear econom\u00edas. Estamos emocionados de crear programas de educaci\u00f3n\u201d, agreg\u00f3.<\/p>\n\n\n\n<h3 class=\"wp-block-heading\">F\u00e1brica Nacional de IA<\/h3>\n\n\n\n<p>Como parte del acuerdo, se construir\u00e1 una F\u00e1brica Nacional de Inteligencia Artificial, alojada en el NAP del Caribe, un complejo tecnol\u00f3gico del pa\u00eds dotado de altos est\u00e1ndares de seguridad. Y un Centro de Excelencia en Inteligencia Artificial (CEIA), destinado a la formaci\u00f3n, investigaci\u00f3n y desarrollo de talento local.<\/p>\n\n\n\n<p>\u201cEl CEIA ser\u00e1 un punto de encuentro entre el gobierno, la&nbsp;<strong>academia&nbsp;<\/strong>y el sector privado; un laboratorio donde la Rep\u00fablica Dominicana demostrar\u00e1 que no solo consume tecnolog\u00eda, sino que tambi\u00e9n la crea\u201d, se\u00f1al\u00f3 Abinader.<\/p>\n\n\n\n<p>El convenio tambi\u00e9n incluye el AI Academy \/ Hub DLI, que formar\u00e1 a m\u00e1s de mil profesionales dominicanos en inteligencia artificial antes de 2026.<\/p>\n\n\n\n<p>\u201cFormaremos el talento dominicano del presente y del futuro: j\u00f3venes,&nbsp;<strong>profesionales<\/strong>,<strong>&nbsp;servidores p\u00fablicos&nbsp;<\/strong>y emprendedores que ser\u00e1n protagonistas de esta nueva revoluci\u00f3n\u201d, subray\u00f3 el jefe del Estado.<\/p>\n\n\n\n<p>\u201cSer\u00e1 el inicio de una nueva generaci\u00f3n de ingenieros, cient\u00edficos de datos, investigadores y emprendedores digitales que pondr\u00e1n su creatividad al servicio del desarrollo nacional\u201d.<\/p>\n\n\n\n<p>Tras la firma, el presidente del Consejo Directivo del Instituto Dominicano de las Telecomunicaciones (<strong>Indotel<\/strong>),<strong>&nbsp;Guido G\u00f3mez Mazara<\/strong>, dijo que la IA ser\u00e1 una herramienta clave para hacer m\u00e1s eficiente la gesti\u00f3n p\u00fablica y facilitar la vida cotidiana.<\/p>\n\n\n\n<p>\u201cImag\u00ednese un mecanismo que nos diga diariamente c\u00f3mo est\u00e1 la 27 con Lincoln a las tres de la tarde o a las ocho y media de la ma\u00f1ana. \u00bfCu\u00e1n efectivo podr\u00eda ser que los muchachos que toman el metro en su tel\u00e9fono reciban las horas precisas en que pasa el metro?\u201d, plante\u00f3 a los periodistas.<\/p>\n\n\n\n<h3 class=\"wp-block-heading\">Temas de ciberseguirdad<\/h3>\n\n\n\n<p>El funcionario indic\u00f3 que la IA tambi\u00e9n ayudar\u00e1 en temas de ciberseguridad: \u201cEl a\u00f1o pasado Rep\u00fablica Dominicana recibi\u00f3 mil millones de intentos de&nbsp;<strong>ataques&nbsp;<\/strong>(<strong>cibern\u00e9ticos<\/strong>) entre el sector p\u00fablico y privado. Es una realidad que est\u00e1 ah\u00ed\u201d, advirti\u00f3.<\/p>\n\n\n\n<p>Abinader afirm\u00f3 que este paso coloca al pa\u00eds en la ruta de convertirse en un referente regional en innovaci\u00f3n y soberan\u00eda digital.<\/p>\n\n\n\n<p>Subray\u00f3 que la iniciativa busca demostrar que \u00abRep\u00fablica Dominicana no solo consume tecnolog\u00eda, la crea\u00bb, y que el verdadero motor del cambio ser\u00e1 la gente.<\/p>\n\n\n\n<p>\u00abEstamos sembrando hoy las ra\u00edces de una Rep\u00fablica Dominicana inteligente, innovadora y soberana. Este&nbsp;<strong>liderazgo&nbsp;<\/strong>no se mide solo en cifras o inversiones, sino en la capacidad de so\u00f1ar en grande y actuar con determinaci\u00f3n\u00bb, sostuvo Abinader.<\/p>\n\n\n\n<p>El acuerdo fue firmado por el ministro de la Presidencia,<strong>&nbsp;Jos\u00e9 Ignacio Paliza<\/strong>, y la vicepresidenta de Iniciativas Globales en IA de Nvidia.<\/p>\n","protected":false},"excerpt":{"rendered":"<p>Abinader explic\u00f3 que la IA permitir\u00e1 acelerar diagn\u00f3sticos m\u00e9dicos, optimizar el tr\u00e1fico en las ciudades,<\/p>\n","protected":false},"author":1,"featured_media":20385,"comment_status":"open","ping_status":"open","sticky":false,"template":"","format":"standard","meta":{"footnotes":""},"categories":[12],"tags":[],"class_list":["post-20384","post","type-post","status-publish","format-standard","has-post-thumbnail","hentry","category-nacionales"],"_links":{"self":[{"href":"https:\/\/samantharadionline.com\/index.php\/wp-json\/wp\/v2\/posts\/20384","targetHints":{"allow":["GET"]}}],"collection":[{"href":"https:\/\/samantharadionline.com\/index.php\/wp-json\/wp\/v2\/posts"}],"about":[{"href":"https:\/\/samantharadionline.com\/index.php\/wp-json\/wp\/v2\/types\/post"}],"author":[{"embeddable":true,"href":"https:\/\/samantharadionline.com\/index.php\/wp-json\/wp\/v2\/users\/1"}],"replies":[{"embeddable":true,"href":"https:\/\/samantharadionline.com\/index.php\/wp-json\/wp\/v2\/comments?post=20384"}],"version-history":[{"count":1,"href":"https:\/\/samantharadionline.com\/index.php\/wp-json\/wp\/v2\/posts\/20384\/revisions"}],"predecessor-version":[{"id":20386,"href":"https:\/\/samantharadionline.com\/index.php\/wp-json\/wp\/v2\/posts\/20384\/revisions\/20386"}],"wp:featuredmedia":[{"embeddable":true,"href":"https:\/\/samantharadionline.com\/index.php\/wp-json\/wp\/v2\/media\/20385"}],"wp:attachment":[{"href":"https:\/\/samantharadionline.com\/index.php\/wp-json\/wp\/v2\/media?parent=20384"}],"wp:term":[{"taxonomy":"category","embeddable":true,"href":"https:\/\/samantharadionline.com\/index.php\/wp-json\/wp\/v2\/categories?post=20384"},{"taxonomy":"post_tag","embeddable":true,"href":"https:\/\/samantharadionline.com\/index.php\/wp-json\/wp\/v2\/tags?post=20384"}],"curies":[{"name":"wp","href":"https:\/\/api.w.org\/{rel}","templated":true}]}}