{"id":20381,"date":"2025-10-15T08:36:24","date_gmt":"2025-10-15T12:36:24","guid":{"rendered":"https:\/\/samantharadionline.com\/?p=20381"},"modified":"2025-10-15T08:45:37","modified_gmt":"2025-10-15T12:45:37","slug":"la-tarjeta-joven-los-que-pueden-aplicar","status":"publish","type":"post","link":"https:\/\/samantharadionline.com\/index.php\/2025\/10\/15\/la-tarjeta-joven-los-que-pueden-aplicar\/","title":{"rendered":"\u00a0La Tarjeta Joven, los que pueden aplicar"},"content":{"rendered":"\n<p class=\"has-medium-font-size\"><em>\u00a0Adem\u00e1s de la edad, los j\u00f3venes deben estar en condiciones de pobreza o vulnerabilidad<\/em><\/p>\n\n\n\n<p><strong>R. L. D., Santo Domingo, RD<\/strong><\/p>\n\n\n\n<p>La primera respuesta es a<strong>&nbsp;j\u00f3venes&nbsp;<\/strong>entre los 18 y 35 a\u00f1os. Lo que sigue es una serie de par\u00e1metros que no est\u00e1n bien establecidos en el formulario debido a que el joven no necesariamente debe vivir en&nbsp;<strong>Rep\u00fablica Dominicana<\/strong>, ya que existe la condici\u00f3n de \u201cjoven viviendo en el extranjero\u201d.<\/p>\n\n\n\n<p>De acuerdo a la comunicaci\u00f3n compartida por el Gobierno, adem\u00e1s de la edad, los j\u00f3venes deben estar en condiciones de&nbsp;<strong>pobreza&nbsp;<\/strong>o&nbsp;<strong>vulnerabilidad<\/strong>.<\/p>\n\n\n\n<p>En la primera etapa, prevista para este \u00faltimo trimestre de 2025, \u201cse priorizar\u00e1n&nbsp;<strong>estudiantes universitarios<\/strong>, madres j\u00f3venes, personas con discapacidad y j\u00f3venes residentes en zonas vulnerables, incluyendo miembros de familias acogidas por&nbsp;<strong>Sup\u00e9rate<\/strong>\u201d.<\/p>\n\n\n\n<p>Con los datos a los interesados se les har\u00e1 una \u201cverificaci\u00f3n de elegibilidad\u201d con otras instituciones.<\/p>\n\n\n\n<p>Para ingresar a ella es necesario poner, c\u00e9dula, direcci\u00f3n, tel\u00e9fono, edad, zona de residencia, etc. En la selecci\u00f3n 2 del formulario establece \u201c\u00bfcu\u00e1l de estas condiciones aplica a ti? (puedes seleccionar varias): integrante de una organizaci\u00f3n social; joven con una discapacidad; madre\/padre adolescente;&nbsp;<strong>joven profesional sin empleo<\/strong>; joven emprendedor o empresario; joven sin empleo; joven dominicano\/a de ascendencia extranjera; joven viviendo en el extranjero; joven de comunidad rural; joven que se dedica 100% al cuidado del hogar\u201d.<\/p>\n\n\n\n<p>Adem\u00e1s, piden completar informaci\u00f3n del \u00faltimo curso completado y empleo. Se piden los ingresos, si existen, de las personas del hogar.<\/p>\n\n\n\n<p>\u201c\u00bfEres joven, estudias, trabajas o est\u00e1s buscando&nbsp;<strong>oportunidades<\/strong>? La&nbsp;<strong>Tarjeta Joven<\/strong>&nbsp;es tu pase directo a una vida con m\u00e1s beneficios, m\u00e1s oportunidades y m\u00e1s futuro\u201d, dice el eslogan.<\/p>\n\n\n\n<p>Esta tarjeta que se entregar\u00e1 en coordinaci\u00f3n con el Ministerio de la Juventud y la Direcci\u00f3n de Desarrollo Social de&nbsp;<strong>Sup\u00e9rate<\/strong>, permitir\u00e1 a los j\u00f3venes descuento en&nbsp;<strong>transporte p\u00fablico<\/strong>&nbsp;(Metro, OMSA, Telef\u00e9rico); afiliaci\u00f3n gratuita al&nbsp;<strong>Seguro Nacional de Salud<\/strong>&nbsp;(SENASA) subsidiado para j\u00f3venes sin seguro m\u00e9dico.<\/p>\n\n\n\n<p>Adem\u00e1s, acceso a descuento en museos, ferias, talleres y actividades culturales del Ministerio de Cultura e Instituto Nacional Formaci\u00f3n T\u00e9cnico Profesional (<strong>Infotep<\/strong>).<\/p>\n","protected":false},"excerpt":{"rendered":"<p>\u00a0Adem\u00e1s de la edad, los j\u00f3venes deben estar en condiciones de pobreza o vulnerabilidad R.<\/p>\n","protected":false},"author":1,"featured_media":20382,"comment_status":"open","ping_status":"open","sticky":false,"template":"","format":"standard","meta":{"footnotes":""},"categories":[10],"tags":[],"class_list":["post-20381","post","type-post","status-publish","format-standard","has-post-thumbnail","hentry","category-economica"],"_links":{"self":[{"href":"https:\/\/samantharadionline.com\/index.php\/wp-json\/wp\/v2\/posts\/20381","targetHints":{"allow":["GET"]}}],"collection":[{"href":"https:\/\/samantharadionline.com\/index.php\/wp-json\/wp\/v2\/posts"}],"about":[{"href":"https:\/\/samantharadionline.com\/index.php\/wp-json\/wp\/v2\/types\/post"}],"author":[{"embeddable":true,"href":"https:\/\/samantharadionline.com\/index.php\/wp-json\/wp\/v2\/users\/1"}],"replies":[{"embeddable":true,"href":"https:\/\/samantharadionline.com\/index.php\/wp-json\/wp\/v2\/comments?post=20381"}],"version-history":[{"count":1,"href":"https:\/\/samantharadionline.com\/index.php\/wp-json\/wp\/v2\/posts\/20381\/revisions"}],"predecessor-version":[{"id":20383,"href":"https:\/\/samantharadionline.com\/index.php\/wp-json\/wp\/v2\/posts\/20381\/revisions\/20383"}],"wp:featuredmedia":[{"embeddable":true,"href":"https:\/\/samantharadionline.com\/index.php\/wp-json\/wp\/v2\/media\/20382"}],"wp:attachment":[{"href":"https:\/\/samantharadionline.com\/index.php\/wp-json\/wp\/v2\/media?parent=20381"}],"wp:term":[{"taxonomy":"category","embeddable":true,"href":"https:\/\/samantharadionline.com\/index.php\/wp-json\/wp\/v2\/categories?post=20381"},{"taxonomy":"post_tag","embeddable":true,"href":"https:\/\/samantharadionline.com\/index.php\/wp-json\/wp\/v2\/tags?post=20381"}],"curies":[{"name":"wp","href":"https:\/\/api.w.org\/{rel}","templated":true}]}}