{"id":20350,"date":"2025-10-13T20:00:20","date_gmt":"2025-10-14T00:00:20","guid":{"rendered":"https:\/\/samantharadionline.com\/?p=20350"},"modified":"2025-10-13T20:00:21","modified_gmt":"2025-10-14T00:00:21","slug":"presidente-no-comentara-la-ausencia-de-presidenta-de-mexico-a-la-cumbre-de-las-americas","status":"publish","type":"post","link":"https:\/\/samantharadionline.com\/index.php\/2025\/10\/13\/presidente-no-comentara-la-ausencia-de-presidenta-de-mexico-a-la-cumbre-de-las-americas\/","title":{"rendered":"Presidente \u201cno comentar\u00e1\u201d la ausencia de presidenta de M\u00e9xico a la Cumbre de las Am\u00e9ricas"},"content":{"rendered":"\n<p class=\"has-medium-font-size\"><em>Durante una rueda de prensa en el palacio presidencial mexicano, Sheinbaum manifest\u00f3 su desacuerdo con que se excluyan a naciones de la Cumbre, aunque tambi\u00e9n cit\u00f3 que no asistir\u00eda debido a que tiene \u201casuntos que atender\u201d en su pa\u00eds<\/em><\/p>\n\n\n\n<figure class=\"wp-block-image\"><img decoding=\"async\" src=\"https:\/\/listindiario.com\/files\/image_60_60\/uploads\/2023\/05\/16\/64638cfd2419c.jpeg\" alt=\"Avatar del Javier Flores\"\/><\/figure>\n\n\n\n<p><strong><em>\u00a0<\/em>Javier Flores, Santo Domingo, RD<\/strong><\/p>\n\n\n\n<p>El presidente&nbsp;<strong>Luis Abinader&nbsp;<\/strong>indic\u00f3 que no expresar\u00eda ninguna opini\u00f3n con relaci\u00f3n a la posici\u00f3n presentada por su hom\u00f3loga mexicana,&nbsp;<strong>Claudia Sheinbaum<\/strong>, quien inform\u00f3 que no participar\u00eda en pr\u00f3xima&nbsp;<strong>Cumbre de las Am\u00e9ricas<\/strong>&nbsp;que se celebrar\u00e1 en diciembre el pa\u00eds al mostrarse en desacuerdo con la exclusi\u00f3n de Cuba, Nicaragua y Venezuela.<\/p>\n\n\n\n<p>\u201cYo voy a contestar con las mismas palabras que la presidenta Claudia us\u00f3 cuando le preguntaron sobre lo que opinaba sobre el<strong>\u00a0Premio Nobel de la Paz\u00a0<\/strong>(ganado por Mar\u00eda Corina Collado) y ella dijo dos \u2018no comentarios\u2019. Yo quiero contestar con esas mismas palabras\u201d, fue lo respondido por el mandatario al ser cuestionado por los representantes de los medios de comunicaci\u00f3n en LA Semanal.<\/p>\n\n\n\n<p>A finales de septiembre, el Gobierno inform\u00f3 no invitar a Cuba, Nicaragua y Venezuela a la X&nbsp;<strong>Cumbre de las Am\u00e9ricas que se celebrar\u00e1 el 4 y el 5 de diciembre<\/strong>&nbsp;pr\u00f3ximo en Punta Cana debido a que estos pa\u00edses han decidido no formar parte de la Organizaci\u00f3n de Estados Americanos (<strong>OEA<\/strong>) y que tampoco participaron en la pasada edici\u00f3n de la Cumbre de las Am\u00e9ricas.<\/p>\n\n\n\n<p>\u201cLo que s\u00ed quiero destacar es que en la Cumbre de las Am\u00e9ricas, la Rep\u00fablica Dominicana est\u00e1 comprometida con las tres D,&nbsp;<strong>dialogo<\/strong>,&nbsp;<strong>democracia&nbsp;<\/strong>y&nbsp;<strong>derechos humanos.<\/strong>&nbsp;De eso se trata la Cumbre de las Am\u00e9ricas\u201d, argument\u00f3 el mandatario.<\/p>\n\n\n\n<p>Durante una rueda de prensa en el palacio presidencial mexicano, Sheinbaum manifest\u00f3 su desacuerdo con que se excluyan a naciones de la Cumbre, aunque tambi\u00e9n cit\u00f3 que no asistir\u00eda debido a que tiene \u201casuntos que atender\u201d en su pa\u00eds.<\/p>\n\n\n\n<p>\u00abEn lo personal, primero, nunca estamos de acuerdo que se excluya ning\u00fan pa\u00eds, o no estamos de acuerdo con que se excluya ning\u00fan pa\u00eds, pero adem\u00e1s en la circunstancia actual, no. Hay que estar atendiendo al pa\u00eds y en particular la emergencia (inundaciones por intensas lluvias en el centro del pa\u00eds que dejaron hasta ahora 64 muertos)\u00bb, a\u00f1adi\u00f3 la mandataria de acuerdo a declaraciones recogidas por la Agencia EFE.<\/p>\n","protected":false},"excerpt":{"rendered":"<p>Durante una rueda de prensa en el palacio presidencial mexicano, Sheinbaum manifest\u00f3 su desacuerdo con<\/p>\n","protected":false},"author":1,"featured_media":20351,"comment_status":"open","ping_status":"open","sticky":false,"template":"","format":"standard","meta":{"footnotes":""},"categories":[12],"tags":[],"class_list":["post-20350","post","type-post","status-publish","format-standard","has-post-thumbnail","hentry","category-nacionales"],"_links":{"self":[{"href":"https:\/\/samantharadionline.com\/index.php\/wp-json\/wp\/v2\/posts\/20350","targetHints":{"allow":["GET"]}}],"collection":[{"href":"https:\/\/samantharadionline.com\/index.php\/wp-json\/wp\/v2\/posts"}],"about":[{"href":"https:\/\/samantharadionline.com\/index.php\/wp-json\/wp\/v2\/types\/post"}],"author":[{"embeddable":true,"href":"https:\/\/samantharadionline.com\/index.php\/wp-json\/wp\/v2\/users\/1"}],"replies":[{"embeddable":true,"href":"https:\/\/samantharadionline.com\/index.php\/wp-json\/wp\/v2\/comments?post=20350"}],"version-history":[{"count":1,"href":"https:\/\/samantharadionline.com\/index.php\/wp-json\/wp\/v2\/posts\/20350\/revisions"}],"predecessor-version":[{"id":20352,"href":"https:\/\/samantharadionline.com\/index.php\/wp-json\/wp\/v2\/posts\/20350\/revisions\/20352"}],"wp:featuredmedia":[{"embeddable":true,"href":"https:\/\/samantharadionline.com\/index.php\/wp-json\/wp\/v2\/media\/20351"}],"wp:attachment":[{"href":"https:\/\/samantharadionline.com\/index.php\/wp-json\/wp\/v2\/media?parent=20350"}],"wp:term":[{"taxonomy":"category","embeddable":true,"href":"https:\/\/samantharadionline.com\/index.php\/wp-json\/wp\/v2\/categories?post=20350"},{"taxonomy":"post_tag","embeddable":true,"href":"https:\/\/samantharadionline.com\/index.php\/wp-json\/wp\/v2\/tags?post=20350"}],"curies":[{"name":"wp","href":"https:\/\/api.w.org\/{rel}","templated":true}]}}