{"id":20347,"date":"2025-10-13T19:56:55","date_gmt":"2025-10-13T23:56:55","guid":{"rendered":"https:\/\/samantharadionline.com\/?p=20347"},"modified":"2025-10-13T19:56:56","modified_gmt":"2025-10-13T23:56:56","slug":"claudia-sheinbaum-no-vendra-a-republica-dominicana-para-cumbre-de-las-americas","status":"publish","type":"post","link":"https:\/\/samantharadionline.com\/index.php\/2025\/10\/13\/claudia-sheinbaum-no-vendra-a-republica-dominicana-para-cumbre-de-las-americas\/","title":{"rendered":"Claudia Sheinbaum no vendr\u00e1 a Rep\u00fablica Dominicana para Cumbre de las Am\u00e9ricas"},"content":{"rendered":"\n<p class=\"has-medium-font-size\"><em>Agrega, que su gobierno est\u00e1 analizando si habr\u00e1 representaci\u00f3n de M\u00e9xico<\/em><\/p>\n\n\n\n<figure class=\"wp-block-image\"><img decoding=\"async\" src=\"https:\/\/listindiario.com\/files\/image_60_60\/uploads\/2023\/05\/23\/646cd02f4f53e.jpeg\" alt=\"Avatar del Agencia EFE\"\/><\/figure>\n\n\n\n<p><strong><em>\u00a0<\/em>Agencia EFE, CIUDAD DE M\u00c9XICO<\/strong><\/p>\n\n\n\n<p>La\u00a0<strong>presidenta de M\u00e9xico<\/strong>,\u00a0<strong>Claudia Sheinbaum,<\/strong>\u00a0expres\u00f3 este lunes su desacuerdo por la\u00a0<strong>exclusi\u00f3n de Cuba, Nicaragua\u00a0<\/strong>y<strong>\u00a0Venezuela\u00a0<\/strong>de la pr\u00f3xima\u00a0Cumbre de las Am\u00e9ricas\u00a0que se celebrar\u00e1 en diciembre en Rep\u00fablica Dominicana, a la que dijo, no asistir\u00e1, por atender asuntos en su pa\u00eds.<\/p>\n\n\n\n<p>\u00abNo, no voy a asistir\u00bb, dijo tajante&nbsp;<strong>Sheinbaum&nbsp;<\/strong>en su conferencia diaria en el&nbsp;<strong>Palacio Nacional<\/strong>&nbsp;y agreg\u00f3 que su gobierno est\u00e1 analizando si habr\u00e1 representaci\u00f3n de&nbsp;<strong>M\u00e9xico<\/strong>: \u00abeso es lo que estamos viendo, a ver si habr\u00e1 alguien de Canciller\u00eda que pudiera ir\u00bb.<\/p>\n\n\n\n<p>\u00abEn lo personal, primero, nunca estamos de acuerdo que se excluya ning\u00fan pa\u00eds, o no estamos de acuerdo con que&nbsp;<strong>se excluya ning\u00fan pa\u00eds<\/strong>, pero adem\u00e1s en la circunstancia actual, no. Hay que estar atendiendo al pa\u00eds y en particular la emergencia (inundaciones por intensas lluvias en el centro del pa\u00eds que dejaron hasta ahora 64 muertos)\u00bb, a\u00f1adi\u00f3 la mandataria.<\/p>\n\n\n\n<p>Desde su llegada al poder en octubre de 2024,&nbsp;<strong>Sheinbaum<\/strong>&nbsp;ha realizado apenas cuatro viajes internacionales: la cumbre del G20 en&nbsp;<strong>Brasil&nbsp;<\/strong>en noviembre de 2024, la cumbre de la CELAC en&nbsp;<strong>Honduras&nbsp;<\/strong>en abril, la del G7 de&nbsp;<strong>Canad\u00e1&nbsp;<\/strong>en junio y un encuentro trilateral en Guatemala con el presidente,&nbsp;<strong>Bernardo Ar\u00e9valo<\/strong>, y el primer ministro de Belice, Johnny Brice\u00f1o, en agosto.<\/p>\n\n\n\n<p>El pasado 30 de septiembre, la Canciller\u00eda dominicana inform\u00f3 sobre la decisi\u00f3n del Gobierno de Luis Abinader de&nbsp;<strong>no invitar a Cuba, Nicaragua&nbsp;<\/strong>y<strong>&nbsp;Venezuela&nbsp;<\/strong>a la&nbsp;<strong>X Cumbre de las Am\u00e9ricas<\/strong>&nbsp;que se celebrar\u00e1 el 4 y el 5 de diciembre pr\u00f3ximo en Punta Cana, en el este del pa\u00eds caribe\u00f1o.<\/p>\n\n\n\n<p><strong>Lea tambi\u00e9n<\/strong><\/p>\n\n\n\n<p>En un comunicado, precis\u00f3 que al asumir la presidencia pro tempore en 2023, el Ejecutivo dominicano anunci\u00f3 que dicha<strong>&nbsp;cumbre ser\u00eda inclusiva<\/strong>, \u00abprop\u00f3sito que procuramos honrar\u00bb; sin embargo, \u00abfrente al contexto actual de polarizaci\u00f3n pol\u00edtica, hemos decidido priorizar el \u00e9xito del encuentro, extendiendo la invitaci\u00f3n al mayor n\u00famero posible de pa\u00edses\u00bb.<\/p>\n\n\n\n<p>En ese sentido, \u00abla no invitaci\u00f3n a&nbsp;<strong>Cuba, Nicaragua&nbsp;<\/strong>y<strong>&nbsp;Venezuela<\/strong>&nbsp;\u2014pa\u00edses que, por diversas razones, han decidido no formar parte de la&nbsp;<strong>OEA&nbsp;<\/strong>y que tampoco participaron en la pasada edici\u00f3n de la Cumbre de las Am\u00e9ricas\u2014 constituye la decisi\u00f3n que, dadas las circunstancias hemisf\u00e9ricas, favorece la mayor convocatoria y asegura el desarrollo del foro\u00bb, afirm\u00f3 la nota publicada en la p\u00e1gina web de la Canciller\u00eda.<\/p>\n\n\n\n<p>La decisi\u00f3n de no invitarlos en esta ocasi\u00f3n, \u00abresponde a un criterio estrictamente multilateral\u00bb, se\u00f1al\u00f3 la Canciller\u00eda, que subray\u00f3, adem\u00e1s, que la&nbsp;<strong>relaci\u00f3n bilateral de Rep\u00fablica Dominicana<\/strong>&nbsp;con cada uno de estos Estados \u00abmantiene caracter\u00edsticas propias\u00bb.<\/p>\n\n\n\n<p>La<strong>&nbsp;IX Cumbre de las Am\u00e9ricas<\/strong>, celebrada en Los \u00c1ngeles (EE.UU.) en 2022, tambi\u00e9n estuvo marcada por la no invitaci\u00f3n a La Habana, Managua y Caracas, y tampoco cont\u00f3 con la participaci\u00f3n del entonces presidente mexicano,&nbsp;<strong>Andr\u00e9s Manuel L\u00f3pez Obrador<\/strong>&nbsp;(2018-2024).<\/p>\n","protected":false},"excerpt":{"rendered":"<p>Agrega, que su gobierno est\u00e1 analizando si habr\u00e1 representaci\u00f3n de M\u00e9xico \u00a0Agencia EFE, CIUDAD DE<\/p>\n","protected":false},"author":1,"featured_media":20348,"comment_status":"open","ping_status":"open","sticky":false,"template":"","format":"standard","meta":{"footnotes":""},"categories":[4],"tags":[],"class_list":["post-20347","post","type-post","status-publish","format-standard","has-post-thumbnail","hentry","category-mundiales"],"_links":{"self":[{"href":"https:\/\/samantharadionline.com\/index.php\/wp-json\/wp\/v2\/posts\/20347","targetHints":{"allow":["GET"]}}],"collection":[{"href":"https:\/\/samantharadionline.com\/index.php\/wp-json\/wp\/v2\/posts"}],"about":[{"href":"https:\/\/samantharadionline.com\/index.php\/wp-json\/wp\/v2\/types\/post"}],"author":[{"embeddable":true,"href":"https:\/\/samantharadionline.com\/index.php\/wp-json\/wp\/v2\/users\/1"}],"replies":[{"embeddable":true,"href":"https:\/\/samantharadionline.com\/index.php\/wp-json\/wp\/v2\/comments?post=20347"}],"version-history":[{"count":1,"href":"https:\/\/samantharadionline.com\/index.php\/wp-json\/wp\/v2\/posts\/20347\/revisions"}],"predecessor-version":[{"id":20349,"href":"https:\/\/samantharadionline.com\/index.php\/wp-json\/wp\/v2\/posts\/20347\/revisions\/20349"}],"wp:featuredmedia":[{"embeddable":true,"href":"https:\/\/samantharadionline.com\/index.php\/wp-json\/wp\/v2\/media\/20348"}],"wp:attachment":[{"href":"https:\/\/samantharadionline.com\/index.php\/wp-json\/wp\/v2\/media?parent=20347"}],"wp:term":[{"taxonomy":"category","embeddable":true,"href":"https:\/\/samantharadionline.com\/index.php\/wp-json\/wp\/v2\/categories?post=20347"},{"taxonomy":"post_tag","embeddable":true,"href":"https:\/\/samantharadionline.com\/index.php\/wp-json\/wp\/v2\/tags?post=20347"}],"curies":[{"name":"wp","href":"https:\/\/api.w.org\/{rel}","templated":true}]}}