{"id":20336,"date":"2025-10-13T09:29:51","date_gmt":"2025-10-13T13:29:51","guid":{"rendered":"https:\/\/samantharadionline.com\/?p=20336"},"modified":"2025-10-13T09:29:52","modified_gmt":"2025-10-13T13:29:52","slug":"con-alegria-y-congoja-reciben-en-israel-a-los-ultimos-secuestrados-vivos","status":"publish","type":"post","link":"https:\/\/samantharadionline.com\/index.php\/2025\/10\/13\/con-alegria-y-congoja-reciben-en-israel-a-los-ultimos-secuestrados-vivos\/","title":{"rendered":"Con alegr\u00eda y congoja reciben en Israel a los \u00faltimos secuestrados vivos"},"content":{"rendered":"\n<p class=\"has-medium-font-size\"><em>Con abrazos y gritos de alegr\u00eda, pero tambi\u00e9n con l\u00e1grimas y punzadas de dolor, cientos de personas celebraron en la Plaza de los Rehenes de Tel Aviv las liberaciones de los \u00faltimos israel\u00edes retenidos en Gaza desde hace m\u00e1s de dos a\u00f1os por el grupo terrorista Ham\u00e1s<\/em><\/p>\n\n\n\n<p><strong>Por: RFI con AFP<\/strong><\/p>\n\n\n\n<p>Muchos llevan all\u00ed desde el amanecer, con fotograf\u00edas de los rehenes y banderas israel\u00edes con un lazo amarillo, un s\u00edmbolo del movimiento que ped\u00eda la liberaci\u00f3n de los secuestrados por el movimiento islamista palestino Ham\u00e1s.<\/p>\n\n\n\n<p>\u00abEsper\u00e1bamos este momento, pero queda tristeza por aquellos que no vuelven y por los casi 2.000 muertos de la guerra, dos a\u00f1os de locura que se terminan\u00bb, explica a AFP Ronny Edry, un profesor de 54 a\u00f1os.<\/p>\n\n\n\n<p>\u00abPero es una linda jornada, es lo que esper\u00e1bamos desde hace dos a\u00f1os\u00bb, asegura desde la llamada Plaza de los Rehenes.<\/p>\n\n\n\n<p>Ham\u00e1s y sus milicias aliadas tomaron como rehenes a 251 personas durante su ataque sin precedentes contra el sur de Israel del 7 de octubre de 2023 que desencaden\u00f3 la guerra en la Franja de Gaza.<\/p>\n\n\n\n<p>Muchos regresaron a Israel en treguas anteriores, pero 47 continuaban retenidos en el territorio palestino. Solo 20 segu\u00edan con vida.<\/p>\n\n\n\n<p>Desde entonces, Noga ha lucido siempre una insignia en la que contaba los d\u00edas de cautiverio.<\/p>\n\n\n\n<figure class=\"wp-block-image\"><img decoding=\"async\" src=\"https:\/\/s.rfi.fr\/media\/display\/7e8b1338-a80b-11f0-864c-005056bf30b7\/w:1024\/cdeb73ddac766e90ecb2361a4bf9d6df169922a4.jpg\" alt=\"Israel\u00edes se concentran en Tel Aviv a la espera de la liberaci\u00f3n de los \u00faltimos rehenes en Gaza, el 13 de octubre de 2025\"\/><figcaption class=\"wp-element-caption\">Israel\u00edes se concentran en Tel Aviv a la espera de la liberaci\u00f3n de los \u00faltimos rehenes en Gaza, el 13 de octubre de 2025&nbsp;\u00a9 AHMAD GHARABLI \/ AFP<\/figcaption><\/figure>\n\n\n\n<p>Este lunes, ante la esperada liberaci\u00f3n de los rehenes en el marco de la tregua entre Israel y Ham\u00e1s, luce un nuevo mensaje: \u00abLast day\u00bb (\u00daltimo d\u00eda).<\/p>\n\n\n\n<p>\u00abEstoy partida entre la emoci\u00f3n y la tristeza por aquellos que no volver\u00e1n\u00bb, explica a AFP en la Plaza de los Rehenes.<\/p>\n\n\n\n<p>Durante los \u00faltimos dos a\u00f1os de conflicto, esta plaza de Tel Aviv ha sido escenario de frecuentes manifestaciones y concentraciones de familiares de rehenes y personas que les daban apoyo.<\/p>\n\n\n\n<p>Con los meses, se convirti\u00f3 en el epicentro de la campa\u00f1a para reclamar el regreso de los cautivos.<\/p>\n\n\n\n<p>Cuando se anunci\u00f3 la liberaci\u00f3n de los siete primeros rehenes este lunes, la plaza estall\u00f3 en gritos y canciones de alegr\u00eda.<\/p>\n\n\n\n<h2 class=\"wp-block-heading\">\u00abDe regreso a casa\u00bb<\/h2>\n\n\n\n<p>El Foro de las Familias de Rehenes y Desaparecidos, la principal organizaci\u00f3n que representa a los allegados de los cautivos, pidi\u00f3 a la poblaci\u00f3n reunirse en esa plaza luciendo lazos amarillos.<\/p>\n\n\n\n<p>Con la guerra, estos lazos se han hecho omnipresentes en los espacios p\u00fablicos de Israel. Se ven en rotondas, en manillas de las puertas de los coches o en asas de cochecitos para beb\u00e9s.<\/p>\n\n\n\n<p>\u00abNuestro sufrimiento no ha terminado. No terminar\u00e1 hasta que el \u00faltimo reh\u00e9n haya sido localizado y devuelto para un entierro digno. Es nuestra obligaci\u00f3n moral\u00bb, afirm\u00f3 el Foro de las Familias en un comunicado.<\/p>\n\n\n\n<p>Emilie Moatti, exparlamentaria y una de las fundadores de la organizaci\u00f3n, dijo a AFP que estaba \u00abmuy emocionada\u00bb. Luchando para contener las l\u00e1grimas, la mujer se\u00f1alaba la multitud reunida en la plaza.<\/p>\n\n\n\n<figure class=\"wp-block-image\"><img decoding=\"async\" src=\"https:\/\/s.rfi.fr\/media\/display\/7dbe3156-a80b-11f0-a739-005056a97e36\/w:1024\/034695e784df44a06c6b51e18135311b0cf8dffd.jpg\" alt=\"Israel\u00edes muestran retratos de los \u00faltimos rehenes retenidos en Gaza, en la Plaza de los Rehenes de Tel Aviv, el 13 de octubre de 2025\"\/><figcaption class=\"wp-element-caption\">Israel\u00edes muestran retratos de los \u00faltimos rehenes retenidos en Gaza, en la Plaza de los Rehenes de Tel Aviv, el 13 de octubre de 2025&nbsp;\u00a9 Menahem KAHANA \/ AFP<\/figcaption><\/figure>\n\n\n\n<p>En las pantallas gigantes instaladas, las televisiones israel\u00edes emit\u00edan im\u00e1genes de antiguas concentraciones celebradas en ese mismo lugar.<\/p>\n\n\n\n<p>La canci\u00f3n Habayta (\u00abDe regreso a casa\u00bb en hebreo) que sonaba en bucle por los altavoces calaba este lunes de forma distinta entre la multitud.<\/p>\n\n\n\n<p>El tema, compuesto en los 1980 en referencia a los soldados israel\u00edes que luchaban en L\u00edbano, volvi\u00f3 a resurgir despu\u00e9s del ataque del 7 de octubre.<\/p>\n\n\n\n<p>Este lunes, por primera vez en meses, el deseo de la canci\u00f3n estaba a punto de hacerse realidad.<\/p>\n\n\n\n<p>El regreso de los rehenes es parte de la primera fase del acuerdo de alto al fuego forjado por el presidente estadounidense, Donald Trump. A cambio, casi 2.000 presos palestinos ser\u00e1n liberados de las c\u00e1rceles israel\u00edes.<\/p>\n","protected":false},"excerpt":{"rendered":"<p>Con abrazos y gritos de alegr\u00eda, pero tambi\u00e9n con l\u00e1grimas y punzadas de dolor, cientos<\/p>\n","protected":false},"author":1,"featured_media":20337,"comment_status":"open","ping_status":"open","sticky":false,"template":"","format":"standard","meta":{"footnotes":""},"categories":[4],"tags":[],"class_list":["post-20336","post","type-post","status-publish","format-standard","has-post-thumbnail","hentry","category-mundiales"],"_links":{"self":[{"href":"https:\/\/samantharadionline.com\/index.php\/wp-json\/wp\/v2\/posts\/20336","targetHints":{"allow":["GET"]}}],"collection":[{"href":"https:\/\/samantharadionline.com\/index.php\/wp-json\/wp\/v2\/posts"}],"about":[{"href":"https:\/\/samantharadionline.com\/index.php\/wp-json\/wp\/v2\/types\/post"}],"author":[{"embeddable":true,"href":"https:\/\/samantharadionline.com\/index.php\/wp-json\/wp\/v2\/users\/1"}],"replies":[{"embeddable":true,"href":"https:\/\/samantharadionline.com\/index.php\/wp-json\/wp\/v2\/comments?post=20336"}],"version-history":[{"count":1,"href":"https:\/\/samantharadionline.com\/index.php\/wp-json\/wp\/v2\/posts\/20336\/revisions"}],"predecessor-version":[{"id":20338,"href":"https:\/\/samantharadionline.com\/index.php\/wp-json\/wp\/v2\/posts\/20336\/revisions\/20338"}],"wp:featuredmedia":[{"embeddable":true,"href":"https:\/\/samantharadionline.com\/index.php\/wp-json\/wp\/v2\/media\/20337"}],"wp:attachment":[{"href":"https:\/\/samantharadionline.com\/index.php\/wp-json\/wp\/v2\/media?parent=20336"}],"wp:term":[{"taxonomy":"category","embeddable":true,"href":"https:\/\/samantharadionline.com\/index.php\/wp-json\/wp\/v2\/categories?post=20336"},{"taxonomy":"post_tag","embeddable":true,"href":"https:\/\/samantharadionline.com\/index.php\/wp-json\/wp\/v2\/tags?post=20336"}],"curies":[{"name":"wp","href":"https:\/\/api.w.org\/{rel}","templated":true}]}}