{"id":20318,"date":"2025-10-13T09:01:31","date_gmt":"2025-10-13T13:01:31","guid":{"rendered":"https:\/\/samantharadionline.com\/?p=20318"},"modified":"2025-10-13T09:01:32","modified_gmt":"2025-10-13T13:01:32","slug":"los-20-rehenes-israelies-liberados-en-gaza","status":"publish","type":"post","link":"https:\/\/samantharadionline.com\/index.php\/2025\/10\/13\/los-20-rehenes-israelies-liberados-en-gaza\/","title":{"rendered":"Los 20 rehenes israel\u00edes liberados en Gaza"},"content":{"rendered":"\n<p class=\"has-medium-font-size\"><em>Capturados por milicianos islamistas en el ataque de Ham\u00e1s del 7 de octubre de 2023 en el sur de Israel<\/em><\/p>\n\n\n\n<figure class=\"wp-block-image\"><img decoding=\"async\" src=\"https:\/\/listindiario.com\/files\/image_60_60\/uploads\/2025\/06\/12\/684b39171bfd7.jpeg\" alt=\"Avatar del Agencia AFP\"\/><\/figure>\n\n\n\n<p><strong><em>\u00a0<\/em>Agencia AFP<\/strong><\/p>\n\n\n\n<p>Los\u00a0<strong>\u00faltimos 20 rehenes israel\u00edes<\/strong>\u00a0con vida que estaban cautivos en la\u00a0<strong>Franja de Gaza\u00a0<\/strong>desde hace dos a\u00f1os fueron liberados este lunes.<\/p>\n\n\n\n<p>Los<strong>\u00a0veinte liberados\u00a0<\/strong>fueron capturados por milicianos islamistas en el ataque de Ham\u00e1s del 7 de octubre de 2023 en el sur de\u00a0<strong>Israel<\/strong>, que desat\u00f3 la\u00a0guerra en Gaza.<\/p>\n\n\n\n<p>Estos son los rehenes liberados:<\/p>\n\n\n\n<h3 class=\"wp-block-heading\">Matan Angrest, 22 a\u00f1os&nbsp;<\/h3>\n\n\n\n<figure class=\"wp-block-image\" id=\"m71942-71941-71943\"><img decoding=\"async\" src=\"https:\/\/listindiario.com\/files\/vertical_main_image\/uploads\/2025\/10\/13\/68ece504467fe.jpeg\" alt=\"Matan Angrest\"\/><figcaption class=\"wp-element-caption\">Matan AngrestFuente externa<\/figcaption><\/figure>\n\n\n\n<p>El suboficial&nbsp;<strong>Matan Angrest<\/strong>&nbsp;fue capturado en su tanque cerca de la<strong>&nbsp;Franja de Gaza<\/strong>&nbsp;despu\u00e9s de intentar impedir la infiltraci\u00f3n de comandos islamistas cerca de la<strong>&nbsp;base militar de Nahal Oz.<\/strong><\/p>\n\n\n\n<p>Los tres compa\u00f1eros que iban con \u00e9l en el tanque murieron, y los&nbsp;<strong>cad\u00e1veres&nbsp;<\/strong>de dos de ellos siguen en&nbsp;<strong>Gaza<\/strong>.<\/p>\n\n\n\n<p>En un video divulgado por su familia en abril de 2025, se ve el momento en que es capturado en su tanque.<\/p>\n\n\n\n<h3 class=\"wp-block-heading\">Gali y Ziv Berman, 28 a\u00f1os&nbsp;<\/h3>\n\n\n\n<figure class=\"wp-block-image\" id=\"m71954-71953-71955\"><img decoding=\"async\" src=\"https:\/\/listindiario.com\/files\/vertical_main_image\/uploads\/2025\/10\/13\/68ece5854d915.jpeg\" alt=\"Gali Berman\"\/><figcaption class=\"wp-element-caption\">Esta fotograf\u00eda, difundida por el ej\u00e9rcito israel\u00ed, muestra al reh\u00e9n israel liberado Gali Berman (derecha), una de las que estuvo cautiva en Gaza desde los ataques del 7 de octubre de 2023 perpetrados por militantes palestinos, tras ser entregada en un intercambio de prisioneros y un acuerdo de alto el fuego entre Israel y Ham\u00e1s en Israel el 13 de octubre de 2025.AFP<\/figcaption><\/figure>\n\n\n\n<p>Los gemelos<strong>&nbsp;Gali&nbsp;<\/strong>y<strong>&nbsp;Ziv Berman<\/strong>, que ahora tienen 28 a\u00f1os, fueron secuestrados en el&nbsp;<strong>kibutz Kfar Aza,<\/strong>&nbsp;incendiado por los comandos de&nbsp;<strong>Ham\u00e1s<\/strong>.<\/p>\n\n\n\n<p>Inseparables, los dos hermanos, que tienen tambi\u00e9n la nacionalidad alemana, trabajaban juntos en el \u00e1mbito de la producci\u00f3n musical.<\/p>\n\n\n\n<p><strong>Sus padres y su hermano mayor<\/strong>&nbsp;sobrevivieron al asalto de los islamistas.<\/p>\n\n\n\n<h3 class=\"wp-block-heading\">Elkana Bohbot, 36 a\u00f1os&nbsp;<\/h3>\n\n\n\n<figure class=\"wp-block-image\" id=\"m71966-71965-71967\"><img decoding=\"async\" src=\"https:\/\/listindiario.com\/files\/vertical_main_image\/uploads\/2025\/10\/13\/68ece5a6b6b60.jpeg\" alt=\"Elkana Bohbot\"\/><figcaption class=\"wp-element-caption\">Elkana BohbotFuente externa<\/figcaption><\/figure>\n\n\n\n<p><strong>Elkana Bohbot<\/strong>&nbsp;era uno de los productores del festival&nbsp;<strong>Nova<\/strong>, junto con sus amigos de infancia Michael y Osher Waknin, masacrados el 7 de octubre junto a cerca de 370 personas en esta fiesta de m\u00fasica tecno.<\/p>\n\n\n\n<p>El d\u00eda del&nbsp;<strong>ataque de Ham\u00e1s<\/strong>&nbsp;se difundi\u00f3 un video en el que se le ve esposado y herido en el rostro, mientras es conducido por sus secuestradores.<\/p>\n\n\n\n<p><strong>Bohbot&nbsp;<\/strong>est\u00e1 casado con una israel\u00ed de origen colombiano,&nbsp;<strong>Rebecca Gonz\u00e1lez.<\/strong>&nbsp;Padre de un ni\u00f1o peque\u00f1o, viv\u00eda cerca de Jerusal\u00e9n. El presidente Gustavo Petro le concedi\u00f3 la nacionalidad colombiana en noviembre de 2023.<\/p>\n\n\n\n<p>Su esposa dijo en febrero de este a\u00f1o que recibi\u00f3 una \u00abprueba de vida\u00bb de parte de Ohad Ben Ami, quien fue liberado de su cautiverio el 8 de febrero y pas\u00f3 varios meses con Bohbot en Gaza.<\/p>\n\n\n\n<p>Antes de su secuestro, Bohbot ten\u00eda el proyecto de abrir una<strong>&nbsp;tienda de helados en Tel Aviv<\/strong>, seg\u00fan sus padres.<\/p>\n\n\n\n<p>El reh\u00e9n apareci\u00f3 en mayo en un video difundido por Ham\u00e1s, en compa\u00f1\u00eda de Yosef Haim Ohana. Elkana Bohbot se muestra silencioso, visiblemente debilitado y tumbado bajo una manta.<\/p>\n\n\n\n<h3 class=\"wp-block-heading\">Rom Braslavski, 21 a\u00f1os&nbsp;<\/h3>\n\n\n\n<figure class=\"wp-block-image\" id=\"m71978-71977-71979\"><img decoding=\"async\" src=\"https:\/\/listindiario.com\/files\/vertical_main_image\/uploads\/2025\/10\/13\/68ece5e58ee3f.jpeg\" alt=\"Rom Braslavski\"\/><figcaption class=\"wp-element-caption\">Rom BraslavskiFuente externa<\/figcaption><\/figure>\n\n\n\n<p>Oriundo de<strong>&nbsp;Jerusal\u00e9n, Rom Braslavski,<\/strong>&nbsp;tambi\u00e9n ciudadano alem\u00e1n, se ocupaba de la seguridad del&nbsp;<strong>festival Nova.<\/strong><\/p>\n\n\n\n<p>Entre las 10H30, hora a la que contact\u00f3 por \u00faltima vez con su madre, y las 13H30, hora a la que desapareci\u00f3, se mantuvo en el sitio ayudando a muchos de los participantes, seg\u00fan el testimonio de los supervivientes. Durante el ataque result\u00f3 herido en ambas manos.<\/p>\n\n\n\n<p>En agosto de este a\u00f1o, la&nbsp;<strong>Yihad Isl\u00e1mica<\/strong>, movimiento armado aliado de Ham\u00e1s, public\u00f3 un video en el que se le ve hablando bajo amenaza, muy debilitado y delgado.<\/p>\n\n\n\n<h3 class=\"wp-block-heading\">Nimrod Cohen, 21 a\u00f1os&nbsp;<\/h3>\n\n\n\n<figure class=\"wp-block-image\" id=\"m71990-71989-71991\"><img decoding=\"async\" src=\"https:\/\/listindiario.com\/files\/vertical_main_image\/uploads\/2025\/10\/13\/68ece61d28450.jpeg\" alt=\"Nimrod Cohen\"\/><figcaption class=\"wp-element-caption\">Nimrod CohenFuente externa<\/figcaption><\/figure>\n\n\n\n<p>Estacionado el 7 de octubre cerca del kibutz de&nbsp;<strong>Nahal Oz&nbsp;<\/strong>con su unidad blindada,&nbsp;<strong>Nimrod Cohen<\/strong>&nbsp;se vio inmovilizado por problemas mec\u00e1nicos de su tanque.<\/p>\n\n\n\n<p>El soldado fue sacado del veh\u00edculo por los atacantes, en compa\u00f1\u00eda de otros tres militares, seg\u00fan videos&nbsp;<strong>publicados por Ham\u00e1s.<\/strong><\/p>\n\n\n\n<p>Sus tres compa\u00f1eros de armas,&nbsp;<strong>Omer Neutra, Oz Daniel&nbsp;<\/strong>y<strong>&nbsp;Shaked Dahan<\/strong>, murieron el 7 de octubre y sus cad\u00e1veres fueron llevados a Gaza.<\/p>\n\n\n\n<p>Su padres, Yehuda y Viki Cohen, participan en todas las&nbsp;<strong>manifestaciones<\/strong>, con pancartas y fotos que exigen la&nbsp;<strong>liberaci\u00f3n de los rehenes.<\/strong><\/p>\n\n\n\n<p>Cohen no se separaba nunca de su cubo Rubik. Su madre guarda cari\u00f1osamente el ejemplar que el ej\u00e9rcito le entreg\u00f3 tras hallarlo en el tanque de su hijo.<\/p>\n\n\n\n<h3 class=\"wp-block-heading\">David y Ariel Cunio, 35 y 28 a\u00f1os&nbsp;<\/h3>\n\n\n\n<figure class=\"wp-block-image\" id=\"m72002-72001-72003\"><img decoding=\"async\" src=\"https:\/\/listindiario.com\/files\/vertical_main_image\/uploads\/2025\/10\/13\/68ece68423774.jpeg\" alt=\"Ariel Cunio\"\/><figcaption class=\"wp-element-caption\">Ariel CunioFuente externa<\/figcaption><\/figure>\n\n\n\n<p>Los hermanos israelo-argentinos&nbsp;<strong>David&nbsp;<\/strong>y<strong>&nbsp;Ariel Cunio<\/strong>&nbsp;fueron secuestrados con su familia cuando se escond\u00edan en el cuarto de seguridad del domicilio de David en el&nbsp;<strong>kibutz de Nir Oz<\/strong>. Para obligarlos a salir, los asaltantes incendiaron la casa.<\/p>\n\n\n\n<p>Su familia es la que cuenta el mayor n\u00famero de&nbsp;<strong>rehenes capturados<\/strong>, ocho.<\/p>\n\n\n\n<p><strong>Sharon Aloni Cunio<\/strong>&nbsp;(34 a\u00f1os), esposa de David Cunio, as\u00ed como sus dos hijas gemelas de tres a\u00f1os, su hermana Danielle Aloni (44) y la hija de esta (cinco a\u00f1os) fueron liberadas durante la tregua de una semana de noviembre de 2023.<\/p>\n\n\n\n<p>La novia de Ariel Cunio, Arbel Yehoud, de 28 a\u00f1os, fue liberada el 30 de enero pasado.<\/p>\n\n\n\n<p>El&nbsp;<strong>realizador israel\u00ed Tom Shoval<\/strong>&nbsp;present\u00f3 en febrero en la Berlinale la pel\u00edcula<strong>&nbsp;\u00abCarta a David\u00bb,<\/strong>&nbsp;que homenajea a David Cunio.<\/p>\n\n\n\n<p>En 2013, David Cunio y su hermano gemeloo Eitan hab\u00edan presentado en el festival berlin\u00e9s la cinta \u00abYouth\u00bb, en la que interpretan a los personajes principales, bajo la direcci\u00f3n de Shoval.<\/p>\n\n\n\n<p>Eitan Cunio escap\u00f3 de las manos de Ham\u00e1s escondi\u00e9ndose en su refugio de Nir Oz. Los dos hermanos gemelos tienen el mismo tatuaje de tres estrellas verde oscuro en la mu\u00f1eca.<\/p>\n\n\n\n<p>La cinta \u00abCarta a David\u00bb recibi\u00f3 en septiembre el Ofir (equivalente israel\u00ed de los \u00d3scar) al mejor documental.<\/p>\n\n\n\n<h3 class=\"wp-block-heading\">Evyatar David, 24 a\u00f1os<\/h3>\n\n\n\n<figure class=\"wp-block-image\" id=\"m72014-72013-72015\"><img decoding=\"async\" src=\"https:\/\/listindiario.com\/files\/vertical_main_image\/uploads\/2025\/10\/13\/68ece6b6239ed.jpeg\" alt=\"Evyatar David\"\/><figcaption class=\"wp-element-caption\">Evyatar DavidFuente externa<\/figcaption><\/figure>\n\n\n\n<p>Los padres de&nbsp;<strong>Evyatar David<\/strong>&nbsp;se enteraron de que su hijo estaba cautivo en Gaza por una foto recibida en la red social Telegram. En ella, el joven aparece con el rostro iluminado por una linterna de bolsillo.<\/p>\n\n\n\n<p>El 7 de octubre participaba con su amigo de infancia&nbsp;<strong>Guy Gilboa Dalal en el festival Nova<\/strong>. Este tambi\u00e9n fue secuestrado, y se cree que est\u00e1 vivo.<\/p>\n\n\n\n<p>Apasionado de la m\u00fasica, trabajaba en un caf\u00e9 para juntar dinero, con el sue\u00f1o de viajar a&nbsp;<strong>Tailandia<\/strong>.<\/p>\n\n\n\n<p>En agosto,&nbsp;<strong>Ham\u00e1s&nbsp;<\/strong>difundi\u00f3 un video en el que se ve a Evyatar David muy debilitado, por la falta de comida.<\/p>\n\n\n\n<h3 class=\"wp-block-heading\">Guy Gilboa Dalal, 24 a\u00f1os&nbsp;<\/h3>\n\n\n\n<figure class=\"wp-block-image\" id=\"m72026-72025-72027\"><img decoding=\"async\" src=\"https:\/\/listindiario.com\/files\/vertical_main_image\/uploads\/2025\/10\/13\/68ece6f06dbac.jpeg\" alt=\"Guy Gilboa Dalal\"\/><figcaption class=\"wp-element-caption\">Guy Gilboa DalalFuente externa<\/figcaption><\/figure>\n\n\n\n<p><strong>Guy Gilboa Dalal&nbsp;<\/strong>participaba con tres amigos en su primera rave party cuando fue secuestrado en el&nbsp;<strong>festival Nova.<\/strong>&nbsp;Su familia se enter\u00f3 del rapto al ver un video suyo y de su mejor amigo,&nbsp;<strong>Evyatar David,<\/strong>&nbsp;atados en un t\u00fanel de Gaza.<\/p>\n\n\n\n<p>Seg\u00fan el testimonio de un reh\u00e9n liberado en junio durante una operaci\u00f3n del ej\u00e9rcito israel\u00ed, sufri\u00f3 abusos por parte de sus secuestradores.<\/p>\n\n\n\n<p><strong>Guy Gilboa Dalal y Evyatar David&nbsp;<\/strong>aparecieron en febrero en un video de Ham\u00e1s, donde se les ve siguiendo la ceremonia de liberaci\u00f3n de otros&nbsp;<strong>rehenes de Gaza<\/strong>, y luego encerrados en un veh\u00edculo.<\/p>\n\n\n\n<p>Tambi\u00e9n aparece en un video difundido por Ham\u00e1s el 5 de septiembre, en un t\u00fanel con el&nbsp;<strong>reh\u00e9n Alon Ohel.<\/strong><\/p>\n\n\n\n<p>Enamorado de Jap\u00f3n, Guy Gilboa Dalal aprendi\u00f3 la lengua para viajar all\u00ed alg\u00fan d\u00eda. Trabajaba como inform\u00e1tico.<\/p>\n\n\n\n<h3 class=\"wp-block-heading\">Maxim Herkin, 37 a\u00f1os&nbsp;<\/h3>\n\n\n\n<figure class=\"wp-block-image\" id=\"m72038-72037-72039\"><img decoding=\"async\" src=\"https:\/\/listindiario.com\/files\/vertical_main_image\/uploads\/2025\/10\/13\/68ece715cea91.jpeg\" alt=\"Maxim Herkin\"\/><figcaption class=\"wp-element-caption\">Maxim HerkinFuente externa<\/figcaption><\/figure>\n\n\n\n<p>Israel\u00ed y ruso,&nbsp;<strong>Maxim Herkin&nbsp;<\/strong>es el padre de una ni\u00f1a que ahora tiene cinco a\u00f1os, y que reside con su madre en Rusia. Maxim hab\u00eda emigrado a Israel desde Ucrania.<\/p>\n\n\n\n<p>Antes de ser<strong>&nbsp;secuestrado del festival Nova<\/strong>, le escribi\u00f3 a su madre este mensaje: \u00abva todo bien, estoy volviendo\u00bb.<\/p>\n\n\n\n<p>En la primavera de 2025, Ham\u00e1s difundi\u00f3 un video en el que Maxim Herkin aparece tumbado, con la cabeza y el brazo izquierdo cubiertos de vendas con manchas marrones.<\/p>\n\n\n\n<h3 class=\"wp-block-heading\">Eitan Horn, 39 a\u00f1os&nbsp;<\/h3>\n\n\n\n<figure class=\"wp-block-image\" id=\"m72050-72049-72051\"><img decoding=\"async\" src=\"https:\/\/listindiario.com\/files\/vertical_main_image\/uploads\/2025\/10\/13\/68ece73b0e57a.jpeg\" alt=\"Eitan Horn\"\/><figcaption class=\"wp-element-caption\">Eitan HornFuente externa<\/figcaption><\/figure>\n\n\n\n<p><strong>Eitan Horn&nbsp;<\/strong>fue secuestrado en la vivienda de su hermano mayor,<strong>&nbsp;Yair Horn,<\/strong>&nbsp;en el&nbsp;<strong>kibutz Nir Oz.<\/strong><\/p>\n\n\n\n<p>Yair, secuestrado igualmente aquel d\u00eda y aquejado de diabetes, fue liberado en febrero de este a\u00f1o. Hasta entonces, ambos hermanos pasaron juntos su cautiverio.<\/p>\n\n\n\n<p><strong>La familia Horn&nbsp;<\/strong>emigr\u00f3 desde Argentina hace a\u00f1os.<\/p>\n\n\n\n<p>Eitan, educador, trabaj\u00f3 durante mucho tiempo con diferentes movimientos juveniles, con los que estuvo tambi\u00e9n en Per\u00fa.<\/p>\n\n\n\n<h3 class=\"wp-block-heading\">Segev Kalfon, 27 a\u00f1os&nbsp;<\/h3>\n\n\n\n<figure class=\"wp-block-image\" id=\"m72062-72061-72063\"><img decoding=\"async\" src=\"https:\/\/listindiario.com\/files\/vertical_main_image\/uploads\/2025\/10\/13\/68ece75de2660.jpeg\" alt=\"Segev Kalfon\"\/><figcaption class=\"wp-element-caption\">Segev KalfonFuente externa<\/figcaption><\/figure>\n\n\n\n<p><strong>Segev Kalfon&nbsp;<\/strong>trabajaba con su padre en la panader\u00eda familiar de Arad, en el desierto del&nbsp;<strong>N\u00e9guev<\/strong>.<\/p>\n\n\n\n<p>Su amigo de infancia, que estaba con \u00e9l en el festival&nbsp;<strong>Nova<\/strong>, cont\u00f3 los detalles de su captura. Los milicianos lo sorprendieron cuando se encontraba escondido en un arbusto al borde de la carretera 232, que conecta los kibutz situados a lo largo de la frontera con Gaza.<\/p>\n\n\n\n<h3 class=\"wp-block-heading\">Bar Kuperstein, 23 a\u00f1os&nbsp;<\/h3>\n\n\n\n<figure class=\"wp-block-image\" id=\"m72074-72073-72075\"><img decoding=\"async\" src=\"https:\/\/listindiario.com\/files\/vertical_main_image\/uploads\/2025\/10\/13\/68ece789031b6.jpeg\" alt=\"Bar Kuperstein\"\/><figcaption class=\"wp-element-caption\">Bar KupersteinFuente externa<\/figcaption><\/figure>\n\n\n\n<p>Antes de ser secuestrado en el&nbsp;<strong>festival Nova, Bar Kuperstein t<\/strong>rat\u00f3 de socorrer a los asistentes del festival heridos por disparos.<\/p>\n\n\n\n<p>Era enfermero del ej\u00e9rcito, pero ese d\u00eda no estaba de servicio. Poco despu\u00e9s de su secuestro se difundieron videos en los que aparec\u00eda atado.<\/p>\n\n\n\n<p><strong>Kuperstein es originario de Holon<\/strong>, cerca de Tel Aviv. Su padre, Tal, sufri\u00f3 un accidente que lo dej\u00f3 discapacitado. No puede hablar ni moverse. En parte por eso, Bar asumi\u00f3 el papel de padre de familia desde sus 17 a\u00f1os.<\/p>\n\n\n\n<p>Desde hace algunos meses,&nbsp;<strong>Kuperstein&nbsp;<\/strong>logra expresarse, aunque con dificultad. Explic\u00f3 a la AFP que quiere darle una sorpresa a su hijo cuando regrese.<\/p>\n\n\n\n<h3 class=\"wp-block-heading\">Omri Miran, 48 a\u00f1os&nbsp;<\/h3>\n\n\n\n<figure class=\"wp-block-image\" id=\"m72086-72085-72087\"><img decoding=\"async\" src=\"https:\/\/listindiario.com\/files\/vertical_main_image\/uploads\/2025\/10\/13\/68ece7b198ff3.jpeg\" alt=\"Omri Miran\"\/><figcaption class=\"wp-element-caption\">Omri MiranFuente externa<\/figcaption><\/figure>\n\n\n\n<p><strong>Omri Miran<\/strong>, masajista y terapeuta que tambi\u00e9n tiene nacionalidad h\u00fangara, fue&nbsp;<strong>secuestrado en el kibutz Nahal Oz,<\/strong>&nbsp;donde viv\u00eda, en presencia de su esposa Lichay Miran-Lavi y sus dos hijas peque\u00f1as, a quienes dejaron en libertad.<\/p>\n\n\n\n<p>Su padre, Dani Miran, se deja crecer la barba a la espera del regreso de su hijo, despu\u00e9s de haberlo visto, barbudo, en un v\u00eddeo publicado por Ham\u00e1s en abril de 2024. Considera que si su hijo no puede afeitarse, \u00e9l tampoco lo har\u00e1.<\/p>\n\n\n\n<p>En el video, Omri Miran pareci\u00f3 hablar bajo coacci\u00f3n y describi\u00f3 una \u00absituaci\u00f3n dif\u00edcil\u00bb por los \u00abnumerosos<strong>&nbsp;bombardeos\u00bb israel\u00edes en Gaza.<\/strong><\/p>\n\n\n\n<p>Volvi\u00f3 a aparecer en otro video difundido por Ham\u00e1s el 23 de abril de 2025.<\/p>\n\n\n\n<h3 class=\"wp-block-heading\">Eitan Mor, 25 a\u00f1os&nbsp;<\/h3>\n\n\n\n<figure class=\"wp-block-image\" id=\"m72098-72097-72099\"><img decoding=\"async\" src=\"https:\/\/listindiario.com\/files\/vertical_main_image\/uploads\/2025\/10\/13\/68ece7d61544b.jpeg\" alt=\"Eitan Mor\"\/><figcaption class=\"wp-element-caption\">Eitan MorFUENTE EXTERNA<\/figcaption><\/figure>\n\n\n\n<p>Primog\u00e9nito de ocho ni\u00f1os, en una familia religiosa de la&nbsp;<strong>colonia de Kyriat Arba<\/strong>, en&nbsp;<strong>Cisjordania&nbsp;<\/strong>ocupada,&nbsp;<strong>Eitan Mor<\/strong>&nbsp;se encontraba en el festival Nova como agente de seguridad con varios amigos.<\/p>\n\n\n\n<p>Su padre, Tzvika Mor, es el fundador del Foro de la Esperanza, un colectivo de padres de rehenes opuestos a cualquier acuerdo con Ham\u00e1s, y que exigen a las autoridades israel\u00edes una mayor presi\u00f3n militar para que los islamistas capitulen y entreguen a los cautivos.<\/p>\n\n\n\n<p><strong>Eitan Mor trabajaba en un caf\u00e9<\/strong>&nbsp;en Jerusal\u00e9n y so\u00f1aba con abrir su propio restaurante. Manten\u00eda contacto con sus padres, pese a haberse distanciado de la religi\u00f3n.<\/p>\n\n\n\n<h3 class=\"wp-block-heading\">Yosef Haim Ohana, 25 a\u00f1os&nbsp;<\/h3>\n\n\n\n<figure class=\"wp-block-image\" id=\"m72110-72109-72111\"><img decoding=\"async\" src=\"https:\/\/listindiario.com\/files\/vertical_main_image\/uploads\/2025\/10\/13\/68ece7facb478.jpeg\" alt=\"Yosef Haim Ohana\"\/><figcaption class=\"wp-element-caption\">Yosef Haim OhanaFuente externa<\/figcaption><\/figure>\n\n\n\n<p><strong>Yosef Haim Ohana<\/strong>, ten\u00eda el proyecto de hacer estudios de &#8216;coaching&#8217;, pero fue secuestrado en el&nbsp;<strong>festival Nova<\/strong>, donde trabajaba como barman.<\/p>\n\n\n\n<p>Se le vio ayudando a heridos antes de huir con un amigo.<\/p>\n\n\n\n<p>Hijo de padres divorciados, Ohana perdi\u00f3 durante su infancia a su&nbsp;<strong>hermano Acher-Yitzhak<\/strong>, que falleci\u00f3 de c\u00e1ncer a los 7 a\u00f1os.<\/p>\n\n\n\n<p>El reh\u00e9n apareci\u00f3 en mayo en un video difundido por Ham\u00e1s junto con otro cautivo, Elkana Bohbot.<\/p>\n\n\n\n<h3 class=\"wp-block-heading\">Alon Ohel, 24 a\u00f1os&nbsp;<\/h3>\n\n\n\n<figure class=\"wp-block-image\" id=\"m72122-72121-72123\"><img decoding=\"async\" src=\"https:\/\/listindiario.com\/files\/vertical_main_image\/uploads\/2025\/10\/13\/68ece81cf0909.jpeg\" alt=\"Alon Ohel\"\/><figcaption class=\"wp-element-caption\">Alon OhelFuente externa<\/figcaption><\/figure>\n\n\n\n<p><strong>Alon Ohel<\/strong>, un talentoso pianista que iba a comenzar sus estudios musicales en una prestigiosa escuela fue secuestrado en el&nbsp;<strong>festival Nova&nbsp;<\/strong>tras regresar de un<strong>&nbsp;viaje por Asia.<\/strong><\/p>\n\n\n\n<p>El<strong>&nbsp;joven fue capturado&nbsp;<\/strong>junto con otros tres j\u00f3venes en un refugio en la carretera 232, que conecta los kibutz en los<strong>&nbsp;l\u00edmites de Gaza.<\/strong><\/p>\n\n\n\n<p>Viv\u00eda en Lavon, un pueblo del norte de Israel. Tiene tambi\u00e9n la nacionalidad serbia y la alemana.<\/p>\n\n\n\n<p>La&nbsp;<strong>familia de Ohel<\/strong>&nbsp;declar\u00f3 en febrero de 2025 que recibi\u00f3 una primera prueba de vida gracias a los testimonios de otros<strong>&nbsp;cautivos liberados.<\/strong><\/p>\n\n\n\n<p>\u00abEs evidente que Alon est\u00e1 perdiendo la vista del ojo derecho y parece demacrado y angustiado\u00bb, dijeron sus padres despu\u00e9s de que Ham\u00e1s difundiera un video de su hijo en septiembre.<\/p>\n\n\n\n<h3 class=\"wp-block-heading\">Avinatan Or, 32 a\u00f1os&nbsp;<\/h3>\n\n\n\n<figure class=\"wp-block-image\" id=\"m72134-72133-72135\"><img decoding=\"async\" src=\"https:\/\/listindiario.com\/files\/vertical_main_image\/uploads\/2025\/10\/13\/68ece84761cf8.jpeg\" alt=\"Avinatan Or\"\/><figcaption class=\"wp-element-caption\">Avinatan OrFuente externa<\/figcaption><\/figure>\n\n\n\n<p>Nacido en una familia religiosa de la colonia de Shilo, en&nbsp;<strong>Cisjordania&nbsp;<\/strong>ocupada,&nbsp;<strong>Avinatan Or<\/strong>&nbsp;es el segundo de siete hermanos.<\/p>\n\n\n\n<p><strong>S<\/strong><strong>u pareja, Noa Argamani,&nbsp;<\/strong>secuestrada al mismo tiempo que \u00e9l en el festival Nova, fue liberada en una operaci\u00f3n militar israel\u00ed en junio de 2024.<\/p>\n\n\n\n<p>Ambos ten\u00edan el proyecto de instalarse en Beersheva, en el sur de Israel, donde \u00e9l hab\u00eda realizado estudios de ingenier\u00eda.<\/p>\n\n\n\n<p>Posee tambi\u00e9n la nacionalidad brit\u00e1nica.<\/p>\n\n\n\n<h3 class=\"wp-block-heading\">Matan Zangauker, 25 a\u00f1os&nbsp;<\/h3>\n\n\n\n<figure class=\"wp-block-image\" id=\"m72146-72145-72147\"><img decoding=\"async\" src=\"https:\/\/listindiario.com\/files\/vertical_main_image\/uploads\/2025\/10\/13\/68ece873c96df.jpeg\" alt=\"Matan Zangauker\"\/><figcaption class=\"wp-element-caption\">Matan ZangaukerFuente externa<\/figcaption><\/figure>\n\n\n\n<p><strong>Matan Zangauker&nbsp;<\/strong>fue secuestrado en su casa, en el&nbsp;<strong>kibutz Nir Oz,<\/strong>&nbsp;junto a Ilana&nbsp;<strong>Gritzewsky<\/strong>, su pareja&nbsp;<strong>israel\u00ed-mexicana<\/strong>, liberada el 30 de noviembre de 2023, en el \u00faltimo d\u00eda de la primera tregua.<\/p>\n\n\n\n<p><strong>Gritzewsky&nbsp;<\/strong>se convirti\u00f3 en una de las principales figuras para la liberaci\u00f3n de los rehenes junto a la madre de su pareja,&nbsp;<strong>Einav Zangauker.<\/strong><\/p>\n\n\n\n<p>En septiembre de 2025, Zangauker amenaz\u00f3 al primer ministro israel\u00ed, Benjamin Netanyahu, con demandarlo por \u00abasesinato\u00bb si su hijo no era liberado con vida.<\/p>\n\n\n\n<p><strong>Matan Zangauker<\/strong>&nbsp;trabajaba en la granja de cannabis medicinal de Nir Oz.<\/p>\n","protected":false},"excerpt":{"rendered":"<p>Capturados por milicianos islamistas en el ataque de Ham\u00e1s del 7 de octubre de 2023<\/p>\n","protected":false},"author":1,"featured_media":20319,"comment_status":"open","ping_status":"open","sticky":false,"template":"","format":"standard","meta":{"footnotes":""},"categories":[4],"tags":[],"class_list":["post-20318","post","type-post","status-publish","format-standard","has-post-thumbnail","hentry","category-mundiales"],"_links":{"self":[{"href":"https:\/\/samantharadionline.com\/index.php\/wp-json\/wp\/v2\/posts\/20318","targetHints":{"allow":["GET"]}}],"collection":[{"href":"https:\/\/samantharadionline.com\/index.php\/wp-json\/wp\/v2\/posts"}],"about":[{"href":"https:\/\/samantharadionline.com\/index.php\/wp-json\/wp\/v2\/types\/post"}],"author":[{"embeddable":true,"href":"https:\/\/samantharadionline.com\/index.php\/wp-json\/wp\/v2\/users\/1"}],"replies":[{"embeddable":true,"href":"https:\/\/samantharadionline.com\/index.php\/wp-json\/wp\/v2\/comments?post=20318"}],"version-history":[{"count":1,"href":"https:\/\/samantharadionline.com\/index.php\/wp-json\/wp\/v2\/posts\/20318\/revisions"}],"predecessor-version":[{"id":20320,"href":"https:\/\/samantharadionline.com\/index.php\/wp-json\/wp\/v2\/posts\/20318\/revisions\/20320"}],"wp:featuredmedia":[{"embeddable":true,"href":"https:\/\/samantharadionline.com\/index.php\/wp-json\/wp\/v2\/media\/20319"}],"wp:attachment":[{"href":"https:\/\/samantharadionline.com\/index.php\/wp-json\/wp\/v2\/media?parent=20318"}],"wp:term":[{"taxonomy":"category","embeddable":true,"href":"https:\/\/samantharadionline.com\/index.php\/wp-json\/wp\/v2\/categories?post=20318"},{"taxonomy":"post_tag","embeddable":true,"href":"https:\/\/samantharadionline.com\/index.php\/wp-json\/wp\/v2\/tags?post=20318"}],"curies":[{"name":"wp","href":"https:\/\/api.w.org\/{rel}","templated":true}]}}