{"id":20310,"date":"2025-10-13T08:49:48","date_gmt":"2025-10-13T12:49:48","guid":{"rendered":"https:\/\/samantharadionline.com\/?p=20310"},"modified":"2025-10-13T08:52:35","modified_gmt":"2025-10-13T12:52:35","slug":"trump-dice-hamas-seguira-teniendo-control-temporalmente-en-la-franja-de-gaza","status":"publish","type":"post","link":"https:\/\/samantharadionline.com\/index.php\/2025\/10\/13\/trump-dice-hamas-seguira-teniendo-control-temporalmente-en-la-franja-de-gaza\/","title":{"rendered":"Ham\u00e1s tiene el control temporal en la Franja de Gaza"},"content":{"rendered":"\n<p class=\"has-medium-font-size\"><em>Trump lleg\u00f3 este lunes a Tel Aviv poco despu\u00e9s de que Ham\u00e1s liberara a los primeros siete rehenes vivos que a\u00fan ten\u00eda en su poder desde el 7 de octubre de 2023<\/em><\/p>\n\n\n\n<figure class=\"wp-block-image\"><img decoding=\"async\" src=\"https:\/\/listindiario.com\/files\/image_60_60\/uploads\/2023\/05\/23\/646cd02f4f53e.jpeg\" alt=\"Avatar del Agencia EFE\"\/><\/figure>\n\n\n\n<p><strong><em>\u00a0<\/em>Agencia EFE, Redacci\u00f3n Internacional<\/strong><\/p>\n\n\n\n<p>El\u00a0<strong>presidente de Estados Unidos, Donald Trump,<\/strong>\u00a0asegur\u00f3 este lunes que el\u00a0<strong>grupo islamista Ham\u00e1s<\/strong>\u00a0seguir\u00e1 ejerciendo temporalmente el control armado en la<strong>\u00a0Franja de Gaza.<\/strong><\/p>\n\n\n\n<p>\u00abLes hemos dado la aprobaci\u00f3n por un tiempo (&#8230;). Tendremos que vigilar que no haya grandes problemas. Creo que todo ir\u00e1 bien\u00bb, dijo Trump sobre Ham\u00e1s, que ha rechazado de momento comprometerse al desarme total, a preguntas de los periodistas a bordo del avi\u00f3n presidencial Air Force 1 durante el vuelo hacia&nbsp;<strong>Tel Aviv.<\/strong><\/p>\n\n\n\n<p>Ayer, fuerzas de la&nbsp;<strong>polic\u00eda de Ham\u00e1s en la Franja de Gaza<\/strong>&nbsp;y milicias locales a las que acusan de colaborar con Israel mantuvieron enfrentamientos armados en el barrio de Sabra de la ciudad de Gaza; y hoy, el&nbsp;<strong>Gobierno de Gaza<\/strong>, controlado por el grupo islamista, asegur\u00f3 haber movilizado a 7.000 funcionarios para recibir a los presos palestinos en c\u00e1rceles israel\u00edes.<\/p>\n\n\n\n<p><strong>Trump\u00a0<\/strong>lleg\u00f3 este lunes a Tel Aviv poco despu\u00e9s de que Ham\u00e1s liberara a los<strong>\u00a0primeros siete\u00a0rehenes\u00a0vivos\u00a0<\/strong>que a\u00fan ten\u00eda en su poder desde el 7 de octubre de 2023. Los trece cautivos vivos restantes fueron entregados a la<strong>\u00a0Cruz Roja<\/strong>\u00a0poco despu\u00e9s de la llegada de Trump a Israel.<\/p>\n\n\n\n<p>En el trayecto en avi\u00f3n hacia&nbsp;<strong>Israel<\/strong>, donde Trump est\u00e1 haciendo una breve visita antes de partir hacia Egipto para presidir la<strong>&nbsp;Cumbre de la Paz<\/strong>, el presidente estadounidense tambi\u00e9n se mostr\u00f3 seguro de que el alto el fuego, en esta ocasi\u00f3n, perdurar\u00e1.<\/p>\n\n\n\n<p>\u00abCreo que s\u00ed\u00bb, respondi\u00f3 Trump a la pregunta de si cree que se mantendr\u00e1 el cese del conflicto. \u00abCreo que la gente est\u00e1 cansada. Han pasado siglos. S\u00ed, el alto el fuego se mantendr\u00e1\u00bb.<\/p>\n\n\n\n<p>La<strong>&nbsp;primera fase del Plan de Paz<\/strong>&nbsp;incluye el alto el fuego (que se mantiene desde el viernes), la retirada parcial de las tropas israel\u00edes y la liberaci\u00f3n de los 20 rehenes vivos a cambio de prisioneros palestinos.<\/p>\n\n\n\n<p>La<strong>&nbsp;segunda fase<\/strong>, que se negociar\u00e1 m\u00e1s adelante, contempla la creaci\u00f3n de un&nbsp;<strong>comit\u00e9 palestino tecnocr\u00e1tico&nbsp;<\/strong>y \u00abapol\u00edtico\u00bb que&nbsp;<strong>administre temporalmente la Franja&nbsp;<\/strong>bajo la supervisi\u00f3n de un nuevo organismo internacional, el denominado \u00abConsejo de la Pa\u00bb\u201d, presidido por Trump y con la participaci\u00f3n del exprimer ministro brit\u00e1nico Tony Blair.<\/p>\n","protected":false},"excerpt":{"rendered":"<p>Trump lleg\u00f3 este lunes a Tel Aviv poco despu\u00e9s de que Ham\u00e1s liberara a los<\/p>\n","protected":false},"author":1,"featured_media":20311,"comment_status":"open","ping_status":"open","sticky":false,"template":"","format":"standard","meta":{"footnotes":""},"categories":[4],"tags":[],"class_list":["post-20310","post","type-post","status-publish","format-standard","has-post-thumbnail","hentry","category-mundiales"],"_links":{"self":[{"href":"https:\/\/samantharadionline.com\/index.php\/wp-json\/wp\/v2\/posts\/20310","targetHints":{"allow":["GET"]}}],"collection":[{"href":"https:\/\/samantharadionline.com\/index.php\/wp-json\/wp\/v2\/posts"}],"about":[{"href":"https:\/\/samantharadionline.com\/index.php\/wp-json\/wp\/v2\/types\/post"}],"author":[{"embeddable":true,"href":"https:\/\/samantharadionline.com\/index.php\/wp-json\/wp\/v2\/users\/1"}],"replies":[{"embeddable":true,"href":"https:\/\/samantharadionline.com\/index.php\/wp-json\/wp\/v2\/comments?post=20310"}],"version-history":[{"count":2,"href":"https:\/\/samantharadionline.com\/index.php\/wp-json\/wp\/v2\/posts\/20310\/revisions"}],"predecessor-version":[{"id":20314,"href":"https:\/\/samantharadionline.com\/index.php\/wp-json\/wp\/v2\/posts\/20310\/revisions\/20314"}],"wp:featuredmedia":[{"embeddable":true,"href":"https:\/\/samantharadionline.com\/index.php\/wp-json\/wp\/v2\/media\/20311"}],"wp:attachment":[{"href":"https:\/\/samantharadionline.com\/index.php\/wp-json\/wp\/v2\/media?parent=20310"}],"wp:term":[{"taxonomy":"category","embeddable":true,"href":"https:\/\/samantharadionline.com\/index.php\/wp-json\/wp\/v2\/categories?post=20310"},{"taxonomy":"post_tag","embeddable":true,"href":"https:\/\/samantharadionline.com\/index.php\/wp-json\/wp\/v2\/tags?post=20310"}],"curies":[{"name":"wp","href":"https:\/\/api.w.org\/{rel}","templated":true}]}}