{"id":20304,"date":"2025-10-13T08:44:36","date_gmt":"2025-10-13T12:44:36","guid":{"rendered":"https:\/\/samantharadionline.com\/?p=20304"},"modified":"2025-10-13T08:44:37","modified_gmt":"2025-10-13T12:44:37","slug":"el-endeudamiento-del-pais-se-disparo-por-malgasto-del-gobierno","status":"publish","type":"post","link":"https:\/\/samantharadionline.com\/index.php\/2025\/10\/13\/el-endeudamiento-del-pais-se-disparo-por-malgasto-del-gobierno\/","title":{"rendered":"El endeudamiento del pa\u00eds se dispar\u00f3 por \u201cmalgasto del Gobierno"},"content":{"rendered":"\n<p class=\"has-medium-font-size\"><em>Danilo Medina les respondi\u00f3 a Abinader,   afirmando que el 80% de los pr\u00e9stamos tomados por su gesti\u00f3n se han destinado al pago de deudas viejas<\/em><\/p>\n\n\n\n<figure class=\"wp-block-image\"><img decoding=\"async\" src=\"https:\/\/listindiario.com\/files\/image_60_60\/uploads\/2023\/06\/26\/6499fbf12aa4f.jpeg\" alt=\"Avatar del Onelio Dom\u00ednguez\"\/><\/figure>\n\n\n\n<p><em>\u00a0<\/em>Onelio Dom\u00ednguez, <strong>Santiago, RD<\/strong><\/p>\n\n\n\n<p>El expresidente de la Rep\u00fablica y presidente del&nbsp;<strong>Partido de la Liberaci\u00f3n Dominicana<\/strong>&nbsp;(PLD),<strong>&nbsp;Danilo Medina S\u00e1nchez<\/strong>, cuestion\u00f3 este s\u00e1bado las declaraciones del presidente&nbsp;<strong>Luis Abinader<\/strong>&nbsp;sobre el manejo de la deuda p\u00fablica y acus\u00f3 al actual Gobierno de incrementar el&nbsp;<strong>endeudamiento&nbsp;<\/strong>del pa\u00eds debido al \u201cmalgasto y la&nbsp;<strong>mala administraci\u00f3n econ\u00f3mica<\/strong>\u201d.<\/p>\n\n\n\n<p>Durante un acto pol\u00edtico realizado en la Plaza Valerio, en Santiago, Medina respondi\u00f3 a&nbsp;<strong>Abinader<\/strong>, quien recientemente afirm\u00f3 que el 80% de los pr\u00e9stamos tomados por su gesti\u00f3n se han destinado al&nbsp;<strong>pago de deudas viejas&nbsp;<\/strong>dejadas por gobiernos anteriores.<\/p>\n\n\n\n<p>\u201c<strong>Luis Abinader<\/strong>&nbsp;dijo que \u00e9l ha endeudado el pa\u00eds, pero es pagando la deuda que hicieron los gobiernos pasados, especialmente el de&nbsp;<strong>Danilo Medina<\/strong>. Que el 80% de los pr\u00e9stamos que ha hecho son para pagar deudas viejas. No s\u00e9 qui\u00e9n le escribi\u00f3 esa nota, o si ignora c\u00f3mo se calcula el crecimiento de la deuda de un pa\u00eds. Eso es econom\u00eda simple\u201d, expres\u00f3 el exmandatario.<\/p>\n\n\n\n<p>Medina explic\u00f3 que si realmente se hubiera utilizado ese porcentaje de&nbsp;<strong>pr\u00e9stamos&nbsp;<\/strong>para pagar compromisos anteriores, la deuda nacional no habr\u00eda crecido, ya que el&nbsp;<strong>endeudamiento&nbsp;<\/strong>neto se calcula restando los pagos de capital vencido a los nuevos desembolsos.<\/p>\n\n\n\n<p>\u201cSi el presidente hubiese utilizado el 80% para&nbsp;<strong>pagar deuda vieja<\/strong>, la deuda no hubiese crecido. Pero la deuda del pa\u00eds, en cuatro a\u00f1os y medio, ha crecido en&nbsp;<strong>m\u00e1s de 24 mil millones de pesos<\/strong>. Eso indica que no estaba pagando deuda vieja, sino endeudando el pa\u00eds\u201d, se\u00f1al\u00f3.<\/p>\n\n\n\n<p>El<strong>&nbsp;presidente del PLD&nbsp;<\/strong>calific\u00f3 como una \u201c<strong>muchachada\u201d&nbsp;<\/strong>los intentos del mandatario de justificar el endeudamiento actual con los&nbsp;<strong>compromisos heredados<\/strong>, al recordar que todos los gobiernos est\u00e1n obligados a honrar las deudas soberanas.<\/p>\n\n\n\n<p>\u201cTodos los gobiernos estamos en la obligaci\u00f3n de pagar la<strong>&nbsp;deuda vieja<\/strong>. Son deudas soberanas del&nbsp;<strong>Estado dominicano<\/strong>&nbsp;que ning\u00fan presidente puede desconocer. Pero el problema aqu\u00ed es que se ha endeudado porque ha manejado mal la econom\u00eda, porque ha gastado demasiado\u201d, sostuvo Medina ante cientos de&nbsp;<strong>militantes pelede\u00edstas.<\/strong><\/p>\n\n\n\n<p>El exjefe de Estado tambi\u00e9n critic\u00f3 que el Gobierno est\u00e9 utilizando nuevos&nbsp;<strong>pr\u00e9stamos&nbsp;<\/strong>para cubrir gastos corrientes, lo cual dijo que est\u00e1 prohibido por la Ley de Cr\u00e9dito P\u00fablico.<\/p>\n\n\n\n<p>\u201cSi sigue por ese camino, el sistema financiero dominicano va a ser insostenible. No vamos a tener recursos suficientes para cubrir el gasto corriente\u201d, advirti\u00f3.<\/p>\n\n\n\n<p>Medina detall\u00f3 que este a\u00f1o el&nbsp;<strong>Gobierno&nbsp;<\/strong>destinar\u00e1 m\u00e1s de 600 mil millones de pesos al pago de intereses de la deuda, aumentos en la n\u00f3mina p\u00fablica, pensiones y transferencias al<strong>&nbsp;sector el\u00e9ctrico.<\/strong><\/p>\n\n\n\n<p>Asimismo, defendi\u00f3 el manejo financiero de sus gobiernos, afirmando que bajo la administraci\u00f3n del&nbsp;<strong>PLD&nbsp;<\/strong>las finanzas p\u00fablicas \u201cnunca fueron tan estables ni tan transparentes\u201d.<\/p>\n\n\n\n<p>\u201cConseguimos colocar&nbsp;<strong>bonos a 30 a\u00f1os,<\/strong>&nbsp;en pesos dominicanos, algo que jam\u00e1s se hab\u00eda logrado en la historia del pa\u00eds. Pagamos m\u00e1s de 4,200 millones de d\u00f3lares, reduciendo la deuda nacional\u201d, afirm\u00f3.<\/p>\n\n\n\n<p>Finalmente, el exmandatario llam\u00f3 a los<strong>&nbsp;dirigentes del PLD&nbsp;<\/strong>a \u201csalir a las calles a defender la obra de los gobiernos pelede\u00edstas\u201d, recordando que durante sus gestiones se crearon m\u00e1s de un mill\u00f3n de empleos, se ampli\u00f3 la cobertura de salud y se avanz\u00f3 en proyectos de vivienda e infraestructura.<\/p>\n\n\n\n<p>\u201cEl que dej\u00f3 el pa\u00eds sin apagones fue su gobierno, el gobierno del PLD, el gobierno de los pobres\u201d, concluy\u00f3&nbsp;<strong>Medina<\/strong>, entre aplausos de los asistentes.<\/p>\n","protected":false},"excerpt":{"rendered":"<p>Danilo Medina les respondi\u00f3 a Abinader, afirmando que el 80% de los pr\u00e9stamos tomados por<\/p>\n","protected":false},"author":1,"featured_media":20305,"comment_status":"open","ping_status":"open","sticky":false,"template":"","format":"standard","meta":{"footnotes":""},"categories":[12],"tags":[],"class_list":["post-20304","post","type-post","status-publish","format-standard","has-post-thumbnail","hentry","category-nacionales"],"_links":{"self":[{"href":"https:\/\/samantharadionline.com\/index.php\/wp-json\/wp\/v2\/posts\/20304","targetHints":{"allow":["GET"]}}],"collection":[{"href":"https:\/\/samantharadionline.com\/index.php\/wp-json\/wp\/v2\/posts"}],"about":[{"href":"https:\/\/samantharadionline.com\/index.php\/wp-json\/wp\/v2\/types\/post"}],"author":[{"embeddable":true,"href":"https:\/\/samantharadionline.com\/index.php\/wp-json\/wp\/v2\/users\/1"}],"replies":[{"embeddable":true,"href":"https:\/\/samantharadionline.com\/index.php\/wp-json\/wp\/v2\/comments?post=20304"}],"version-history":[{"count":1,"href":"https:\/\/samantharadionline.com\/index.php\/wp-json\/wp\/v2\/posts\/20304\/revisions"}],"predecessor-version":[{"id":20306,"href":"https:\/\/samantharadionline.com\/index.php\/wp-json\/wp\/v2\/posts\/20304\/revisions\/20306"}],"wp:featuredmedia":[{"embeddable":true,"href":"https:\/\/samantharadionline.com\/index.php\/wp-json\/wp\/v2\/media\/20305"}],"wp:attachment":[{"href":"https:\/\/samantharadionline.com\/index.php\/wp-json\/wp\/v2\/media?parent=20304"}],"wp:term":[{"taxonomy":"category","embeddable":true,"href":"https:\/\/samantharadionline.com\/index.php\/wp-json\/wp\/v2\/categories?post=20304"},{"taxonomy":"post_tag","embeddable":true,"href":"https:\/\/samantharadionline.com\/index.php\/wp-json\/wp\/v2\/tags?post=20304"}],"curies":[{"name":"wp","href":"https:\/\/api.w.org\/{rel}","templated":true}]}}