{"id":20216,"date":"2025-10-09T22:37:06","date_gmt":"2025-10-10T02:37:06","guid":{"rendered":"https:\/\/samantharadionline.com\/?p=20216"},"modified":"2025-10-09T22:37:07","modified_gmt":"2025-10-10T02:37:07","slug":"debate-entre-oposicion-y-oficialismo-y-tema-principal-del-consejo-de-ministros","status":"publish","type":"post","link":"https:\/\/samantharadionline.com\/index.php\/2025\/10\/09\/debate-entre-oposicion-y-oficialismo-y-tema-principal-del-consejo-de-ministros\/","title":{"rendered":"Debate entre oposici\u00f3n y oficialismo y tema principal del Consejo de Ministros"},"content":{"rendered":"\n<p class=\"has-medium-font-size\"><em>La ejecuci\u00f3n del gasto ha sido un debate entre el oficialismo y la oposici\u00f3n durante los \u00faltimos a\u00f1os, el debate se ha reavivado desde el pasado lunes luego de que el Partido de la Liberaci\u00f3n Dominicana (PLD) acusara al Gobierno de aumentar la deuda p\u00fablica<\/em><\/p>\n\n\n\n<figure class=\"wp-block-image\"><img decoding=\"async\" src=\"https:\/\/listindiario.com\/files\/image_60_60\/uploads\/2023\/05\/16\/64638cfd2419c.jpeg\" alt=\"Avatar del Javier Flores\"\/><\/figure>\n\n\n\n<p><em>\u00a0<\/em>Javier Flores, <strong>Santo Domingo, RD<\/strong><\/p>\n\n\n\n<p>Luego de que el escenario pol\u00edtico estuviera dominado por el debate sobre cu\u00e1l de las recientes administraciones gubernamentales aumentara la&nbsp;<strong>deuda p\u00fablica<\/strong>, la ejecuci\u00f3n del gasto p\u00fablico fue el tema principal del<strong>&nbsp;Consejo de Ministros<\/strong>&nbsp;realizado en la tarde de este jueves.<\/p>\n\n\n\n<p>Durante la realizaci\u00f3n del \u00abbreve\u00bb Consejo de Ministros, el presidente&nbsp;<strong>Luis Abinader y<\/strong>&nbsp;su gabinete hablaron sobre la ejecuci\u00f3n de los recursos del Estado, especialmente el gasto de capital debido al presupuesto complementario aprobado.<\/p>\n\n\n\n<p>\u00abEste es un Consejo de Ministros, que fue relativamente breve, pero que estaba llamado fundamentalmente a dar seguimiento a un sinn\u00famero de aspectos que son propios de la agenda de trabajo del Gobierno Central, priorizando fundamentalmente en los aspectos de la ejecuci\u00f3n del gasto p\u00fablico, sobre todo el gasto de capital como consecuencia del presupuesto complementario recientemente aprobado y el proceso de ejecuci\u00f3n y en el trayecto \u00faltimo de cerrar este a\u00f1o 2026\u00bb, manifest\u00f3 el ministro de la Presidencia,&nbsp;<strong>Jos\u00e9 Ignacio Paliza<\/strong>, al t\u00e9rmino de la reuni\u00f3n que se extendi\u00f3 por poco m\u00e1s de una hora.&nbsp;<\/p>\n\n\n\n<p>El vocero del Consejo indic\u00f3 que a ra\u00edz de que en el presupuesto complementario se aprob\u00f3 el aumento de la capacidad de gasto en algunas instituciones para ejecutar &#8216;varios proyectos&#8217;, por lo que la tuvo la misi\u00f3n de dar seguimiento a la ejecuci\u00f3n de esas iniciativas.<\/p>\n\n\n\n<figure class=\"wp-block-image\" id=\"m27540-27539-27541\"><img decoding=\"async\" src=\"https:\/\/listindiario.com\/files\/vertical_main_image\/uploads\/2025\/10\/09\/68e849cab966e.jpeg\" alt=\"El vocero del Consejo indic\u00f3 que a ra\u00edz de que en el presupuesto complementario se aprob\u00f3 el aumento de la capacidad de gasto en algunas instituciones para ejecutar &quot;varios proyectos&quot;\"\/><figcaption class=\"wp-element-caption\">El vocero del Consejo indic\u00f3 que a ra\u00edz de que en el presupuesto complementario se aprob\u00f3 el aumento de la capacidad de gasto en algunas instituciones para ejecutar \u00abvarios proyectos\u00bbGlauco Moquete \/ LD<\/figcaption><\/figure>\n\n\n\n<p>\u00abImportante tratar el tema de la ejecuci\u00f3n presupuestaria en virtud de que el gobierno a trav\u00e9s del impulso en obras p\u00fablicas es un actor que colabora o que contribuye de manera importante con los indicadores de crecimiento econ\u00f3mico, con la dignaci\u00f3n de la econom\u00eda y con otros aspectos que son de inter\u00e9s colectivo\u00bb, explic\u00f3 Paliza.<\/p>\n\n\n\n<p>La ejecuci\u00f3n del gasto ha sido un debate entre el oficialismo y la oposici\u00f3n durante los \u00faltimos a\u00f1os, el debate se ha reavivado desde el pasado lunes luego de que el<strong>&nbsp;Partido de la Liberaci\u00f3n Dominicana<\/strong>&nbsp;(<strong>PLD<\/strong>) acusara al Gobierno de aumentar la deuda p\u00fablica; luego, en&nbsp;<strong>LA Semanal<\/strong>, el mandatario se\u00f1al\u00f3 que en t\u00e9rminos \u00abrelativos\u00bb la misma se ha reducido y manifest\u00f3 que el \u00ab80% de los pr\u00e9stamos\u00bb tomados por este Gobierno, han sido para pagar deudas pasadas.<\/p>\n\n\n\n<h3 class=\"wp-block-heading\">\u201cJornada de Articulaci\u00f3n 2026\u201d<\/h3>\n\n\n\n<p>El otro punto principal del Consejo de Ministros fue en anunciar que el pr\u00f3ximo domingo 26 de este mes se realizar\u00e1 la Jornada de Articulaci\u00f3n de Acciones Gobierno 2026, el cual ser\u00e1 un taller para coordinar la eficiencia, transparencia y cercan\u00eda de la gesti\u00f3n p\u00fablica.<\/p>\n\n\n\n<p>\u00abEste ser\u00e1 un taller de trabajo y una mesa de trabajo donde todas las entidades gubernamentales est\u00e1n llamadas a participar para coordinar de forma interinstitucional todos los elementos que nos ayuden a fortalecer la eficiencia, la transparencia y la cercan\u00eda de la gesti\u00f3n p\u00fablica con la ciudadan\u00eda\u00bb, manifest\u00f3 Paliza, quien inform\u00f3 que la jornada estar\u00e1 coordinada por el Ministerio de la Presidencia.<\/p>\n\n\n\n<p>El viceministro de Seguimiento y Coordinaci\u00f3n Gubernamental,&nbsp;<strong>Luis Madera<\/strong>, inform\u00f3 que la pr\u00f3xima semana se realizar\u00e1n reuniones con distintos grupos poblacionales, incluyendo ni\u00f1ez, juventud, adultos mayores, mujeres y personas con discapacidad, para levantar informaci\u00f3n actualizada sobre sus principales necesidades.<\/p>\n\n\n\n<figure class=\"wp-block-image\" id=\"m27574-27573-27575\"><img decoding=\"async\" src=\"https:\/\/listindiario.com\/files\/vertical_main_image\/uploads\/2025\/10\/09\/68e84a1a4e215.jpeg\" alt=\"El viceministro de Seguimiento y Coordinaci\u00f3n Gubernamental, Luis Madera\"\/><figcaption class=\"wp-element-caption\">El viceministro de Seguimiento y Coordinaci\u00f3n Gubernamental, Luis MaderaGlauco Moquete \/ LD<\/figcaption><\/figure>\n\n\n\n<p>\u201cEstos insumos nos permitir\u00e1n identificar articulaciones entre los presupuestos institucionales y orientar las prioridades hacia el a\u00f1o 2028, demostrando que el gobierno pone el foco en las personas y en generar m\u00e1s impacto en la gente\u201d, explic\u00f3 el funcionario.<\/p>\n\n\n\n<p>Madera se\u00f1al\u00f3 se informar\u00e1 p\u00fablicamente sobre las articulaciones y la hoja de ruta del 2026, con el objetivo de planificar con visi\u00f3n, coordinar con prop\u00f3sito y servir con mayor eficiencia, poniendo a las personas en el centro de las decisiones.<\/p>\n\n\n\n<h3 class=\"wp-block-heading\">Otros temas<\/h3>\n\n\n\n<p>De acuerdo con Paliza, por igual se trat\u00f3 la conclusi\u00f3n de proyectos medulares para la vida nacional y la eficientizar\u00edan del gobierno a trav\u00e9s de la digitalizaci\u00f3n de procesos; tambi\u00e9n se dio seguimiento al programa de\u00a0<strong>burocracia\u00a0<\/strong>cero, incluyendo la eliminaci\u00f3n de procesos y la dinamizaci\u00f3n de permisos de salida de menores y desaduanizaci\u00f3n de mercanc\u00edas.<\/p>\n","protected":false},"excerpt":{"rendered":"<p>La ejecuci\u00f3n del gasto ha sido un debate entre el oficialismo y la oposici\u00f3n durante<\/p>\n","protected":false},"author":1,"featured_media":20217,"comment_status":"open","ping_status":"open","sticky":false,"template":"","format":"standard","meta":{"footnotes":""},"categories":[10],"tags":[],"class_list":["post-20216","post","type-post","status-publish","format-standard","has-post-thumbnail","hentry","category-economica"],"_links":{"self":[{"href":"https:\/\/samantharadionline.com\/index.php\/wp-json\/wp\/v2\/posts\/20216","targetHints":{"allow":["GET"]}}],"collection":[{"href":"https:\/\/samantharadionline.com\/index.php\/wp-json\/wp\/v2\/posts"}],"about":[{"href":"https:\/\/samantharadionline.com\/index.php\/wp-json\/wp\/v2\/types\/post"}],"author":[{"embeddable":true,"href":"https:\/\/samantharadionline.com\/index.php\/wp-json\/wp\/v2\/users\/1"}],"replies":[{"embeddable":true,"href":"https:\/\/samantharadionline.com\/index.php\/wp-json\/wp\/v2\/comments?post=20216"}],"version-history":[{"count":1,"href":"https:\/\/samantharadionline.com\/index.php\/wp-json\/wp\/v2\/posts\/20216\/revisions"}],"predecessor-version":[{"id":20218,"href":"https:\/\/samantharadionline.com\/index.php\/wp-json\/wp\/v2\/posts\/20216\/revisions\/20218"}],"wp:featuredmedia":[{"embeddable":true,"href":"https:\/\/samantharadionline.com\/index.php\/wp-json\/wp\/v2\/media\/20217"}],"wp:attachment":[{"href":"https:\/\/samantharadionline.com\/index.php\/wp-json\/wp\/v2\/media?parent=20216"}],"wp:term":[{"taxonomy":"category","embeddable":true,"href":"https:\/\/samantharadionline.com\/index.php\/wp-json\/wp\/v2\/categories?post=20216"},{"taxonomy":"post_tag","embeddable":true,"href":"https:\/\/samantharadionline.com\/index.php\/wp-json\/wp\/v2\/tags?post=20216"}],"curies":[{"name":"wp","href":"https:\/\/api.w.org\/{rel}","templated":true}]}}