{"id":20204,"date":"2025-10-09T16:16:29","date_gmt":"2025-10-09T20:16:29","guid":{"rendered":"https:\/\/samantharadionline.com\/?p=20204"},"modified":"2025-10-09T16:16:30","modified_gmt":"2025-10-09T20:16:30","slug":"abinader-celebra-acuerdo-que-pone-fin-a-la-guerra-en-gaza-y-felicita-mediacion-internacional","status":"publish","type":"post","link":"https:\/\/samantharadionline.com\/index.php\/2025\/10\/09\/abinader-celebra-acuerdo-que-pone-fin-a-la-guerra-en-gaza-y-felicita-mediacion-internacional\/","title":{"rendered":"Abinader celebra acuerdo que pone fin a la guerra en Gaza y felicita mediaci\u00f3n internacional"},"content":{"rendered":"\n<p class=\"has-medium-font-size\"><em>El presidente Abinader felicit\u00f3 a su par estadounidense Donald Trump por su liderazgo en las negociaciones sobre la primera fase del plan de paz para Gaza<\/em><\/p>\n\n\n\n<figure class=\"wp-block-image\"><img decoding=\"async\" src=\"https:\/\/listindiario.com\/files\/image_60_60\/uploads\/2025\/07\/13\/68743be1bedc5.jpeg\" alt=\"Avatar del Sauro Scalella\"\/><\/figure>\n\n\n\n<p><em>\u00a0<\/em>Sauro Scalella, <strong>Santo Domingo, RD<\/strong><\/p>\n\n\n\n<p>El\u00a0<strong>presidente Luis Abinader<\/strong>\u00a0celebr\u00f3 este jueves el acuerdo que pone fin a la\u00a0<strong>guerra\u00a0<\/strong>en la\u00a0<strong>Franja de Gaza<\/strong>, hecho que calific\u00f3 como \u201cun paso crucial hacia la convivencia en el<strong>\u00a0Medio Oriente<\/strong>\u201d.<\/p>\n\n\n\n<p>Abinader felicit\u00f3 el liderazgo de su par estadounidense,&nbsp;<strong>Donald Trump<\/strong>, y reconoci\u00f3 los esfuerzos de los Gobiernos de&nbsp;<strong>Qatar&nbsp;<\/strong>y&nbsp;<strong>Egipto&nbsp;<\/strong>en el cierre de este cuerdo.<\/p>\n\n\n\n<p>Seg\u00fan el mandatario, tal mediaci\u00f3n \u201cabre una esperanza para millones de personas afectadas por el conflicto\u201d.<\/p>\n\n\n\n<p><strong>Abinader\u00a0<\/strong>reaccion\u00f3 al acuerdo del\u00a0alto el fuego en Gaza\u00a0a trav\u00e9s de su cuenta de X.<\/p>\n\n\n\n<p>El negociador&nbsp;<strong>jefe de Ham\u00e1s, Khalil al Hayya<\/strong>, afirm\u00f3 m\u00e1s temprano en televisi\u00f3n que el movimiento islamista palestino recibi\u00f3 garant\u00edas de&nbsp;<strong>Estados Unidos&nbsp;<\/strong>y otros mediadores de que la guerra con Israel lleg\u00f3 a su final.<\/p>\n\n\n\n<p>\u201cRecibimos garant\u00edas de los mediadores hermanos y de la administraci\u00f3n de Estados Unidos confirmando que<strong>&nbsp;la guerra lleg\u00f3 a su final<\/strong>\u201d, dijo Khalil al Hayya en una entrevista con el canal Al Jazeera, seg\u00fan report\u00f3 la agencia AFP.<\/p>\n\n\n\n<figure class=\"wp-block-embed is-type-rich is-provider-twitter wp-block-embed-twitter\"><div class=\"wp-block-embed__wrapper\">\n<blockquote class=\"twitter-tweet\" data-width=\"550\" data-dnt=\"true\"><p lang=\"es\" dir=\"ltr\">Celebramos el acuerdo que trae paz a Gaza, un paso crucial hacia la convivencia en el Medio Oriente. Felicitamos el liderazgo del presidente <a href=\"https:\/\/twitter.com\/realDonaldTrump?ref_src=twsrc%5Etfw\">@realDonaldTrump<\/a>, as\u00ed como los esfuerzos de los Gobiernos de Qatar y Egipto, cuya mediaci\u00f3n abre una esperanza para millones de personas\u2026<\/p>&mdash; Luis Abinader (@luisabinader) <a href=\"https:\/\/twitter.com\/luisabinader\/status\/1976361225606082615?ref_src=twsrc%5Etfw\">October 9, 2025<\/a><\/blockquote><script async src=\"https:\/\/platform.twitter.com\/widgets.js\" charset=\"utf-8\"><\/script>\n<\/div><\/figure>\n\n\n\n<p>Las negociaciones sobre la primera fase del plan de paz para Gaza incluye, principalmente, un alto el fuego y la&nbsp;<strong>liberaci\u00f3n de rehenes<\/strong>.<\/p>\n\n\n\n<p>El&nbsp;<strong>presidente Trump&nbsp;<\/strong>anunci\u00f3 m\u00e1s tarde que prev\u00e9 viajar el domingo a Medio Oriente. Tras dar por terminada la guerra, Trump dijo que los&nbsp;<strong>rehenes israel\u00edes<\/strong>&nbsp;retenidos por&nbsp;<strong>Hamas&nbsp;<\/strong>ser\u00e1n liberados el lunes o el martes.<\/p>\n\n\n\n<p>Las garant\u00edas de un alto el fuego en Gaza se producen 10 d\u00edas despu\u00e9s de que Trump anunciara un plan de paz para Medio Oriente junto al primer&nbsp;ministro de Israel,<strong>&nbsp;Benjamin Netanyahu<\/strong>, en la Casa Blanca.<\/p>\n\n\n\n<p>Algunos puntos del acuerdo son la liberaci\u00f3n en menos de 72 horas de los rehenes que a\u00fan est\u00e1n en poder de Ham\u00e1s; el desarme y desmovilizaci\u00f3n del grupo militante palestino; la eliminaci\u00f3n de t\u00faneles e infraestructura de combate en Gaza.<\/p>\n\n\n\n<p>El cese de la operaci\u00f3n militar de Israel en el territorio palestino; la liberaci\u00f3n de cientos de palestinos detenidos por Israel, y la entrada inmediata de ayuda humanitaria a Gaza.<\/p>\n\n\n\n<p>El martes pasado se conmemor\u00f3 el segundo aniversario del&nbsp;<strong>ataque&nbsp;<\/strong>dirigido por Ham\u00e1s el 7 de septiembre de 2023. Los&nbsp;<strong>ataques de Ham\u00e1s<\/strong>&nbsp;provocaron 1,200 muertos y la toma de 250 rehenes, seg\u00fan Naciones Unidas.<\/p>\n\n\n\n<p>Mientras que la respuesta israel\u00ed se ha cobrado ya 67,000 vidas, provocado 170,000 heridos, originado una hambruna y forzado el desplazamiento de casi dos millones de personas, precis\u00f3 la organizaci\u00f3n internacional.<\/p>\n","protected":false},"excerpt":{"rendered":"<p>El presidente Abinader felicit\u00f3 a su par estadounidense Donald Trump por su liderazgo en las<\/p>\n","protected":false},"author":1,"featured_media":20205,"comment_status":"open","ping_status":"open","sticky":false,"template":"","format":"standard","meta":{"footnotes":""},"categories":[12],"tags":[],"class_list":["post-20204","post","type-post","status-publish","format-standard","has-post-thumbnail","hentry","category-nacionales"],"_links":{"self":[{"href":"https:\/\/samantharadionline.com\/index.php\/wp-json\/wp\/v2\/posts\/20204","targetHints":{"allow":["GET"]}}],"collection":[{"href":"https:\/\/samantharadionline.com\/index.php\/wp-json\/wp\/v2\/posts"}],"about":[{"href":"https:\/\/samantharadionline.com\/index.php\/wp-json\/wp\/v2\/types\/post"}],"author":[{"embeddable":true,"href":"https:\/\/samantharadionline.com\/index.php\/wp-json\/wp\/v2\/users\/1"}],"replies":[{"embeddable":true,"href":"https:\/\/samantharadionline.com\/index.php\/wp-json\/wp\/v2\/comments?post=20204"}],"version-history":[{"count":1,"href":"https:\/\/samantharadionline.com\/index.php\/wp-json\/wp\/v2\/posts\/20204\/revisions"}],"predecessor-version":[{"id":20206,"href":"https:\/\/samantharadionline.com\/index.php\/wp-json\/wp\/v2\/posts\/20204\/revisions\/20206"}],"wp:featuredmedia":[{"embeddable":true,"href":"https:\/\/samantharadionline.com\/index.php\/wp-json\/wp\/v2\/media\/20205"}],"wp:attachment":[{"href":"https:\/\/samantharadionline.com\/index.php\/wp-json\/wp\/v2\/media?parent=20204"}],"wp:term":[{"taxonomy":"category","embeddable":true,"href":"https:\/\/samantharadionline.com\/index.php\/wp-json\/wp\/v2\/categories?post=20204"},{"taxonomy":"post_tag","embeddable":true,"href":"https:\/\/samantharadionline.com\/index.php\/wp-json\/wp\/v2\/tags?post=20204"}],"curies":[{"name":"wp","href":"https:\/\/api.w.org\/{rel}","templated":true}]}}