{"id":20201,"date":"2025-10-09T16:12:59","date_gmt":"2025-10-09T20:12:59","guid":{"rendered":"https:\/\/samantharadionline.com\/?p=20201"},"modified":"2025-10-09T16:13:00","modified_gmt":"2025-10-09T20:13:00","slug":"trump-planea-visitar-a-israel-para-celebrar-acuerdo-de-paz-con-hamas","status":"publish","type":"post","link":"https:\/\/samantharadionline.com\/index.php\/2025\/10\/09\/trump-planea-visitar-a-israel-para-celebrar-acuerdo-de-paz-con-hamas\/","title":{"rendered":"Trump planea visitar a Israel para celebrar acuerdo de paz con Ham\u00e1s"},"content":{"rendered":"\n<p class=\"has-medium-font-size\"><em>Trump instig\u00f3 el actual plan de paz y, de hecho, fue \u00e9l quien anunci\u00f3 el acuerdo el mi\u00e9rcoles por la tarde<\/em><\/p>\n\n\n\n<p><em>\u00a0<\/em>Europa Press, <strong>Madrid, Espa\u00f1a<\/strong><\/p>\n\n\n\n<p>El presidente de&nbsp;<strong>Estados Unidos<\/strong>,&nbsp;<strong>Donald Trump<\/strong>, tiene previsto viajar en los pr\u00f3ximos d\u00edas a Israel para celebrar sobre el terreno el acuerdo de paz que ya han firmado el Gobierno de&nbsp;<strong>Benjamin Netanyahu<\/strong>&nbsp;y el grupo palestino&nbsp;<strong>Ham\u00e1s<\/strong>, tal como ha adelantado este jueves la Presidencia israel\u00ed.<\/p>\n\n\n\n<p>La oficina del presidente, Isaac Herzog, ha informado en un comunicado de la cancelaci\u00f3n de un acto fijado en la agenda para el domingo ante la&nbsp;<strong>\u00abpr\u00f3xima visita\u00bb de Trump<\/strong>, en vista tambi\u00e9n de \u00abla esperada liberaci\u00f3n de los&nbsp;<strong>rehenes<\/strong>\u00bb que a\u00fan siguen en la&nbsp;<strong>Franja de Gaza<\/strong>.<\/p>\n\n\n\n<p><strong>Trump\u00a0<\/strong>instig\u00f3 el actual plan de paz y, de hecho, fue \u00e9l quien anunci\u00f3 el acuerdo el mi\u00e9rcoles por la tarde, tras varios d\u00edas de contactos indirectos entre las partes en\u00a0<strong>Egipto<\/strong>. La oficina de\u00a0<strong>Netanyahu<\/strong>\u00a0ha declarado abiertamente en\u00a0<strong>redes sociales\u00a0<\/strong>que el mandatario estadounidense debe ganar el premio\u00a0<strong>Nobel de la Paz<\/strong>\u00a0porque \u00abse lo merece\u00bb.<\/p>\n\n\n\n<p><strong>Netanyahu<\/strong>&nbsp;tambi\u00e9n ha invitado a&nbsp;<strong>Trump&nbsp;<\/strong>a pronunciar un discurso ante el Parlamento en su futura visita a&nbsp;<strong>Israel<\/strong>, sin aludir a fechas, despu\u00e9s de una conversaci\u00f3n \u00abemotiva\u00bb en la que ambos se felicitaron por un \u00ablogro hist\u00f3rico\u00bb que a\u00fan est\u00e1 por concretarse.<\/p>\n","protected":false},"excerpt":{"rendered":"<p>Trump instig\u00f3 el actual plan de paz y, de hecho, fue \u00e9l quien anunci\u00f3 el<\/p>\n","protected":false},"author":1,"featured_media":20202,"comment_status":"open","ping_status":"open","sticky":false,"template":"","format":"standard","meta":{"footnotes":""},"categories":[4],"tags":[],"class_list":["post-20201","post","type-post","status-publish","format-standard","has-post-thumbnail","hentry","category-mundiales"],"_links":{"self":[{"href":"https:\/\/samantharadionline.com\/index.php\/wp-json\/wp\/v2\/posts\/20201","targetHints":{"allow":["GET"]}}],"collection":[{"href":"https:\/\/samantharadionline.com\/index.php\/wp-json\/wp\/v2\/posts"}],"about":[{"href":"https:\/\/samantharadionline.com\/index.php\/wp-json\/wp\/v2\/types\/post"}],"author":[{"embeddable":true,"href":"https:\/\/samantharadionline.com\/index.php\/wp-json\/wp\/v2\/users\/1"}],"replies":[{"embeddable":true,"href":"https:\/\/samantharadionline.com\/index.php\/wp-json\/wp\/v2\/comments?post=20201"}],"version-history":[{"count":1,"href":"https:\/\/samantharadionline.com\/index.php\/wp-json\/wp\/v2\/posts\/20201\/revisions"}],"predecessor-version":[{"id":20203,"href":"https:\/\/samantharadionline.com\/index.php\/wp-json\/wp\/v2\/posts\/20201\/revisions\/20203"}],"wp:featuredmedia":[{"embeddable":true,"href":"https:\/\/samantharadionline.com\/index.php\/wp-json\/wp\/v2\/media\/20202"}],"wp:attachment":[{"href":"https:\/\/samantharadionline.com\/index.php\/wp-json\/wp\/v2\/media?parent=20201"}],"wp:term":[{"taxonomy":"category","embeddable":true,"href":"https:\/\/samantharadionline.com\/index.php\/wp-json\/wp\/v2\/categories?post=20201"},{"taxonomy":"post_tag","embeddable":true,"href":"https:\/\/samantharadionline.com\/index.php\/wp-json\/wp\/v2\/tags?post=20201"}],"curies":[{"name":"wp","href":"https:\/\/api.w.org\/{rel}","templated":true}]}}