{"id":20195,"date":"2025-10-09T16:00:16","date_gmt":"2025-10-09T20:00:16","guid":{"rendered":"https:\/\/samantharadionline.com\/?p=20195"},"modified":"2025-10-09T16:00:16","modified_gmt":"2025-10-09T20:00:16","slug":"miguel-vargas-fortalece-presencia-del-prd-en-madrid-como-parte-de-su-reorganizacion-nacional-e-internacional","status":"publish","type":"post","link":"https:\/\/samantharadionline.com\/index.php\/2025\/10\/09\/miguel-vargas-fortalece-presencia-del-prd-en-madrid-como-parte-de-su-reorganizacion-nacional-e-internacional\/","title":{"rendered":"Miguel Vargas fortalece presencia del PRD en Madrid como parte de su reorganizaci\u00f3n nacional e internacional"},"content":{"rendered":"\n<p class=\"has-medium-font-size\"><em>El presidente del PRD reafirma compromiso con una propuesta moderna y cercana a la ciudadan\u00eda dominicana dentro y fuera del pa\u00eds<\/em><\/p>\n\n\n\n<figure class=\"wp-block-table\"><table class=\"has-fixed-layout\"><tbody><tr><td>Por: <strong>Milagros Pimentel<\/strong>, <strong>Madrid, Espa\u00f1a<\/strong><\/td><\/tr><\/tbody><\/table><\/figure>\n\n\n\n<p>En el marco del proceso de reorganizaci\u00f3n y fortalecimiento institucional que impulsa el Partido Revolucionario Dominicano (PRD), su presidente, Miguel Vargas Maldonado, sostuvo un encuentro estrat\u00e9gico con la direcci\u00f3n de la seccional del partido en Madrid. La reuni\u00f3n forma parte de la agenda internacional del PRD, orientada a consolidar su estructura y renovar su visi\u00f3n de cara al 2028.<\/p>\n\n\n\n<p>Durante el encuentro, se reafirm\u00f3 el compromiso de construir una propuesta pol\u00edtica s\u00f3lida, moderna y centrada en las verdaderas necesidades del pueblo dominicano. Vargas destac\u00f3 la importancia de mantener una conexi\u00f3n activa con la di\u00e1spora, reconociendo el papel fundamental que juegan los dominicanos en el exterior en el desarrollo nacional.<\/p>\n\n\n\n<blockquote class=\"wp-block-quote is-layout-flow wp-block-quote-is-layout-flow\">\n<p>\u201cEl PRD est\u00e1 en movimiento. Estamos reorganizando nuestras bases, fortaleciendo nuestras estructuras y construyendo una visi\u00f3n renovada que responda con firmeza a los desaf\u00edos del pa\u00eds\u201d, expres\u00f3 Vargas ante los dirigentes presentes.<\/p>\n<\/blockquote>\n\n\n\n<p>La seccional del PRD en Madrid reiter\u00f3 su disposici\u00f3n de trabajar alineada con los objetivos nacionales del partido, promoviendo espacios de participaci\u00f3n, formaci\u00f3n pol\u00edtica y articulaci\u00f3n comunitaria entre los dominicanos residentes en Europa.<\/p>\n\n\n\n<p>Este encuentro se suma a una serie de reuniones que Vargas ha sostenido en distintos puntos del pa\u00eds y el extranjero, como parte de una estrategia de consolidaci\u00f3n territorial que busca preparar al PRD para una participaci\u00f3n vigorosa en los pr\u00f3ximos procesos electorales.<\/p>\n\n\n\n<p>Con el lema \u201cCamino al 2028\u201d, el PRD avanza con paso firme hacia una nueva etapa de liderazgo pol\u00edtico, apostando por la institucionalidad, la cercan\u00eda con la gente y la construcci\u00f3n de propuestas viables para el desarrollo nacional.<\/p>\n","protected":false},"excerpt":{"rendered":"<p>El presidente del PRD reafirma compromiso con una propuesta moderna y cercana a la ciudadan\u00eda<\/p>\n","protected":false},"author":1,"featured_media":20196,"comment_status":"open","ping_status":"open","sticky":false,"template":"","format":"standard","meta":{"footnotes":""},"categories":[4],"tags":[],"class_list":["post-20195","post","type-post","status-publish","format-standard","has-post-thumbnail","hentry","category-mundiales"],"_links":{"self":[{"href":"https:\/\/samantharadionline.com\/index.php\/wp-json\/wp\/v2\/posts\/20195","targetHints":{"allow":["GET"]}}],"collection":[{"href":"https:\/\/samantharadionline.com\/index.php\/wp-json\/wp\/v2\/posts"}],"about":[{"href":"https:\/\/samantharadionline.com\/index.php\/wp-json\/wp\/v2\/types\/post"}],"author":[{"embeddable":true,"href":"https:\/\/samantharadionline.com\/index.php\/wp-json\/wp\/v2\/users\/1"}],"replies":[{"embeddable":true,"href":"https:\/\/samantharadionline.com\/index.php\/wp-json\/wp\/v2\/comments?post=20195"}],"version-history":[{"count":1,"href":"https:\/\/samantharadionline.com\/index.php\/wp-json\/wp\/v2\/posts\/20195\/revisions"}],"predecessor-version":[{"id":20197,"href":"https:\/\/samantharadionline.com\/index.php\/wp-json\/wp\/v2\/posts\/20195\/revisions\/20197"}],"wp:featuredmedia":[{"embeddable":true,"href":"https:\/\/samantharadionline.com\/index.php\/wp-json\/wp\/v2\/media\/20196"}],"wp:attachment":[{"href":"https:\/\/samantharadionline.com\/index.php\/wp-json\/wp\/v2\/media?parent=20195"}],"wp:term":[{"taxonomy":"category","embeddable":true,"href":"https:\/\/samantharadionline.com\/index.php\/wp-json\/wp\/v2\/categories?post=20195"},{"taxonomy":"post_tag","embeddable":true,"href":"https:\/\/samantharadionline.com\/index.php\/wp-json\/wp\/v2\/tags?post=20195"}],"curies":[{"name":"wp","href":"https:\/\/api.w.org\/{rel}","templated":true}]}}