{"id":20185,"date":"2025-10-09T10:52:18","date_gmt":"2025-10-09T14:52:18","guid":{"rendered":"https:\/\/samantharadionline.com\/?p=20185"},"modified":"2025-10-09T10:52:19","modified_gmt":"2025-10-09T14:52:19","slug":"mi-cronica-al-estrenar-el-paso-a-desnivel-de-la-27-de-febrero-con-isabel-aguiar","status":"publish","type":"post","link":"https:\/\/samantharadionline.com\/index.php\/2025\/10\/09\/mi-cronica-al-estrenar-el-paso-a-desnivel-de-la-27-de-febrero-con-isabel-aguiar\/","title":{"rendered":"Mi cr\u00f3nica al estrenar el paso a desnivel de la 27 de Febrero con Isabel Aguiar"},"content":{"rendered":"\n<p class=\"has-medium-font-size\"><em>Y que no se han concluido los trabajos en la Plaza de la Bandera<\/em><\/p>\n\n\n\n<figure class=\"wp-block-image\"><img decoding=\"async\" src=\"https:\/\/listindiario.com\/files\/image_60_60\/uploads\/2025\/07\/23\/68815148bac7d.jpeg\" alt=\"Avatar del Deyanira Polanco\"\/><\/figure>\n\n\n\n<p><em>\u00a0<\/em>Deyanira Polanco,<strong> SANTO DOMINGO, RD<\/strong><\/p>\n\n\n\n<p>A un d\u00eda del estreno del paso a desnivel en la intersecci\u00f3n de las avenidas Prolongaci\u00f3n 27 de Febrero e Isabel Aguiar ( Pintura), la experiencia de entrada al Distrito Nacional no fue tan placentera como la salida hacia el Sur y Santo Domingo Oeste, que el&nbsp;<strong>mi\u00e9rcoles por la tarde solo me tom\u00f3 un minuto.<\/strong><\/p>\n\n\n\n<p>Llegar desde la autopista 6 de Noviembre, faltando cinco minutos para las siete de la ma\u00f1ana, y encontrar un tap\u00f3n justo antes del paso a desnivel fue sorpresivo. Los trabajos a\u00fan no han concluido para lograr la soluci\u00f3n vial que se proponen las autoridades.<\/p>\n\n\n\n<figure class=\"wp-block-image is-resized\" id=\"m53706-53705-53707\"><img decoding=\"async\" src=\"https:\/\/listindiario.com\/files\/composite_image\/files\/fp\/uploads\/2025\/10\/09\/68e7c0f3eafcf.r_d.577-402-8029.jpeg\" alt=\"La l\u00ednea roja muestra el tap\u00f3n de Pintura y la Plaza de la Bandera\" style=\"width:840px;height:auto\"\/><figcaption class=\"wp-element-caption\">La l\u00ednea roja muestra el tap\u00f3n de Pintura y la Plaza de la Bandera <\/figcaption><\/figure>\n\n\n\n<p>El GPS (Waze) me indicaba un retraso de 13 minutos. Como ten\u00eda tiempo, decid\u00ed cambiar de ruta. Tom\u00e9 el carril izquierdo en direcci\u00f3n a Santo Domingo Oeste para retornar y entrar al paso a desnivel desde la Prolongaci\u00f3n 27. Efectivamente, esa v\u00eda estaba menos congestionada.<\/p>\n\n\n\n<p>Sin embargo,&nbsp;<strong>el tap\u00f3n llegaba desde el paso a desnivel hasta la Plaza de la Bandera<\/strong>, justo en la intersecci\u00f3n con la avenida Luper\u00f3n. Carros, guaguas, bocinas y el sem\u00e1foro en verde, suplantado por los agentes de la Digesett que haciendo se\u00f1as y pitando decid\u00edan a que carril darle paso. El caos reinaba, el&nbsp;<strong>Waze no fue exacto<\/strong>, me tard\u00e9 16 minutos en el tramo.<\/p>\n\n\n\n<figure class=\"wp-block-image\" id=\"m53718-53717-53719\"><img decoding=\"async\" src=\"https:\/\/listindiario.com\/files\/vertical_main_image\/uploads\/2025\/10\/09\/68e7c150cbd7c.jpeg\" alt=\"Los agentes de la Digesett dirig\u00edan el tr\u00e1nsito\"\/><figcaption class=\"wp-element-caption\">Los agentes de la Digesett dirig\u00edan el tr\u00e1nsito <\/figcaption><\/figure>\n\n\n\n<p>A mi izquierda, el centro de la Plaza de la Bandera estaba cubierto con hojas de zinc. Desde ah\u00ed se ve\u00edan maquinarias pesadas y obreros desde temprano. Se nota que agilizan los trabajos, y as\u00ed lo esperamos los conductores.<\/p>\n\n\n\n<p>Cruzar la Luper\u00f3n y tener el sem\u00e1foro del Ministerio de Defensa en verde no signific\u00f3 nada: la fila de veh\u00edculos apenas se mov\u00eda. Algunos agentes trataban de viabilizar el tr\u00e1nsito como pod\u00edan, entre se\u00f1as y pitos. Ya en la 27 de Febrero, llegar hasta la avenida M\u00e1ximo G\u00f3mez me tom\u00f3 otros 30 minutos.<\/p>\n\n\n\n<p>Salir de lo que por a\u00f1os ha sido un caos que retrasa a miles de conductores es el objetivo de las autoridades con la inauguraci\u00f3n de este nuevo paso a desnivel en el tramo de la denominada \u00abPintura\u00bb. Ojal\u00e1 los trabajos contin\u00faen a ritmo acelerado.<\/p>\n\n\n\n<p>El mi\u00e9rcoles el presidente Luis Abinader entreg\u00f3 el paso a desnivel, una obra financiada con los recursos obtenidos de la renegociaci\u00f3n del contrato de concesi\u00f3n de Aeropuertos Dominicanos Siglo XXI (Aerodom) con el Estado. El proyecto tuvo un costo aproximado de 41 millones de d\u00f3lares, y fue terminado en 18 meses.<\/p>\n\n\n\n<p>El ministro de Obras P\u00fablicas, Eduardo Estrella, inform\u00f3 que en el segundo trimestre de 2026 se entregar\u00e1 la continuidad de esta obra: el paso a desnivel de la avenida Gregorio Luper\u00f3n, debajo de la Plaza de la Bandera.<\/p>\n\n\n\n<figure class=\"wp-block-image is-resized\" id=\"m53730-53729-53731\"><img decoding=\"async\" src=\"https:\/\/listindiario.com\/files\/composite_image\/uploads\/2025\/10\/08\/68e6f2dccd85e.jpeg\" alt=\"Entre las cinco y seis de la tarde del mi\u00e9rcoles, la denominada hora pico, el tr\u00e1nsito de manera fluida en Pintura\" style=\"width:840px;height:auto\"\/><figcaption class=\"wp-element-caption\">Entre las cinco y seis de la tarde del mi\u00e9rcoles, la denominada hora pico, el tr\u00e1nsito de manera fluida en Pintura Jorge Mart\u00ednez <\/figcaption><\/figure>\n","protected":false},"excerpt":{"rendered":"<p>Y que no se han concluido los trabajos en la Plaza de la Bandera \u00a0Deyanira<\/p>\n","protected":false},"author":1,"featured_media":20186,"comment_status":"open","ping_status":"open","sticky":false,"template":"","format":"standard","meta":{"footnotes":""},"categories":[12],"tags":[],"class_list":["post-20185","post","type-post","status-publish","format-standard","has-post-thumbnail","hentry","category-nacionales"],"_links":{"self":[{"href":"https:\/\/samantharadionline.com\/index.php\/wp-json\/wp\/v2\/posts\/20185","targetHints":{"allow":["GET"]}}],"collection":[{"href":"https:\/\/samantharadionline.com\/index.php\/wp-json\/wp\/v2\/posts"}],"about":[{"href":"https:\/\/samantharadionline.com\/index.php\/wp-json\/wp\/v2\/types\/post"}],"author":[{"embeddable":true,"href":"https:\/\/samantharadionline.com\/index.php\/wp-json\/wp\/v2\/users\/1"}],"replies":[{"embeddable":true,"href":"https:\/\/samantharadionline.com\/index.php\/wp-json\/wp\/v2\/comments?post=20185"}],"version-history":[{"count":1,"href":"https:\/\/samantharadionline.com\/index.php\/wp-json\/wp\/v2\/posts\/20185\/revisions"}],"predecessor-version":[{"id":20187,"href":"https:\/\/samantharadionline.com\/index.php\/wp-json\/wp\/v2\/posts\/20185\/revisions\/20187"}],"wp:featuredmedia":[{"embeddable":true,"href":"https:\/\/samantharadionline.com\/index.php\/wp-json\/wp\/v2\/media\/20186"}],"wp:attachment":[{"href":"https:\/\/samantharadionline.com\/index.php\/wp-json\/wp\/v2\/media?parent=20185"}],"wp:term":[{"taxonomy":"category","embeddable":true,"href":"https:\/\/samantharadionline.com\/index.php\/wp-json\/wp\/v2\/categories?post=20185"},{"taxonomy":"post_tag","embeddable":true,"href":"https:\/\/samantharadionline.com\/index.php\/wp-json\/wp\/v2\/tags?post=20185"}],"curies":[{"name":"wp","href":"https:\/\/api.w.org\/{rel}","templated":true}]}}