{"id":20179,"date":"2025-10-09T09:37:02","date_gmt":"2025-10-09T13:37:02","guid":{"rendered":"https:\/\/samantharadionline.com\/?p=20179"},"modified":"2025-10-09T09:37:03","modified_gmt":"2025-10-09T13:37:03","slug":"destituyalo-presidente","status":"publish","type":"post","link":"https:\/\/samantharadionline.com\/index.php\/2025\/10\/09\/destituyalo-presidente\/","title":{"rendered":"Destit\u00fayalo Presidente"},"content":{"rendered":"\n<p class=\"has-medium-font-size\"><em>Ideas Puntuales<\/em><\/p>\n\n\n\n<p>Por: <strong>Yudelka Dom\u00ednguez<\/strong><\/p>\n\n\n\n<p>En octubre de 2023,&nbsp;<strong>Jorge Zorrilla Ozuna<\/strong>&nbsp;le hizo prometer al presidente Luis Abinader que le dar\u00eda una oportunidad de pertenecer al&nbsp;<strong>tren gubernamental<\/strong>. El mandatario acept\u00f3 y casi dos a\u00f1os despu\u00e9s, en agosto de este a\u00f1o, fue nombrado como director de<strong>&nbsp;Desarrollo Fronterizo<\/strong>. Tras su juramentado en el cargo, Ozuna admite que cancelar\u00e1 personas para colocar a sus simpatizantes.<\/p>\n\n\n\n<p>No hay mucho que esperar de Zorrilla Ozuna, no importa el cargo que ocupe. Cuando dirig\u00eda el Instituto de Estabilizaci\u00f3n de Precios (Inespre), hasta el propio Luis Abinader lo acus\u00f3 de quebrar esa instituci\u00f3n, adem\u00e1s de que el clientelismo pol\u00edtico no falt\u00f3. No mencionar\u00e9 la acusaci\u00f3n en 2006 que le hizo el entonces procurador Francisco Dom\u00ednguez Brito.<\/p>\n\n\n\n<p>Abinader se sigue equivocando, una persona que no piensa volver a dirigir Rep\u00fablica Dominicana y quiere que su imagen, al terminar su mandato, tenga la apreciaci\u00f3n de la mayor\u00eda, no deber\u00eda permitirse tener una persona as\u00ed en su gobierno. Ozuna no suma, hace perder, en especial, la transparencia que ha sido la frase m\u00e1s usada en todos los discursos de este gobierno.<\/p>\n","protected":false},"excerpt":{"rendered":"<p>Ideas Puntuales Por: Yudelka Dom\u00ednguez En octubre de 2023,&nbsp;Jorge Zorrilla Ozuna&nbsp;le hizo prometer al presidente<\/p>\n","protected":false},"author":1,"featured_media":20180,"comment_status":"open","ping_status":"open","sticky":false,"template":"","format":"standard","meta":{"footnotes":""},"categories":[13],"tags":[],"class_list":["post-20179","post","type-post","status-publish","format-standard","has-post-thumbnail","hentry","category-opinion"],"_links":{"self":[{"href":"https:\/\/samantharadionline.com\/index.php\/wp-json\/wp\/v2\/posts\/20179","targetHints":{"allow":["GET"]}}],"collection":[{"href":"https:\/\/samantharadionline.com\/index.php\/wp-json\/wp\/v2\/posts"}],"about":[{"href":"https:\/\/samantharadionline.com\/index.php\/wp-json\/wp\/v2\/types\/post"}],"author":[{"embeddable":true,"href":"https:\/\/samantharadionline.com\/index.php\/wp-json\/wp\/v2\/users\/1"}],"replies":[{"embeddable":true,"href":"https:\/\/samantharadionline.com\/index.php\/wp-json\/wp\/v2\/comments?post=20179"}],"version-history":[{"count":1,"href":"https:\/\/samantharadionline.com\/index.php\/wp-json\/wp\/v2\/posts\/20179\/revisions"}],"predecessor-version":[{"id":20181,"href":"https:\/\/samantharadionline.com\/index.php\/wp-json\/wp\/v2\/posts\/20179\/revisions\/20181"}],"wp:featuredmedia":[{"embeddable":true,"href":"https:\/\/samantharadionline.com\/index.php\/wp-json\/wp\/v2\/media\/20180"}],"wp:attachment":[{"href":"https:\/\/samantharadionline.com\/index.php\/wp-json\/wp\/v2\/media?parent=20179"}],"wp:term":[{"taxonomy":"category","embeddable":true,"href":"https:\/\/samantharadionline.com\/index.php\/wp-json\/wp\/v2\/categories?post=20179"},{"taxonomy":"post_tag","embeddable":true,"href":"https:\/\/samantharadionline.com\/index.php\/wp-json\/wp\/v2\/tags?post=20179"}],"curies":[{"name":"wp","href":"https:\/\/api.w.org\/{rel}","templated":true}]}}