{"id":20176,"date":"2025-10-09T09:32:32","date_gmt":"2025-10-09T13:32:32","guid":{"rendered":"https:\/\/samantharadionline.com\/?p=20176"},"modified":"2025-10-09T09:32:33","modified_gmt":"2025-10-09T13:32:33","slug":"mujeres-tienen-mayor-riesgo-de-sufrir-depresion-revela-estudio","status":"publish","type":"post","link":"https:\/\/samantharadionline.com\/index.php\/2025\/10\/09\/mujeres-tienen-mayor-riesgo-de-sufrir-depresion-revela-estudio\/","title":{"rendered":"Mujeres tienen mayor riesgo de sufrir depresi\u00f3n, revela estudio"},"content":{"rendered":"\n<p class=\"has-medium-font-size\"><em>Las mujeres ten\u00edan casi el doble de los marcadores gen\u00e9ticos ligados a la depresi\u00f3n que los hombres, seg\u00fan el proyecto encabezado por el Instituto Berghofer de Investigaci\u00f3n M\u00e9dica, de Australia<\/em><\/p>\n\n\n\n<figure class=\"wp-block-image\"><img decoding=\"async\" src=\"https:\/\/listindiario.com\/files\/image_60_60\/uploads\/2025\/06\/12\/684b39171bfd7.jpeg\" alt=\"Avatar del Agencia AFP\"\/><\/figure>\n\n\n\n<p><em>\u00a0<\/em>AGENCIA AFP, <strong>S\u00eddney, Australia<\/strong><\/p>\n\n\n\n<p>Las&nbsp;<strong>mujeres&nbsp;<\/strong>tienen mayor riesgo gen\u00e9tico que los hombres de sufrir una&nbsp;<strong>depresi\u00f3n<\/strong>&nbsp;cl\u00ednica, determinaron investigadores australianos en un estudio publicado el mi\u00e9rcoles.<\/p>\n\n\n\n<p>Los cient\u00edficos analizaron el ADN de casi 200.000 personas con depresi\u00f3n para precisar los marcadores gen\u00e9ticos compartidos.<\/p>\n\n\n\n<p>Las mujeres ten\u00edan casi el doble de los marcadores gen\u00e9ticos ligados a la depresi\u00f3n que los hombres, seg\u00fan el proyecto encabezado por el Instituto Berghofer de Investigaci\u00f3n M\u00e9dica, de Australia.<\/p>\n\n\n\n<p>\u00abEl componente gen\u00e9tico de la depresi\u00f3n es mayor en las mujeres comparado con los hombres\u00bb, indic\u00f3 la investigadora Jodi Thomas.<\/p>\n\n\n\n<p>La informaci\u00f3n \u00abnos da una imagen m\u00e1s clara de lo que causa la depresi\u00f3n y abre la puerta a tratamientos m\u00e1s personalizados\u00bb, agreg\u00f3.<\/p>\n\n\n\n<p>Unos 13.000 marcadores<strong>&nbsp;gen\u00e9ticos<\/strong>&nbsp;est\u00e1n ligados a la depresi\u00f3n entre mujeres, seg\u00fan los investigadores, comparado con 7.000 marcadores entre los hombres.<\/p>\n\n\n\n<p>\u00abEncontramos unas diferencias gen\u00e9ticas que podr\u00edan ayudar a explicar por qu\u00e9 las mujeres con depresi\u00f3n presentan a menudo s\u00edntomas metab\u00f3licos m\u00e1s frecuentes, como cambio de peso o niveles energ\u00e9ticos alterados\u00bb, dijo Thomas.<\/p>\n\n\n\n<p>La investigadora Brittany Mitchell explic\u00f3 que los hallazgos podr\u00edan dar lugar a cambios en c\u00f3mo se trata la depresi\u00f3n entre mujeres.<\/p>\n\n\n\n<p>M\u00e1s de 300 millones de personas en todo el mundo tienen depresi\u00f3n, seg\u00fan la Organizaci\u00f3n Mundial de la Salud (<strong>OMS<\/strong>).<\/p>\n\n\n\n<p>El estudio fue publicado en la revista Nature Communications y fue revisado por pares.<\/p>\n","protected":false},"excerpt":{"rendered":"<p>Las mujeres ten\u00edan casi el doble de los marcadores gen\u00e9ticos ligados a la depresi\u00f3n que<\/p>\n","protected":false},"author":1,"featured_media":20177,"comment_status":"open","ping_status":"open","sticky":false,"template":"","format":"standard","meta":{"footnotes":""},"categories":[15],"tags":[],"class_list":["post-20176","post","type-post","status-publish","format-standard","has-post-thumbnail","hentry","category-salud"],"_links":{"self":[{"href":"https:\/\/samantharadionline.com\/index.php\/wp-json\/wp\/v2\/posts\/20176","targetHints":{"allow":["GET"]}}],"collection":[{"href":"https:\/\/samantharadionline.com\/index.php\/wp-json\/wp\/v2\/posts"}],"about":[{"href":"https:\/\/samantharadionline.com\/index.php\/wp-json\/wp\/v2\/types\/post"}],"author":[{"embeddable":true,"href":"https:\/\/samantharadionline.com\/index.php\/wp-json\/wp\/v2\/users\/1"}],"replies":[{"embeddable":true,"href":"https:\/\/samantharadionline.com\/index.php\/wp-json\/wp\/v2\/comments?post=20176"}],"version-history":[{"count":1,"href":"https:\/\/samantharadionline.com\/index.php\/wp-json\/wp\/v2\/posts\/20176\/revisions"}],"predecessor-version":[{"id":20178,"href":"https:\/\/samantharadionline.com\/index.php\/wp-json\/wp\/v2\/posts\/20176\/revisions\/20178"}],"wp:featuredmedia":[{"embeddable":true,"href":"https:\/\/samantharadionline.com\/index.php\/wp-json\/wp\/v2\/media\/20177"}],"wp:attachment":[{"href":"https:\/\/samantharadionline.com\/index.php\/wp-json\/wp\/v2\/media?parent=20176"}],"wp:term":[{"taxonomy":"category","embeddable":true,"href":"https:\/\/samantharadionline.com\/index.php\/wp-json\/wp\/v2\/categories?post=20176"},{"taxonomy":"post_tag","embeddable":true,"href":"https:\/\/samantharadionline.com\/index.php\/wp-json\/wp\/v2\/tags?post=20176"}],"curies":[{"name":"wp","href":"https:\/\/api.w.org\/{rel}","templated":true}]}}