{"id":20170,"date":"2025-10-09T09:26:40","date_gmt":"2025-10-09T13:26:40","guid":{"rendered":"https:\/\/samantharadionline.com\/?p=20170"},"modified":"2025-10-09T09:26:40","modified_gmt":"2025-10-09T13:26:40","slug":"el-acuerdo-para-un-alto-al-fuego-en-gaza","status":"publish","type":"post","link":"https:\/\/samantharadionline.com\/index.php\/2025\/10\/09\/el-acuerdo-para-un-alto-al-fuego-en-gaza\/","title":{"rendered":"El acuerdo para un alto al fuego en Gaza"},"content":{"rendered":"\n<p class=\"has-medium-font-size\"><em>La oficina del primer ministro israel\u00ed, Benjamin Netanyahu, afirm\u00f3 este jueves que el acuerdo para garantizar la liberaci\u00f3n de los rehenes en Gaza s\u00f3lo entrar\u00e1 en vigor tras recibir la aprobaci\u00f3n de su gabinete, que se re\u00fane a las 15H00 GMT<\/em><\/p>\n\n\n\n<figure class=\"wp-block-image\"><img decoding=\"async\" src=\"https:\/\/listindiario.com\/files\/image_60_60\/uploads\/2025\/06\/12\/684b39171bfd7.jpeg\" alt=\"Avatar del Agencia AFP\"\/><\/figure>\n\n\n\n<p><em>\u00a0<\/em>Agencia AFP, <strong>Sharm el Sheij, Egipto<\/strong><\/p>\n\n\n\n<p><strong>Israel y Ham\u00e1s&nbsp;<\/strong>alcanzaron un acuerdo sobre la primera fase de un alto el fuego en Gaza, en la que se prev\u00e9 la liberaci\u00f3n de los rehenes israel\u00edes que siguen con vida a cambio de la excarcelaci\u00f3n de cerca de 2.000&nbsp;<strong>palestinos&nbsp;<\/strong>tras dos a\u00f1os de guerra.<\/p>\n\n\n\n<p>Catar, que medi\u00f3 en la negociaci\u00f3n junto con&nbsp;<strong>Egipto, Estados Unidos y Turqu\u00eda,&nbsp;<\/strong>inform\u00f3 que se alcanz\u00f3 \u00abla primera fase del acuerdo para el cese el fuego en Gaza, que conducir\u00e1 al fin de la guerra, la liberaci\u00f3n de los rehenes israel\u00edes y los prisioneros palestinos, y la entrada de la ayuda humanitaria\u00bb.<\/p>\n\n\n\n<p>El mandatario estadounidense&nbsp;<strong>Donald Trump<\/strong>&nbsp;anunci\u00f3 en su red social Truth Social que \u00abTODOS los rehenes ser\u00e1n liberados pronto e&nbsp;<strong>Israel&nbsp;<\/strong>retirar\u00e1 sus tropas a una l\u00ednea acordada, como los primeros pasos hacia una paz fuerte, duradera y eterna\u00bb.<\/p>\n\n\n\n<p>La oficina del primer ministro israel\u00ed,&nbsp;<strong>Benjamin Netanyahu,<\/strong>&nbsp;afirm\u00f3 este jueves que el acuerdo para garantizar la liberaci\u00f3n de los rehenes en Gaza s\u00f3lo entrar\u00e1 en vigor tras recibir la aprobaci\u00f3n de su gabinete, que se re\u00fane a las 15H00 GMT.<\/p>\n\n\n\n<p>Esto es lo que sabemos del acuerdo que se espera se firme este jueves en Egipto.<\/p>\n\n\n\n<h3 class=\"wp-block-heading\">\u00bfQu\u00e9 contempla el acuerdo?<\/h3>\n\n\n\n<p>Una fuente de&nbsp;<strong>Ham\u00e1s&nbsp;<\/strong>precis\u00f3 que el acuerdo contempla la liberaci\u00f3n de 20 rehenes israel\u00edes que siguen vivos a cambio de la&nbsp;<strong>excarcelaci\u00f3n&nbsp;<\/strong>de 2.000 palestinos presos en c\u00e1rceles israel\u00edes: 250 condenados a cadena perpetua y otros 1.700 detenidos por Israel desde el 7 de octubre de 2023.<\/p>\n\n\n\n<p>El intercambio deber\u00eda ocurrir dentro de las primeras 72 horas de implementaci\u00f3n del alto el fuego, aprobado por otras facciones palestinas, dijo a AFP otra fuente de Ham\u00e1s cercana a la negociaci\u00f3n. Trump apunt\u00f3 al lunes como fecha de liberaci\u00f3n de los rehenes.<\/p>\n\n\n\n<p>El acuerdo prev\u00e9 igualmente el \u00abretiro programado de las tropas israel\u00edes\u00bb, junto con la entrada de ayuda humanitaria a la&nbsp;<strong>Franja de Gaza<\/strong>, que seg\u00fan la ONU padece una situaci\u00f3n de hambruna, indic\u00f3 un dirigente de Ham\u00e1s.<\/p>\n\n\n\n<p>Se estima que entrar\u00e1n a diario al menos 400 camiones de ayuda humanitaria a la Franja de Gaza los primeros cinco d\u00edas despu\u00e9s del&nbsp;<strong>cese el fuego,<\/strong>&nbsp;y que esto aumente con el pasar de los d\u00edas, dijo una fuente del movimiento islamista.<\/p>\n\n\n\n<p>Tambi\u00e9n prev\u00e9 el \u00abregreso de las personas desplazadas\u00bb al sur de la Franja de Gaza a Ciudad de Gaza y otras localidades del norte del territorio palestino, a\u00f1adi\u00f3 este dirigente.<\/p>\n\n\n\n<p>Ham\u00e1s pidi\u00f3 a Trump que presione a Israel para que aplique plenamente el acuerdo en lo que le concierne.<\/p>\n\n\n\n<h3 class=\"wp-block-heading\">Lista de presos palestinos<\/h3>\n\n\n\n<p>Un tema clave de las negociaciones es la lista de presos palestinos que Ham\u00e1s quiere incluir en el canje.<\/p>\n\n\n\n<p>Marwan Barghuti, un prominente miembro de Fatah, la facci\u00f3n palestina rival de Ham\u00e1s, est\u00e1 en la lista, informaron medios egipcios vinculados al Gobierno.<\/p>\n\n\n\n<p>Barghuti est\u00e1 encarcelado en Israel desde hace m\u00e1s de veinte a\u00f1os y purga cadena perpetua por su rol en atentados antiisrael\u00edes. Pero goza de una gran popularidad en las encuestas sobre personalidades palestinas.<\/p>\n\n\n\n<h3 class=\"wp-block-heading\">Temas pendientes<\/h3>\n\n\n\n<p>El reciente plan de 20 puntos establecido por Trump, que sirvi\u00f3 de base para las negociaciones, estipula el desarme de Ham\u00e1s y que Gaza sea gobernada despu\u00e9s de la guerra por una autoridad de transici\u00f3n encabezada por \u00e9l mismo.<\/p>\n\n\n\n<p>Estas cuestiones no han sido abordadas a\u00fan.<\/p>\n\n\n\n<p>El presidente de la Autoridad Palestina,&nbsp;<strong>Mahmud Ab\u00e1s,<\/strong>&nbsp;expres\u00f3 este jueves su esperanza de que el acuerdo pueda conducir al establecimiento de un Estado palestino independiente.<\/p>\n\n\n\n<p>El primer ministro israel\u00ed, Benjamin Netanyahu, y los miembros de su coalici\u00f3n de gobierno est\u00e1n en contra de la soluci\u00f3n de dos Estados.<\/p>\n\n\n\n<h3 class=\"wp-block-heading\">Pr\u00f3ximas etapas<\/h3>\n\n\n\n<p>El acuerdo ser\u00e1 rubricado formalmente este jueves en Egipto, inform\u00f3 a AFP una fuente cercana que habl\u00f3 bajo condici\u00f3n de anonimato.<\/p>\n\n\n\n<p>La oficina de Netanyahu afirm\u00f3 este jueves que el acuerdo para garantizar la liberaci\u00f3n de los rehenes en Gaza solo entrar\u00e1 en vigor tras recibir la aprobaci\u00f3n de su gabinete, que se re\u00fane a las 15H00 GMT.<\/p>\n\n\n\n<p>\u00abContrariamente a lo que informan los medios de comunicaci\u00f3n \u00e1rabes, la cuenta atr\u00e1s de 72 horas s\u00f3lo comenzar\u00e1 una vez que el acuerdo sea aprobado en la&nbsp;<strong>reuni\u00f3n del gabinete,<\/strong>&nbsp;prevista para la tarde\u00bb, afirm\u00f3 el despacho de Netanyahu en un comunicado.<\/p>\n\n\n\n<p>El gobierno de Netanyahu es una fr\u00e1gil coalici\u00f3n liderada por su partido Likud, que depende de otras formaciones de ultraderecha. El ministro de Finanzas, Bezalel Smotrich, un aliado clave del partido&nbsp;<strong>Sionismo Religioso,<\/strong>&nbsp;ya adelant\u00f3 que no respaldar\u00e1 el acuerdo.<\/p>\n\n\n\n<p>Una fuente de Ham\u00e1s dijo que las negociaciones para la segunda fase del cese el fuego deber\u00edan empezar \u00abinmediatamente\u00bb.<\/p>\n","protected":false},"excerpt":{"rendered":"<p>La oficina del primer ministro israel\u00ed, Benjamin Netanyahu, afirm\u00f3 este jueves que el acuerdo para<\/p>\n","protected":false},"author":1,"featured_media":20171,"comment_status":"open","ping_status":"open","sticky":false,"template":"","format":"standard","meta":{"footnotes":""},"categories":[4],"tags":[],"class_list":["post-20170","post","type-post","status-publish","format-standard","has-post-thumbnail","hentry","category-mundiales"],"_links":{"self":[{"href":"https:\/\/samantharadionline.com\/index.php\/wp-json\/wp\/v2\/posts\/20170","targetHints":{"allow":["GET"]}}],"collection":[{"href":"https:\/\/samantharadionline.com\/index.php\/wp-json\/wp\/v2\/posts"}],"about":[{"href":"https:\/\/samantharadionline.com\/index.php\/wp-json\/wp\/v2\/types\/post"}],"author":[{"embeddable":true,"href":"https:\/\/samantharadionline.com\/index.php\/wp-json\/wp\/v2\/users\/1"}],"replies":[{"embeddable":true,"href":"https:\/\/samantharadionline.com\/index.php\/wp-json\/wp\/v2\/comments?post=20170"}],"version-history":[{"count":1,"href":"https:\/\/samantharadionline.com\/index.php\/wp-json\/wp\/v2\/posts\/20170\/revisions"}],"predecessor-version":[{"id":20172,"href":"https:\/\/samantharadionline.com\/index.php\/wp-json\/wp\/v2\/posts\/20170\/revisions\/20172"}],"wp:featuredmedia":[{"embeddable":true,"href":"https:\/\/samantharadionline.com\/index.php\/wp-json\/wp\/v2\/media\/20171"}],"wp:attachment":[{"href":"https:\/\/samantharadionline.com\/index.php\/wp-json\/wp\/v2\/media?parent=20170"}],"wp:term":[{"taxonomy":"category","embeddable":true,"href":"https:\/\/samantharadionline.com\/index.php\/wp-json\/wp\/v2\/categories?post=20170"},{"taxonomy":"post_tag","embeddable":true,"href":"https:\/\/samantharadionline.com\/index.php\/wp-json\/wp\/v2\/tags?post=20170"}],"curies":[{"name":"wp","href":"https:\/\/api.w.org\/{rel}","templated":true}]}}