{"id":20148,"date":"2025-10-08T21:21:59","date_gmt":"2025-10-09T01:21:59","guid":{"rendered":"https:\/\/samantharadionline.com\/?p=20148"},"modified":"2025-10-08T21:22:00","modified_gmt":"2025-10-09T01:22:00","slug":"valoran-el-trafico-fluido-en-pintura-luego-de-apertura-de-desnivel","status":"publish","type":"post","link":"https:\/\/samantharadionline.com\/index.php\/2025\/10\/08\/valoran-el-trafico-fluido-en-pintura-luego-de-apertura-de-desnivel\/","title":{"rendered":"Valoran el tr\u00e1fico fluido en \u00abPintura\u00bb luego de apertura de desnivel"},"content":{"rendered":"\n<p class=\"has-medium-font-size\"><em>El pas\u00f3 a desnivel, inaugurado por el presidente Luis Abinader en la ma\u00f1ana de este mi\u00e9rcoles, el tramo denominado como \u00abPintura\u00bb luc\u00eda un tr\u00e1fico fluido entre las cinco y seis de la tarde, parte de la hora pico del gran Santo Domingo<\/em><\/p>\n\n\n\n<figure class=\"wp-block-image\"><img decoding=\"async\" src=\"https:\/\/listindiario.com\/files\/image_60_60\/uploads\/2023\/05\/16\/64638cfd2419c.jpeg\" alt=\"Avatar del Javier Flores\"\/><\/figure>\n\n\n\n<p><em>\u00a0<\/em>Javier Flores, <strong>Santo Domingo Oeste, RD<\/strong><\/p>\n\n\n\n<p>Durante d\u00e9cadas, la b\u00fasqueda de una soluci\u00f3n al largo entaponamiento que se formaba en las horas pico en la intersecci\u00f3n de las avenidas 27 de febrero y la Isabela Aguiar, hab\u00eda sido uno de los clamores de los peatones y choferes que frecuentaban la zona con regularidad.<\/p>\n\n\n\n<p>Tras la apertura oficial del paso a desnivel, inaugurado por el presidente Luis Abinader en la ma\u00f1ana de este mi\u00e9rcoles, el tramo denominado como \u00abPintura\u00bb luc\u00eda un tr\u00e1fico fluido entre las cinco y seis de la tarde, parte de la hora pico del gran Santo Domingo.<\/p>\n\n\n\n<p>\u00abAparentemente se acabaron los tapones por aqu\u00ed, no se han visto los tapones que normalmente uno ve y los carros han estado circulando sin ning\u00fan problema\u00bb, expres\u00f3 Luis Miguel, uno de los motoconchistas de la intersecci\u00f3n.<\/p>\n\n\n\n<h3 class=\"wp-block-heading\">No se dobla a la izquierda<\/h3>\n\n\n\n<figure class=\"wp-block-image\" id=\"m33476-33475-33477\"><img decoding=\"async\" src=\"https:\/\/listindiario.com\/files\/vertical_main_image\/uploads\/2025\/10\/08\/68e6f372a2536.jpeg\" alt=\"Con la apertura del paso a desnivel, qued\u00f3 nuevamente habilitado el paso por la intersecci\u00f3n el cual llevaba m\u00e1s de un a\u00f1o clausurado por los trabajos de construcci\u00f3n de la referida obra.\"\/><figcaption class=\"wp-element-caption\">Con la apertura del paso a desnivel, qued\u00f3 nuevamente habilitado el paso por la intersecci\u00f3n el cual llevaba m\u00e1s de un a\u00f1o clausurado por los trabajos de construcci\u00f3n de la referida obra.Jorge Mart\u00ednez \/ LD<\/figcaption><\/figure>\n\n\n\n<p>Con la apertura del paso a desnivel, qued\u00f3 nuevamente habilitado el paso por la intersecci\u00f3n el cual llevaba m\u00e1s de un a\u00f1o clausurado por los trabajos de construcci\u00f3n de la referida obra.<\/p>\n\n\n\n<p>Sin embargo varios de los choferes que transitan la ruta de la avenida Isabel Aguiar de quejaron por la disposici\u00f3n de la Instituci\u00f3n Nacional de Tr\u00e1nsito y Transporte Terrestre (Intrant), de que no se puede doblar a la izquierda en ninguno de los sentidos de la intersecci\u00f3n.<\/p>\n\n\n\n<p>Tambi\u00e9n hicieron un llamado a las autoridades a revisar la medida, ya que entienden que con el tr\u00e1fico directo hacia la prolongaci\u00f3n y la autopista 6 de Noviembre por el paso a desnivel, el no doblar a la izquierda \u00abno hace mucho sentido\u00bb.<\/p>\n\n\n\n<h3 class=\"wp-block-heading\">Los sem\u00e1foros de la Prolongaci\u00f3n<\/h3>\n\n\n\n<p>Los choferes de la ruta que transita la Prolongaci\u00f3n 27 de Febrero indicaron que ahora el gran c\u00famulo de veh\u00edculos ser\u00e1 en los sem\u00e1foros de esa avenida, causando otro gran embotellamiento.<\/p>\n\n\n\n<h3 class=\"wp-block-heading\">El paso a desnivel<\/h3>\n\n\n\n<p>La obra tuvo una inversi\u00f3n de alrededor de RD$2,000 millones, provenientes de los fondos de la renegociaci\u00f3n del contrato con el consorcio Aeropuertos Dominicanos Siglo XXI (Aerodom), lo que permiti\u00f3 su ejecuci\u00f3n sin recurrir a pr\u00e9stamos, en l\u00ednea con la pol\u00edtica de inversi\u00f3n responsable y transparente del Gobierno.<\/p>\n\n\n\n<p>Esta infraestructura representa un avance estrat\u00e9gico en el reordenamiento vial de la capital, al conectar de manera directa el Sur del pa\u00eds con el Distrito Nacional y Santo Domingo Oeste, a trav\u00e9s de la Autopista 6 de Noviembre y la avenida 27 de Febrero.&nbsp;<\/p>\n\n\n\n<p>Enlazar\u00e1 pr\u00f3ximamente con el t\u00fanel de la avenida Luper\u00f3n esquina 27 de Febrero, atravesando la Plaza de la Bandera en sentido norte-sur.<\/p>\n","protected":false},"excerpt":{"rendered":"<p>El pas\u00f3 a desnivel, inaugurado por el presidente Luis Abinader en la ma\u00f1ana de este<\/p>\n","protected":false},"author":1,"featured_media":20149,"comment_status":"open","ping_status":"open","sticky":false,"template":"","format":"standard","meta":{"footnotes":""},"categories":[12],"tags":[],"class_list":["post-20148","post","type-post","status-publish","format-standard","has-post-thumbnail","hentry","category-nacionales"],"_links":{"self":[{"href":"https:\/\/samantharadionline.com\/index.php\/wp-json\/wp\/v2\/posts\/20148","targetHints":{"allow":["GET"]}}],"collection":[{"href":"https:\/\/samantharadionline.com\/index.php\/wp-json\/wp\/v2\/posts"}],"about":[{"href":"https:\/\/samantharadionline.com\/index.php\/wp-json\/wp\/v2\/types\/post"}],"author":[{"embeddable":true,"href":"https:\/\/samantharadionline.com\/index.php\/wp-json\/wp\/v2\/users\/1"}],"replies":[{"embeddable":true,"href":"https:\/\/samantharadionline.com\/index.php\/wp-json\/wp\/v2\/comments?post=20148"}],"version-history":[{"count":1,"href":"https:\/\/samantharadionline.com\/index.php\/wp-json\/wp\/v2\/posts\/20148\/revisions"}],"predecessor-version":[{"id":20150,"href":"https:\/\/samantharadionline.com\/index.php\/wp-json\/wp\/v2\/posts\/20148\/revisions\/20150"}],"wp:featuredmedia":[{"embeddable":true,"href":"https:\/\/samantharadionline.com\/index.php\/wp-json\/wp\/v2\/media\/20149"}],"wp:attachment":[{"href":"https:\/\/samantharadionline.com\/index.php\/wp-json\/wp\/v2\/media?parent=20148"}],"wp:term":[{"taxonomy":"category","embeddable":true,"href":"https:\/\/samantharadionline.com\/index.php\/wp-json\/wp\/v2\/categories?post=20148"},{"taxonomy":"post_tag","embeddable":true,"href":"https:\/\/samantharadionline.com\/index.php\/wp-json\/wp\/v2\/tags?post=20148"}],"curies":[{"name":"wp","href":"https:\/\/api.w.org\/{rel}","templated":true}]}}