{"id":20145,"date":"2025-10-08T12:10:24","date_gmt":"2025-10-08T16:10:24","guid":{"rendered":"https:\/\/samantharadionline.com\/?p=20145"},"modified":"2025-10-08T12:10:25","modified_gmt":"2025-10-08T16:10:25","slug":"abinader-entrega-paso-a-desnivel-en-la-27-de-febrero-con-isabel-aguiar","status":"publish","type":"post","link":"https:\/\/samantharadionline.com\/index.php\/2025\/10\/08\/abinader-entrega-paso-a-desnivel-en-la-27-de-febrero-con-isabel-aguiar\/","title":{"rendered":"Abinader entrega paso a desnivel en la 27 de Febrero con Isabel Aguiar"},"content":{"rendered":"\n<p class=\"has-medium-font-size\"><em>El paso a desnivel cuenta con 11 carriles, de los cuales cinco corresponden al tramo soterrado tipo trinchera, con una extensi\u00f3n aproximada de 480 metros, informaron las autoridades<\/em><\/p>\n\n\n\n<figure class=\"wp-block-image\"><img decoding=\"async\" src=\"https:\/\/listindiario.com\/files\/image_60_60\/uploads\/2025\/07\/13\/68743be1bedc5.jpeg\" alt=\"Avatar del Sauro Scalella\"\/><\/figure>\n\n\n\n<p><em>\u00a0<\/em>Sauro Scalella<strong>, Santo Domingo, RD\u00a0<\/strong><\/p>\n\n\n\n<p>El presidente\u00a0<strong>Luis Abinader\u00a0<\/strong>entreg\u00f3 este mi\u00e9rcoles el paso a desnivel en la prolongaci\u00f3n\u00a0<strong>27 de Febrero con avenida Isabel Aguiar,\u00a0<\/strong>una obra financiada con los recursos obtenidos de la renegociaci\u00f3n del contrato de concesi\u00f3n de Aeropuertos Dominicanos Siglo XXI (Aerodom) con el Estado.<\/p>\n\n\n\n<p>La infraestructura vial, iniciada en abril de 2024, busca reducir los congestionamientos en una de las intersecciones m\u00e1s transitadas de la capital, por donde circulan alrededor de<strong>&nbsp;70,000 veh\u00edculos diarios.<\/strong><\/p>\n\n\n\n<p>El paso a desnivel cuenta con&nbsp;<strong>11 carriles, de los cuales cinco corresponden al tramo soterrado<\/strong>&nbsp;tipo trinchera, con una extensi\u00f3n aproximada de 480 metros, informaron las autoridades.<\/p>\n\n\n\n<p>Este segmento dispone de tres carriles en direcci\u00f3n oeste-este y dos en sentido contrario, separados por muros tipo New Jersey y protegidos con losas de hormig\u00f3n.<\/p>\n\n\n\n<p>El proyecto tuvo un costo aproximado de&nbsp;<strong>41 millones de d\u00f3lares.<\/strong><\/p>\n\n\n\n<p>Durante el acto de inauguraci\u00f3n, Abinader subray\u00f3 que la obra forma parte de un plan integral para descongestionar y mejorar el transporte en Santo Domingo Oeste.<\/p>\n\n\n\n<p>Anunci\u00f3 adem\u00e1s que junto a esta infraestructura se construir\u00e1 una Terminal del telef\u00e9rico de Santo Domingo Oeste, mediante un acuerdo p\u00fablico-privado. Dijo que estar\u00eda listo a mediados del pr\u00f3ximo a\u00f1o.<\/p>\n\n\n\n<p>\u00abEl conjunto de estas obras, junto con el Metro, va a mejorar significativamente el transporte masivo y general de Santo Domingo Oeste\u00bb, asegur\u00f3 el mandatario.<\/p>\n\n\n\n<p><strong>El gobierno concluy\u00f3 el paso desnivel en 18 meses.<\/strong><\/p>\n\n\n\n<p>El ministro de Obras P\u00fablicas, Eduardo Estrella, inform\u00f3 que en el segundo trimestre de 2026 se entregar\u00e1 la continuidad de esta obra: el paso a desnivel de la avenida Gregorio Luper\u00f3n, debajo de la Plaza de la Bandera.<\/p>\n","protected":false},"excerpt":{"rendered":"<p>El paso a desnivel cuenta con 11 carriles, de los cuales cinco corresponden al tramo<\/p>\n","protected":false},"author":1,"featured_media":20146,"comment_status":"open","ping_status":"open","sticky":false,"template":"","format":"standard","meta":{"footnotes":""},"categories":[12],"tags":[],"class_list":["post-20145","post","type-post","status-publish","format-standard","has-post-thumbnail","hentry","category-nacionales"],"_links":{"self":[{"href":"https:\/\/samantharadionline.com\/index.php\/wp-json\/wp\/v2\/posts\/20145","targetHints":{"allow":["GET"]}}],"collection":[{"href":"https:\/\/samantharadionline.com\/index.php\/wp-json\/wp\/v2\/posts"}],"about":[{"href":"https:\/\/samantharadionline.com\/index.php\/wp-json\/wp\/v2\/types\/post"}],"author":[{"embeddable":true,"href":"https:\/\/samantharadionline.com\/index.php\/wp-json\/wp\/v2\/users\/1"}],"replies":[{"embeddable":true,"href":"https:\/\/samantharadionline.com\/index.php\/wp-json\/wp\/v2\/comments?post=20145"}],"version-history":[{"count":1,"href":"https:\/\/samantharadionline.com\/index.php\/wp-json\/wp\/v2\/posts\/20145\/revisions"}],"predecessor-version":[{"id":20147,"href":"https:\/\/samantharadionline.com\/index.php\/wp-json\/wp\/v2\/posts\/20145\/revisions\/20147"}],"wp:featuredmedia":[{"embeddable":true,"href":"https:\/\/samantharadionline.com\/index.php\/wp-json\/wp\/v2\/media\/20146"}],"wp:attachment":[{"href":"https:\/\/samantharadionline.com\/index.php\/wp-json\/wp\/v2\/media?parent=20145"}],"wp:term":[{"taxonomy":"category","embeddable":true,"href":"https:\/\/samantharadionline.com\/index.php\/wp-json\/wp\/v2\/categories?post=20145"},{"taxonomy":"post_tag","embeddable":true,"href":"https:\/\/samantharadionline.com\/index.php\/wp-json\/wp\/v2\/tags?post=20145"}],"curies":[{"name":"wp","href":"https:\/\/api.w.org\/{rel}","templated":true}]}}