{"id":20139,"date":"2025-10-08T11:45:46","date_gmt":"2025-10-08T15:45:46","guid":{"rendered":"https:\/\/samantharadionline.com\/?p=20139"},"modified":"2025-10-08T11:45:48","modified_gmt":"2025-10-08T15:45:48","slug":"la-juventud-manda-en-los-gigantes-del-cibao","status":"publish","type":"post","link":"https:\/\/samantharadionline.com\/index.php\/2025\/10\/08\/la-juventud-manda-en-los-gigantes-del-cibao\/","title":{"rendered":"La juventud manda en los Gigantes del Cibao"},"content":{"rendered":"\n<p class=\"has-medium-font-size\"><em>Alfredo Acebal Rizek, presidente del equipo, destaca la brillante ofensiva y conf\u00eda que este a\u00f1o cumplir\u00e1n la meta inicial de alcanzar los playoffs.<\/em><\/p>\n\n\n\n<figure class=\"wp-block-image\"><img decoding=\"async\" src=\"https:\/\/listindiario.com\/files\/image_60_60\/uploads\/2023\/05\/16\/646391b869389.jpeg\" alt=\"Avatar del Pedro Brice\u00f1o\"\/><\/figure>\n\n\n\n<p><em>\u00a0<\/em>Pedro Brice\u00f1o, <strong>Santo Domingo<\/strong>,<strong> R.D.<\/strong><\/p>\n\n\n\n<p>Para el torneo que inicia en unos d\u00edas, los Gigantes tendr\u00e1n bajo su direcci\u00f3n, en oficina y terreno, a un personal completamente joven, quienes buscar\u00e1n conducir al conjunto por los senderos del \u00e9xito.<\/p>\n\n\n\n<p>Alfredo Acebal Rizek con 31 a\u00f1os en la presidencia, Jaylon Pimentel, con menos de 30 a\u00f1os en la gerencia general y Jos\u00e9 Leger, 43 a\u00f1os de edad como dirigente, son los timoneles del equipo nordestano que desde ya apuesta a mejorar notablemente el quinto lugar que alcanzaron en el torneo de 2024-25.<\/p>\n\n\n\n<p>Rizek es por mucho el presidente m\u00e1s joven, entra a su tercera campa\u00f1a en la posici\u00f3n, Jaylon estar\u00e1 en su primera campa\u00f1a como ejecutivo del club y Leger tambi\u00e9n se estrena en la dirigencia.<\/p>\n\n\n\n<p>Acebal, quien tambi\u00e9n est\u00e1 a la vanguardia de operaciones, expresa que la ofensiva ser\u00e1 una de las principales armas para en una etapa inicial volver a alcanzar un espacio en el Todos contra Todos.<\/p>\n\n\n\n<figure class=\"wp-block-image\" id=\"m67681-67680-67682\"><img decoding=\"async\" src=\"https:\/\/listindiario.com\/files\/vertical_main_image\/uploads\/2025\/10\/07\/68e5ad9f0e68c.jpeg\" alt=\"Jaylon Pimentel gerente general habla durante el primer d\u00eda de entrenamiento de los Gigantes.\"\/><figcaption class=\"wp-element-caption\">Jaylon Pimentel gerente general habla durante el primer d\u00eda de entrenamiento de los Gigantes.Fuente externa<\/figcaption><\/figure>\n\n\n\n<p>\u201cLa ofensiva deber\u00e1 ser nuestro gran sost\u00e9n, tendremos un conjunto con mucha capacidad para batear y eso quedar\u00e1 demostrado este a\u00f1o\u201d, expres\u00f3 Alfredo Acebal Rizek, quien ingresa a su tercer a\u00f1o como presidente de la franquicia y tambi\u00e9n funge como vicepresidente de operaciones.<\/p>\n\n\n\n<p>Y en ese sentido, el ejecutivo expresa que jugadores como Kelvin Guti\u00e9rrez, Gary S\u00e1nchez, Leuris Garc\u00eda, Carlos Peguero, Nomar Mazara, Deidvinson De los Santos, Julio Carreras, Pablo Reyes, Carlos Franco, Diego Espinal, Marcos Hern\u00e1ndez, Jos\u00e9 Torres, Wilmer Dif\u00f3, unido a un par de importados entre otros cuentan con la capacidad para producir una elevada cantidad de carreras.<\/p>\n\n\n\n<p>A este grupo pudieran unirse un poco m\u00e1s adelante, Jos\u00e9 Sir\u00ed, NoelvI Marte, Luis Garcia, as\u00ed como los reci\u00e8n establecidos este a\u00f1o con los Marlins, Heriberto Hern\u00e1ndez y Agust\u00edn Ram\u00edrez.<\/p>\n\n\n\n<p>Sobre Gary y Reyes, Acebal se\u00f1al\u00f3 que lo esperan para los primeros d\u00edas de la temporada. Mientras que m\u00e1s adelante se espera conversar con Ram\u00edrez y Hern\u00e1ndez, ambos han mostrado sus intenciones de integrarse al club. Est\u00e1 tambi\u00e9n la presencia de Joan Rojas, un jardinero que motoriza gran ofensiva.<\/p>\n\n\n\n<p>Sobre Mazara expres\u00f3 que lleg\u00f3 el d\u00eda 3 al pa\u00eds y se espera su integraci\u00f3n para el s\u00e1bado. \u201cEl ha expresado sus deseos de jugar y aportar su talento al equipo, hecho que representa una excelente noticia para los Gigantes\u201d, se\u00f1al\u00f3.<\/p>\n\n\n\n<p>Por este vendaval de nombres, es que la directiva afirma que los nordestanos ser\u00e1n un \u201chueso duro de roer\u201d. A esto Acebal Rizek cita el cuerpo de relevo, lo cual es fundamental para asegurar las victorias.<\/p>\n\n\n\n<p>La directiva del equipo considera que la ofensiva y el poder del equipo ser\u00e1n los puntos fuertes de los Gigantes en esta temporada. Adem\u00e1s, se ha fortalecido la parte trasera del bullpen, lo cual es fundamental para asegurar las victorias.<\/p>\n\n\n\n<p>En esta \u00e1rea se destacan Hansel Robles, Joel C\u00e9sar, Anderson Vidal, Frank Garc\u00e9s, Liv\u00e1n Reynoso, Rafael Kelly, Manuel Mej\u00eda, as\u00ed como los importados Scott Engler y Reilly Merck, quienes llegar\u00e1n al pa\u00eds para aportar experiencia, calidad y estabilidad al bullpen, con lo cual brindar\u00e1n solidez al equipo en los momentos cruciales.<\/p>\n\n\n\n<p>Los dominicanos Emilio Vargas y Wily Peralta pudieran encabezar una rotaci\u00f3n abridora que tendr\u00eda al menos un tr\u00edo de importados.<\/p>\n\n\n\n<p>En cuanto a los jugadores importados, se espera la llegada de Phile y Quiz, as\u00ed como de un receptor cuyo nombre a\u00fan no ha sido revelado. Estos jugadores aportar\u00e1n su talento y experiencia al equipo, fortaleciendo a\u00fan m\u00e1s la ofensiva y la defensa.<\/p>\n\n\n\n<p>Para Acebal el gran reto lo representa el colocar y mantener un equipo competitivo, pues el fan\u00e1tico eso es lo que m\u00e1s a\u00f1ora, que el conjunto logre los triunfos.<\/p>\n\n\n\n<p>\u201cPero tambi\u00e9n entendemos que no es una tarea f\u00e1cil y es una prueba bien dif\u00edcil siempre quiere que el equipo gane. Sabemos que de los seis equipos que hay en Lidom, cada a\u00f1o se pone m\u00e1s competitivo y m\u00e1s dif\u00edcil ganar.<\/p>\n\n\n\n<p>Con una combinaci\u00f3n de jugadores experimentados y j\u00f3venes talentos, los Gigantes del Cibao se presentan como un equipo competitivo y con grandes aspiraciones para el torneo invernal.<\/p>\n","protected":false},"excerpt":{"rendered":"<p>Alfredo Acebal Rizek, presidente del equipo, destaca la brillante ofensiva y conf\u00eda que este a\u00f1o<\/p>\n","protected":false},"author":1,"featured_media":20141,"comment_status":"open","ping_status":"open","sticky":false,"template":"","format":"standard","meta":{"footnotes":""},"categories":[14],"tags":[],"class_list":["post-20139","post","type-post","status-publish","format-standard","has-post-thumbnail","hentry","category-deportes"],"_links":{"self":[{"href":"https:\/\/samantharadionline.com\/index.php\/wp-json\/wp\/v2\/posts\/20139","targetHints":{"allow":["GET"]}}],"collection":[{"href":"https:\/\/samantharadionline.com\/index.php\/wp-json\/wp\/v2\/posts"}],"about":[{"href":"https:\/\/samantharadionline.com\/index.php\/wp-json\/wp\/v2\/types\/post"}],"author":[{"embeddable":true,"href":"https:\/\/samantharadionline.com\/index.php\/wp-json\/wp\/v2\/users\/1"}],"replies":[{"embeddable":true,"href":"https:\/\/samantharadionline.com\/index.php\/wp-json\/wp\/v2\/comments?post=20139"}],"version-history":[{"count":1,"href":"https:\/\/samantharadionline.com\/index.php\/wp-json\/wp\/v2\/posts\/20139\/revisions"}],"predecessor-version":[{"id":20142,"href":"https:\/\/samantharadionline.com\/index.php\/wp-json\/wp\/v2\/posts\/20139\/revisions\/20142"}],"wp:featuredmedia":[{"embeddable":true,"href":"https:\/\/samantharadionline.com\/index.php\/wp-json\/wp\/v2\/media\/20141"}],"wp:attachment":[{"href":"https:\/\/samantharadionline.com\/index.php\/wp-json\/wp\/v2\/media?parent=20139"}],"wp:term":[{"taxonomy":"category","embeddable":true,"href":"https:\/\/samantharadionline.com\/index.php\/wp-json\/wp\/v2\/categories?post=20139"},{"taxonomy":"post_tag","embeddable":true,"href":"https:\/\/samantharadionline.com\/index.php\/wp-json\/wp\/v2\/tags?post=20139"}],"curies":[{"name":"wp","href":"https:\/\/api.w.org\/{rel}","templated":true}]}}