{"id":20134,"date":"2025-10-08T11:36:40","date_gmt":"2025-10-08T15:36:40","guid":{"rendered":"https:\/\/samantharadionline.com\/?p=20134"},"modified":"2025-10-08T11:47:47","modified_gmt":"2025-10-08T15:47:47","slug":"el-paso-a-desnivel-de-la-isabel-aguiar-con-27-de-febrero-queda-abierto-desde-su-inauguracion-en-el-dia-de-hoy","status":"publish","type":"post","link":"https:\/\/samantharadionline.com\/index.php\/2025\/10\/08\/el-paso-a-desnivel-de-la-isabel-aguiar-con-27-de-febrero-queda-abierto-desde-su-inauguracion-en-el-dia-de-hoy\/","title":{"rendered":"El paso a desnivel de la Isabel Aguiar con 27 de Febrero queda abierto desde su inauguraci\u00f3n en el d\u00eda de hoy"},"content":{"rendered":"\n<p class=\"has-medium-font-size\"><em>La obra, con una inversi\u00f3n de 41 millones de d\u00f3lares, tiene una longitud de 480 metros y se ejecut\u00f3 en un per\u00edodo de 18 meses. La inauguraci\u00f3n est\u00e1 programada las 10:00 de la ma\u00f1ana<\/em><\/p>\n\n\n\n<p>Rosa Luna, <strong>Santo Domingo, RD<\/strong><\/p>\n\n\n\n<p>El Ministerio de Obras P\u00fablicas y Comunicaciones (MOPC), junto al Instituto Nacional de Tr\u00e1nsito y Transporte Terrestre (Intrant), se encontraban ayer dando los \u00faltimos toques para la inauguraci\u00f3n de la obra. Se estima que este paso a desnivel permitir\u00e1 el flujo de unos 70,000 veh\u00edculos diarios.<\/p>\n\n\n\n<figure class=\"wp-block-embed is-type-video is-provider-youtube wp-block-embed-youtube wp-embed-aspect-16-9 wp-has-aspect-ratio\"><div class=\"wp-block-embed__wrapper\">\n<iframe loading=\"lazy\" title=\"\ud83d\udd34 EN VIVO | Presidente Abinader encabeza inauguraci\u00f3n de paso a desnivel de la avenida Isabel Aguiar\" width=\"640\" height=\"360\" src=\"https:\/\/www.youtube.com\/embed\/-qiSJPqKw-c?feature=oembed\" frameborder=\"0\" allow=\"accelerometer; autoplay; clipboard-write; encrypted-media; gyroscope; picture-in-picture; web-share\" referrerpolicy=\"strict-origin-when-cross-origin\" allowfullscreen><\/iframe>\n<\/div><\/figure>\n\n\n\n<p>Seg\u00fan declaraciones del ministro Eduardo Estrella, esta construcci\u00f3n ayudar\u00e1 a reducir el congestionamiento vehicular en la zona oeste del Gran Santo Domingo en un 40 %.<\/p>\n\n\n\n<p>Durante la visita de un equipo de periodistas, se observ\u00f3 al personal del Intrant realizando la colocaci\u00f3n de sem\u00e1foros en la intersecci\u00f3n de la 27 de Febrero con Isabel Aguiar. Previamente, ya se hab\u00edan instalado luminarias dentro y fuera del t\u00fanel, adem\u00e1s de finalizar la parte superior de la estructura.<\/p>\n\n\n\n<p>El ministro explic\u00f3 el lunes, durante un recorrido con la prensa, que la obra beneficiar\u00e1 tanto a los conductores que transitan entre Santo Domingo Oeste y el Distrito Nacional, como a quienes se dirigen hacia la regi\u00f3n Sur del pa\u00eds.&nbsp;<\/p>\n\n\n\n<p>Adicionalmente, la parte superior de la avenida Isabel Aguiar contar\u00e1 con dos carriles, lo que facilitar\u00e1 la fluidez del tr\u00e1nsito.<\/p>\n\n\n\n<p>La obra, con una inversi\u00f3n de 41 millones de d\u00f3lares, tiene una longitud de 480 metros y se ejecut\u00f3 en un per\u00edodo de 18 meses.&nbsp;<\/p>\n\n\n\n<p>La inauguraci\u00f3n est\u00e1 programada para el mi\u00e9rcoles 8 de octubre a las 10:00 de la ma\u00f1ana, y los conductores podr\u00e1n utilizar el paso a desnivel una vez que concluya el acto oficial.<\/p>\n\n\n\n<p><strong>Problemas de tr\u00e1nsito<\/strong><\/p>\n\n\n\n<p>Ciudadanos han manifestado en reiteradas ocasiones su preocupaci\u00f3n por el congesti\u00f3n vehicular que se produce en la zona.<\/p>\n\n\n\n<p>El ministro asegur\u00f3 que esta situaci\u00f3n, que se extiende desde la Plaza de la Bandera, quedar\u00e1 solucionada cuando se complete el conjunto de obras viales planificadas.<\/p>\n\n\n\n<p>Esta obra, que busca agilizar el tr\u00e1nsito en la rotonda que conecta la 27 de Febrero con la Luper\u00f3n, Isabel Aguiar y la autopista 6 de Noviembre, en la salida hacia el Sur, inici\u00f3 su construcci\u00f3n en abril de 2024, a la salida de la gesti\u00f3n del exministro del MOPC, Deligne Ascenci\u00f3n.<\/p>\n\n\n\n<p><strong>Proyecci\u00f3n de la construcci\u00f3n<\/strong><\/p>\n\n\n\n<p>De acuerdo con los planteamientos iniciales de la antigua gesti\u00f3n, las obras contemplaban un t\u00fanel en la Plaza de la Bandera, con una longitud aproximada de 1.02 kil\u00f3metros y dos carriles por sentido de circulaci\u00f3n (3.65 metros de ancho cada uno) en direcci\u00f3n norte-sur.<\/p>\n\n\n\n<p>Se proyectaba tambi\u00e9n rehabilitar las v\u00edas marginales, sistemas de drenaje, se\u00f1alizaci\u00f3n vial y obras complementarias como barreras de defensa.<\/p>\n\n\n\n<p>En la Isabel Aguiar, se construy\u00f3 un paso a desnivel o trinchera con la finalidad de mejorar el flujo vehicular de la avenida 27 de Febrero (entre el Distrito Nacional, Santo Domingo Oeste y la autopista 6 de Noviembre), ubicado en la Zona Industrial de Herrera.<\/p>\n\n\n\n<p>Este pasaje inferior de hormig\u00f3n armado tiene una extensi\u00f3n total de 480 metros, un ancho total de 15 metros y dos carriles en ambos sentidos de direcci\u00f3n (3.65 metros cada uno), separados por muros New Jersey.<\/p>\n\n\n\n<figure class=\"wp-block-image size-large\"><img loading=\"lazy\" decoding=\"async\" width=\"1024\" height=\"467\" src=\"https:\/\/samantharadionline.com\/wp-content\/uploads\/2025\/10\/Captura-de-pantalla_8-10-2025_114630_www.youtube.com_-1024x467.jpeg\" alt=\"\" class=\"wp-image-20143\" srcset=\"https:\/\/samantharadionline.com\/wp-content\/uploads\/2025\/10\/Captura-de-pantalla_8-10-2025_114630_www.youtube.com_-1024x467.jpeg 1024w, https:\/\/samantharadionline.com\/wp-content\/uploads\/2025\/10\/Captura-de-pantalla_8-10-2025_114630_www.youtube.com_-300x137.jpeg 300w, https:\/\/samantharadionline.com\/wp-content\/uploads\/2025\/10\/Captura-de-pantalla_8-10-2025_114630_www.youtube.com_-768x350.jpeg 768w, https:\/\/samantharadionline.com\/wp-content\/uploads\/2025\/10\/Captura-de-pantalla_8-10-2025_114630_www.youtube.com_.jpeg 1297w\" sizes=\"auto, (max-width: 1024px) 100vw, 1024px\" \/><\/figure>\n","protected":false},"excerpt":{"rendered":"<p>La obra, con una inversi\u00f3n de 41 millones de d\u00f3lares, tiene una longitud de 480<\/p>\n","protected":false},"author":1,"featured_media":20135,"comment_status":"open","ping_status":"open","sticky":false,"template":"","format":"standard","meta":{"footnotes":""},"categories":[12],"tags":[],"class_list":["post-20134","post","type-post","status-publish","format-standard","has-post-thumbnail","hentry","category-nacionales"],"_links":{"self":[{"href":"https:\/\/samantharadionline.com\/index.php\/wp-json\/wp\/v2\/posts\/20134","targetHints":{"allow":["GET"]}}],"collection":[{"href":"https:\/\/samantharadionline.com\/index.php\/wp-json\/wp\/v2\/posts"}],"about":[{"href":"https:\/\/samantharadionline.com\/index.php\/wp-json\/wp\/v2\/types\/post"}],"author":[{"embeddable":true,"href":"https:\/\/samantharadionline.com\/index.php\/wp-json\/wp\/v2\/users\/1"}],"replies":[{"embeddable":true,"href":"https:\/\/samantharadionline.com\/index.php\/wp-json\/wp\/v2\/comments?post=20134"}],"version-history":[{"count":3,"href":"https:\/\/samantharadionline.com\/index.php\/wp-json\/wp\/v2\/posts\/20134\/revisions"}],"predecessor-version":[{"id":20144,"href":"https:\/\/samantharadionline.com\/index.php\/wp-json\/wp\/v2\/posts\/20134\/revisions\/20144"}],"wp:featuredmedia":[{"embeddable":true,"href":"https:\/\/samantharadionline.com\/index.php\/wp-json\/wp\/v2\/media\/20135"}],"wp:attachment":[{"href":"https:\/\/samantharadionline.com\/index.php\/wp-json\/wp\/v2\/media?parent=20134"}],"wp:term":[{"taxonomy":"category","embeddable":true,"href":"https:\/\/samantharadionline.com\/index.php\/wp-json\/wp\/v2\/categories?post=20134"},{"taxonomy":"post_tag","embeddable":true,"href":"https:\/\/samantharadionline.com\/index.php\/wp-json\/wp\/v2\/tags?post=20134"}],"curies":[{"name":"wp","href":"https:\/\/api.w.org\/{rel}","templated":true}]}}