{"id":20125,"date":"2025-10-08T11:26:46","date_gmt":"2025-10-08T15:26:46","guid":{"rendered":"https:\/\/samantharadionline.com\/?p=20125"},"modified":"2025-10-08T11:26:47","modified_gmt":"2025-10-08T15:26:47","slug":"senado-de-eeuu-confirma-a-leah-campos-como-nueva-embajadora-en-republica-dominicana","status":"publish","type":"post","link":"https:\/\/samantharadionline.com\/index.php\/2025\/10\/08\/senado-de-eeuu-confirma-a-leah-campos-como-nueva-embajadora-en-republica-dominicana\/","title":{"rendered":"Senado de EEUU confirma a Leah Campos como nueva embajadora en Rep\u00fablica Dominicana"},"content":{"rendered":"\n<p class=\"has-medium-font-size\"><em>Estados Unidos pone fin a un largo per\u00edodo sin representaci\u00f3n diplom\u00e1tica titular en Santo Domingo<\/em><\/p>\n\n\n\n<figure class=\"wp-block-image\"><img decoding=\"async\" src=\"https:\/\/listindiario.com\/files\/image_60_60\/uploads\/2025\/07\/13\/68743be1bedc5.jpeg\" alt=\"Avatar del Sauro Scalella\"\/><\/figure>\n\n\n\n<p><em>\u00a0<\/em>Sauro Scalella, <strong>Santo Domingo, RD<\/strong><\/p>\n\n\n\n<p>El Senado de Estados Unidos confirm\u00f3 este martes a Leah Campos como embajadora estadounidense en Rep\u00fablica Dominicana, tras casi un a\u00f1o de espera desde su nominaci\u00f3n.<\/p>\n\n\n\n<p>Campos fue propuesta para el cargo en diciembre de 2024 por el presidente Donald Trump, y su confirmaci\u00f3n se produce luego de un prolongado proceso en la C\u00e1mara Alta.<\/p>\n\n\n\n<p>\u201cEl Senado de los Estados Unidos confirm\u00f3 hoy a Leah Campos como embajadora de los Estados Unidos en Rep\u00fablica Dominicana. \u00a1Enhorabuena!\u201d, escribi\u00f3 la embajada en sus redes sociales.<\/p>\n\n\n\n<p>Con su designaci\u00f3n, Estados Unidos pone fin a un largo per\u00edodo sin representaci\u00f3n diplom\u00e1tica titular en Santo Domingo, ya que el puesto permanec\u00eda vacante desde la salida de Robin Bernstein en 2021.<\/p>\n\n\n\n<p>Leah Campos, de amplia experiencia en asuntos internacionales y en el servicio p\u00fablico estadounidense, asumir\u00e1 oficialmente sus funciones cuando presente sus credenciales ante el presidente Luis Abinader.<\/p>\n\n\n\n<p>Hasta el momento, la embajada estadounidense en Santo Domingo estaba representada por Patricia Aguilera, quien se ha desempe\u00f1ado como encargada de negocios desde 2023.<\/p>\n\n\n\n<p>Leah Campos trabaj\u00f3 en la Agencia Central de Inteligencia (CIA), donde por m\u00e1s de 10 a\u00f1os se desempe\u00f1\u00f3 como oficial de operaciones en el Servicio Clandestino Oficial de la CIA.<\/p>\n\n\n\n<p>Esposa, madre, cat\u00f3lica \u201cconservadora y republicana\u201d es como se describe Leah Campos.<\/p>\n\n\n\n<p>En una entrevista al medio National Review, Campos dijo que como agente de la CIA trabaj\u00f3 en varios pa\u00edses de Am\u00e9rica Latina y Europa dirigiendo operaciones, reclutando personal y recopilando informaci\u00f3n sobre una amplia gama de objetivos.<\/p>\n\n\n\n<p>Su padre sirvi\u00f3 en la Fuerza A\u00e9rea y sus dos hermanos fueron oficiales del Cuerpo de Marines de los Estados Unidos, por lo que despu\u00e9s de terminar sus estudios universitarios Leah Campos pensaba tomar el mismo camino que sus parientes, no obstante, un ex oficial de la Oficina de Servicios Estrat\u00e9gicos (OSS) le propuso unirse a la CIA.<\/p>\n\n\n\n<p>En la pol\u00edtica, Campos se desempe\u00f1\u00f3 como asesora principal del Comit\u00e9 de Asuntos Exteriores de la C\u00e1mara de Representantes de Estados Unidos, tambi\u00e9n como Directora de Staff del subcomit\u00e9 de Asuntos Occidentales.<\/p>\n\n\n\n<p>En su primer Gobierno, Donald Trump, nombr\u00f3 a Campos como Asesor estrat\u00e9gico senior para Am\u00e9rica Latina, Europa del Sur, Oriente Medio y \u00c1frica.<\/p>\n\n\n\n<p>A pesar de nacer en Estados Unidos, Campos tiene ascendencia hispana: su madre fue inmigrante espa\u00f1ola y su padre es estadounidense de ra\u00edces mexicanas.<\/p>\n\n\n\n<p>Leah Campos es madre de cuatro hijos, casada con Alfred Francis, un oficial del Servicio Exterior de Estados Unidos que sirvi\u00f3 a la naci\u00f3n en Afganist\u00e1n.<\/p>\n\n\n\n<p>Campos tiene una licenciatura en Ciencias Pol\u00edticas y Gobierno de la Universidad Estatal de Arizona, y una maestr\u00eda en Asuntos P\u00fablicos e Internacionales de la Universidad de Pittsburgh.<\/p>\n\n\n\n<p><\/p>\n","protected":false},"excerpt":{"rendered":"<p>Estados Unidos pone fin a un largo per\u00edodo sin representaci\u00f3n diplom\u00e1tica titular en Santo Domingo<\/p>\n","protected":false},"author":1,"featured_media":20116,"comment_status":"open","ping_status":"open","sticky":false,"template":"","format":"standard","meta":{"footnotes":""},"categories":[12],"tags":[],"class_list":["post-20125","post","type-post","status-publish","format-standard","has-post-thumbnail","hentry","category-nacionales"],"_links":{"self":[{"href":"https:\/\/samantharadionline.com\/index.php\/wp-json\/wp\/v2\/posts\/20125","targetHints":{"allow":["GET"]}}],"collection":[{"href":"https:\/\/samantharadionline.com\/index.php\/wp-json\/wp\/v2\/posts"}],"about":[{"href":"https:\/\/samantharadionline.com\/index.php\/wp-json\/wp\/v2\/types\/post"}],"author":[{"embeddable":true,"href":"https:\/\/samantharadionline.com\/index.php\/wp-json\/wp\/v2\/users\/1"}],"replies":[{"embeddable":true,"href":"https:\/\/samantharadionline.com\/index.php\/wp-json\/wp\/v2\/comments?post=20125"}],"version-history":[{"count":1,"href":"https:\/\/samantharadionline.com\/index.php\/wp-json\/wp\/v2\/posts\/20125\/revisions"}],"predecessor-version":[{"id":20126,"href":"https:\/\/samantharadionline.com\/index.php\/wp-json\/wp\/v2\/posts\/20125\/revisions\/20126"}],"wp:featuredmedia":[{"embeddable":true,"href":"https:\/\/samantharadionline.com\/index.php\/wp-json\/wp\/v2\/media\/20116"}],"wp:attachment":[{"href":"https:\/\/samantharadionline.com\/index.php\/wp-json\/wp\/v2\/media?parent=20125"}],"wp:term":[{"taxonomy":"category","embeddable":true,"href":"https:\/\/samantharadionline.com\/index.php\/wp-json\/wp\/v2\/categories?post=20125"},{"taxonomy":"post_tag","embeddable":true,"href":"https:\/\/samantharadionline.com\/index.php\/wp-json\/wp\/v2\/tags?post=20125"}],"curies":[{"name":"wp","href":"https:\/\/api.w.org\/{rel}","templated":true}]}}