{"id":20112,"date":"2025-10-07T17:06:19","date_gmt":"2025-10-07T21:06:19","guid":{"rendered":"https:\/\/samantharadionline.com\/?p=20112"},"modified":"2025-10-07T17:06:20","modified_gmt":"2025-10-07T21:06:20","slug":"emiten-alerta-verde-para-tres-provincias","status":"publish","type":"post","link":"https:\/\/samantharadionline.com\/index.php\/2025\/10\/07\/emiten-alerta-verde-para-tres-provincias\/","title":{"rendered":"Emiten alerta verde para tres provincias"},"content":{"rendered":"\n<p class=\"has-medium-font-size\"><em>A fin de preservar la vida de los usuarios de la costa Atl\u00e1ntica, debido a mar de fondo, posible rompientes y corrientes de resaca\u201d<\/em><\/p>\n\n\n\n<p>R. L. D.,<strong> Santo Domingo, R.D.<\/strong><\/p>\n\n\n\n<p>El Centro de Operaciones de Emergencias (COE), emiti\u00f3 alerta verde para tres provincias, debido a las lluvias que se pronostican, por la incidencia de una onda tropical en Puerto Rico, y la inestabilidad degenerada por una vaguada.<\/p>\n\n\n\n<p>En alerta verde est\u00e1n Santiago, Santiago Rodr\u00edguez y Dajab\u00f3n.<\/p>\n\n\n\n<p>Mientras que el COE adviertes obre fuertes oleajes en la Costa Atl\u00e1ntica, por lo que los operadores de embarcaciones fr\u00e1giles, peque\u00f1as y medianas deben navegar cerca del per\u00edmetro costero sin aventurarse mar adentro, debido a viento y olas anormales.<\/p>\n\n\n\n<p>\u201cSe instruye a los organismos de protecci\u00f3n civil en la costa atl\u00e1ntica, tomar las medidas preventivas de lugar, a fin de preservar la vida de los usuarios de dicha costa, debido a mar de fondo, posible rompientes y corrientes de resaca\u201d.<\/p>\n\n\n\n<p><strong>Indomet<\/strong><\/p>\n\n\n\n<p>El Instituto Dominicano de Meteorolog\u00eda (Indomet) inform\u00f3 la tarde de este martes que \u201cparches nubosos desprendidos de una onda tropical ubicada sobre Puerto Rico llegan al territorio dominicano, esto se unir\u00e1n a la inestabilidad generada por una vaguada para provocar\u00e1 nublados, aguaceros locales de moderados a fuertes, tormentas el\u00e9ctricas y r\u00e1fagas de viento en El Seibo, La Romana, San Pedro de Macor\u00eds, Hato Mayor, Monte Plata, El gran Santo Domingo, San Jos\u00e9 de Ocoa, Monse\u00f1or Nouel, La Vega, Santiago, San Juan, Santiago Rodr\u00edguez, Dajab\u00f3n, El\u00edas Pi\u00f1a, Valverde y otras localidades cercanas\u201d. La actividad se reducir\u00e1 durante la noche.<\/p>\n\n\n\n<p><strong>Da seguimiento a la tormenta Jerry<\/strong><\/p>\n\n\n\n<p>El Indomet informa que se mantiene vigilante a evoluci\u00f3n de la reci\u00e9n formada tormenta tropical Jerry, la cual se ubica a unos 2036 km al Este\/sureste de la parte de Las Antillas Menores, tiene vientos m\u00e1ximos sostenidos de 75kph y avanza hacia el oeste a 39kph.<\/p>\n","protected":false},"excerpt":{"rendered":"<p>A fin de preservar la vida de los usuarios de la costa Atl\u00e1ntica, debido a<\/p>\n","protected":false},"author":1,"featured_media":20113,"comment_status":"open","ping_status":"open","sticky":false,"template":"","format":"standard","meta":{"footnotes":""},"categories":[12],"tags":[],"class_list":["post-20112","post","type-post","status-publish","format-standard","has-post-thumbnail","hentry","category-nacionales"],"_links":{"self":[{"href":"https:\/\/samantharadionline.com\/index.php\/wp-json\/wp\/v2\/posts\/20112","targetHints":{"allow":["GET"]}}],"collection":[{"href":"https:\/\/samantharadionline.com\/index.php\/wp-json\/wp\/v2\/posts"}],"about":[{"href":"https:\/\/samantharadionline.com\/index.php\/wp-json\/wp\/v2\/types\/post"}],"author":[{"embeddable":true,"href":"https:\/\/samantharadionline.com\/index.php\/wp-json\/wp\/v2\/users\/1"}],"replies":[{"embeddable":true,"href":"https:\/\/samantharadionline.com\/index.php\/wp-json\/wp\/v2\/comments?post=20112"}],"version-history":[{"count":1,"href":"https:\/\/samantharadionline.com\/index.php\/wp-json\/wp\/v2\/posts\/20112\/revisions"}],"predecessor-version":[{"id":20114,"href":"https:\/\/samantharadionline.com\/index.php\/wp-json\/wp\/v2\/posts\/20112\/revisions\/20114"}],"wp:featuredmedia":[{"embeddable":true,"href":"https:\/\/samantharadionline.com\/index.php\/wp-json\/wp\/v2\/media\/20113"}],"wp:attachment":[{"href":"https:\/\/samantharadionline.com\/index.php\/wp-json\/wp\/v2\/media?parent=20112"}],"wp:term":[{"taxonomy":"category","embeddable":true,"href":"https:\/\/samantharadionline.com\/index.php\/wp-json\/wp\/v2\/categories?post=20112"},{"taxonomy":"post_tag","embeddable":true,"href":"https:\/\/samantharadionline.com\/index.php\/wp-json\/wp\/v2\/tags?post=20112"}],"curies":[{"name":"wp","href":"https:\/\/api.w.org\/{rel}","templated":true}]}}