{"id":20099,"date":"2025-10-07T11:52:24","date_gmt":"2025-10-07T15:52:24","guid":{"rendered":"https:\/\/samantharadionline.com\/?p=20099"},"modified":"2025-10-07T11:52:24","modified_gmt":"2025-10-07T15:52:24","slug":"resignadas-muchos-consumidores-locales-deciden-comprar-los-productos-pese-a-sus-protestas","status":"publish","type":"post","link":"https:\/\/samantharadionline.com\/index.php\/2025\/10\/07\/resignadas-muchos-consumidores-locales-deciden-comprar-los-productos-pese-a-sus-protestas\/","title":{"rendered":"Resignadas, muchos consumidores locales deciden comprar los productos pese a sus protestas"},"content":{"rendered":"\n<p class=\"has-medium-font-size\"><strong><em>Para el quintil 1, donde se ubican los hogares de menores ingresos, la canasta familiar refleja un aumento de RD$517.9, en los primeros nueve meses de este a\u00f1o, pasando de RD$27,828.58 en enero a RD$28,346.48 en agosto.<\/em><\/strong><\/p>\n\n\n\n<figure class=\"wp-block-image\"><img decoding=\"async\" src=\"https:\/\/listindiario.com\/files\/image_60_60\/uploads\/2023\/10\/04\/651e14c71e058.jpeg\" alt=\"Avatar del Patria Reyes\"\/><\/figure>\n\n\n\n<p><em>\u00a0<\/em>Patria Reyes<\/p>\n\n\n\n<p>La canasta b\u00e1sica promedio se ubic\u00f3 en agosto de este a\u00f1o en RD$47,374.60, unos RD$953.92 m\u00e1s que en enero, cuando su costo fue de RD$46,420.68.<\/p>\n\n\n\n<p>Las estad\u00edsticas del Banco Central reflejan el movimiento de los precios de la canasta familiar de acuerdo a los distintos niveles de ingresos.<\/p>\n\n\n\n<p>Para el quintil 1, donde se ubican los hogares de menores ingresos, la canasta familiar refleja un aumento de RD$517.9, en los primeros nueve meses de este a\u00f1o, pasando de RD$27,828.58 en enero a RD$28,346.48 en agosto.<\/p>\n\n\n\n<p>En el quintil 2, el incremento que registra la canasta es de RD$734.74, pasado de RD$36,163.08 a RD$36,897.82. En el quintil 3, la variaci\u00f3n del costo fue de RD$858.73,&nbsp; subiendo de RD$42,660.79 en enero a RD$43,519.52 en el octavo mes del a\u00f1o.<\/p>\n\n\n\n<p>Los dos quintiles que representan los hogares de m\u00e1s altos ingresos (4 y 5) reflejaron aumentos mayores, el primero de RD$965.13 (de RD$49,466.05 a RD$50,431.18), y el segundo RD$1,531.01 (de RD$75,490.79 a RD$77,021.80).<\/p>\n\n\n\n<p>En su informe del \u00cdndice de Precio al Consumidor de agosto, el Banco Central inform\u00f3 que al analizar los resultados de la variaci\u00f3n mensual se observ\u00f3<\/p>\n\n\n\n<p>que los grupos de mayor incidencia en la inflaci\u00f3n fueron Alimentos y Bebidas No Alcoh\u00f3licas,<\/p>\n\n\n\n<p>Transporte, Educaci\u00f3n, Restaurantes y Hoteles, Bienes y Servicios Diversos y Comunicaciones,<\/p>\n\n\n\n<p>quienes en conjunto explicaron m\u00e1s del 90% de la inflaci\u00f3n del referido mes.<\/p>\n\n\n\n<p>Se\u00f1al\u00f3 que la variaci\u00f3n de 1.24% registrada en agosto en Alimentos y Bebidas No Alcoh\u00f3licas<\/p>\n\n\n\n<p>obedeci\u00f3 principalmente al aumento de los precios de art\u00edculos como el pollo fresco,&nbsp;yuca, pl\u00e1tanos, guineos verdes, pi\u00f1a, bacalao, entre otros.&nbsp;<\/p>\n\n\n\n<p>Apunta el informe que los efectos combinados de las altas temperaturas y de la temporada de lluvias caracter\u00edstica&nbsp;de esta \u00e9poca del a\u00f1o, contin\u00faan incidiendo de manera estacional en la productividad del&nbsp;pollo fresco, lo que se traduce en aumentos en el precio de este alimento de mayor peso<\/p>\n\n\n\n<p>relativo dentro del grupo.&nbsp;<\/p>\n\n\n\n<p>Tambi\u00e9n en el regl\u00f3n Transporte se presentaron incrementos de costo, presentando una variaci\u00f3n de 0.81%, lo que se atribuye a&nbsp;las alzas en los autom\u00f3viles, en el servicios de transporte terrestre urbano y transporte&nbsp;escolar, siendo este \u00faltimo reflejo del comportamiento habitual asociado al inicio del per\u00edodo de inicio escolar.<\/p>\n\n\n\n<p>El \u00edndice de precio el grupo&nbsp;Educaci\u00f3n registr\u00f3 una inflaci\u00f3n de 2.18%,&nbsp;impulsada de acuerdo al BC por los aumentos en las tarifas&nbsp;de los colegios privados en los servicios&nbsp;de ense\u00f1anzas primaria, secundaria y&nbsp;preescolar, din\u00e1mica estacional vinculada al proceso de matriculaci\u00f3n escolar.<\/p>\n\n\n\n<p>Apunta que adicionalmente, se observaron alzas en los&nbsp;servicios de educaci\u00f3n universitaria.<\/p>\n","protected":false},"excerpt":{"rendered":"<p>Para el quintil 1, donde se ubican los hogares de menores ingresos, la canasta familiar<\/p>\n","protected":false},"author":1,"featured_media":20100,"comment_status":"open","ping_status":"open","sticky":false,"template":"","format":"standard","meta":{"footnotes":""},"categories":[10],"tags":[],"class_list":["post-20099","post","type-post","status-publish","format-standard","has-post-thumbnail","hentry","category-economica"],"_links":{"self":[{"href":"https:\/\/samantharadionline.com\/index.php\/wp-json\/wp\/v2\/posts\/20099","targetHints":{"allow":["GET"]}}],"collection":[{"href":"https:\/\/samantharadionline.com\/index.php\/wp-json\/wp\/v2\/posts"}],"about":[{"href":"https:\/\/samantharadionline.com\/index.php\/wp-json\/wp\/v2\/types\/post"}],"author":[{"embeddable":true,"href":"https:\/\/samantharadionline.com\/index.php\/wp-json\/wp\/v2\/users\/1"}],"replies":[{"embeddable":true,"href":"https:\/\/samantharadionline.com\/index.php\/wp-json\/wp\/v2\/comments?post=20099"}],"version-history":[{"count":1,"href":"https:\/\/samantharadionline.com\/index.php\/wp-json\/wp\/v2\/posts\/20099\/revisions"}],"predecessor-version":[{"id":20101,"href":"https:\/\/samantharadionline.com\/index.php\/wp-json\/wp\/v2\/posts\/20099\/revisions\/20101"}],"wp:featuredmedia":[{"embeddable":true,"href":"https:\/\/samantharadionline.com\/index.php\/wp-json\/wp\/v2\/media\/20100"}],"wp:attachment":[{"href":"https:\/\/samantharadionline.com\/index.php\/wp-json\/wp\/v2\/media?parent=20099"}],"wp:term":[{"taxonomy":"category","embeddable":true,"href":"https:\/\/samantharadionline.com\/index.php\/wp-json\/wp\/v2\/categories?post=20099"},{"taxonomy":"post_tag","embeddable":true,"href":"https:\/\/samantharadionline.com\/index.php\/wp-json\/wp\/v2\/tags?post=20099"}],"curies":[{"name":"wp","href":"https:\/\/api.w.org\/{rel}","templated":true}]}}