{"id":20085,"date":"2025-10-07T08:38:09","date_gmt":"2025-10-07T12:38:09","guid":{"rendered":"https:\/\/samantharadionline.com\/?p=20085"},"modified":"2025-10-07T08:38:10","modified_gmt":"2025-10-07T12:38:10","slug":"bad-bunny-deja-lecciones-para-la-industria-naranja","status":"publish","type":"post","link":"https:\/\/samantharadionline.com\/index.php\/2025\/10\/07\/bad-bunny-deja-lecciones-para-la-industria-naranja\/","title":{"rendered":"Bad Bunny deja lecciones para la industria naranja"},"content":{"rendered":"\n<p class=\"has-medium-font-size\"><em>Javier Hern\u00e1ndez, decano de Artes, Dise\u00f1o e Industrias Creativas de la Universidad del Sagrado Coraz\u00f3n de Puerto Rico, afirma que \u00aba nivel macro tiene una iniciativa y un emprendimiento que ha posicionado a Puerto Rico internacionalmente, que ha conectado elementos de identidad nacional como materia prima\u201d<\/em><\/p>\n\n\n\n<figure class=\"wp-block-image\"><img decoding=\"async\" src=\"https:\/\/listindiario.com\/files\/image_60_60\/uploads\/2023\/05\/16\/64638b5306b73.jpeg\" alt=\"Avatar del Yerlendy Abad\"\/><\/figure>\n\n\n\n<p><strong><em>\u00a0<\/em>Yerlendy Abad<\/strong><\/p>\n\n\n\n<p>Considerada uno de los fen\u00f3menos m\u00e1s trascendentales para la industria naranja, la residencia de Bad Bunny \u201cNo me quiero ir de aqu\u00ed\u201d en el Coliseo de Puerto Rico Jos\u00e9 Miguel Agrelot ha sido motivo de an\u00e1lisis en cuanto a su impacto econ\u00f3mico en la isla.<\/p>\n\n\n\n<p>Para el decano de Artes, Dise\u00f1o e Industrias Creativas &#8211; Universidad del Sagrado Coraz\u00f3n de Puerto Rico, Javier Hern\u00e1ndez, quien se encuentra en Santo Domingo para la conferencia \u201cLa residencia de PR: lecciones para la industria naranja\u201d en la quinta edici\u00f3n del Foro Caribe Naranja, la serie de conciertos es \u201cel estudio de caso que mejor\u201d el efecto multiplicador, impacto en el ecosistema y diversificaci\u00f3n de ingreso.<\/p>\n\n\n\n<p><strong>\u201cYo voy a tratar de narrar ese impacto<\/strong>&nbsp;desde lo micro\u201d, dijo Hern\u00e1ndez&nbsp;<strong>durante una entrevista con LIST\u00cdN DIARIO,<\/strong>&nbsp;donde destac\u00f3 que en cada una de las 31 presentaciones del cantante trabajaron alrededor de 650 empleados.<\/p>\n\n\n\n<p>\u201cY luego a nivel macro tiene una iniciativa y un emprendimiento que ha posicionado a Puerto Rico internacionalmente, que ha conectado elementos de identidad nacional como materia prima, que es algo que venimos diciendo hace tiempo, as\u00ed que el \u00faltimo estudio estimaba m\u00e1s de 700 millones de d\u00f3lares de impacto, entre ellos 46 millones en boletos\u201d, detall\u00f3.<\/p>\n\n\n\n<figure class=\"wp-block-image\" id=\"m52951-52950-52952\"><img decoding=\"async\" src=\"https:\/\/listindiario.com\/files\/vertical_main_image\/uploads\/2025\/10\/07\/68e4f27e9bc39.jpeg\" alt=\"Javier Hern\u00e1ndez, quien se encuentra en Santo Domingo para la conferencia \u201cLa residencia de PR: lecciones para la industria naranja\u201d. El conferencista es decano de Artes, Dise\u00f1o e Industrias Creativas - Universidad del Sagrado Coraz\u00f3n de Puerto Rico.\"\/><figcaption class=\"wp-element-caption\">Javier Hern\u00e1ndez, quien se encuentra en Santo Domingo para la conferencia \u201cLa residencia de PR: lecciones para la industria naranja\u201d. El conferencista es decano de Artes, Dise\u00f1o e Industrias Creativas &#8211; Universidad del Sagrado Coraz\u00f3n de Puerto Rico.Foto: fuente externa<\/figcaption><\/figure>\n\n\n\n<p><strong>Asimismo, se\u00f1al\u00f3&nbsp;<\/strong>que la industria creativa es \u201cun dinamizador del resto de la econom\u00eda, puso a funcionar infraestructura p\u00fablica y puso a funcionar es turismo en la temporada baja del a\u00f1o\u201d.<\/p>\n\n\n\n<p><strong>\u00bfQu\u00e9 falta para que RD logre un hito similar?&nbsp;<\/strong>\u201cLo m\u00e1s importante es generar la confianza en las instituciones p\u00fablicas, privadas, tercer sector, academias y en el propio sector cultural\u201d, puntualiz\u00f3 Javier Hern\u00e1ndez sobre los pasos funcionales para lograr un hito en la industria naranja como ocurri\u00f3 con la residencia de Bad Bunny en Puerto Rico.<\/p>\n\n\n\n<p>No es dif\u00edcil para Rep\u00fablica Dominicana. El profesional est\u00e1 convencido de que el pa\u00eds tiene suficientes recursos e infraestructura para tener un progreso paralelo con Puerto Rico.<\/p>\n\n\n\n<p>\u201cA nosotros nos toc\u00f3 que Bad Bunny naci\u00f3 en Vega Baja, pero pudo haber nacido aqu\u00ed o pudo haber nacido en cualquier lugar del Caribe. Yo creo que nos falta estrategia, nos falta ahora sentarnos\u2026 Puerto Rico tiene la presi\u00f3n de que despu\u00e9s de esto nos toca sentarnos a pensar c\u00f3mo lo vamos a potenciar\u201d, indic\u00f3.<\/p>\n\n\n\n<p>\u201cNo siempre va a ser en la magnitud de Bad Bunny, es solamente un caso, probablemente se va a dar otro en diez o veinte a\u00f1os, ahora, yo s\u00ed digo algo: Esto no es un golpe de suerte, esta no es la primera vez, nuestros pa\u00edses tienen una capacidad de producci\u00f3n hist\u00f3rica. Los vivimos con la salsa en los 70, lo vivimos en los 80 con Menudo, lo vivimos en los 90 con Ricky Martin, lo venimos viviendo desde el 2000 con la m\u00fasica urbana y el reggaet\u00f3n, ustedes lo han hecho con el merengue, la bachata y el dembow\u201d, record\u00f3.<\/p>\n\n\n\n<p><strong>Bad Bunny ofreci\u00f3 31 conciertos&nbsp;<\/strong>en la residencia que comenz\u00f3 el 11 de julio y culmin\u00f3 el 20 de septiembre, con una funci\u00f3n extra durante el octavo aniversario del hurac\u00e1n Mar\u00eda que siguieron fan\u00e1ticos de todo el mundo a trav\u00e9s de Amazon Music, lo que fue un hito para Puerto Rico y la identidad de la isla. Respecto al t\u00edtulo de la residencia, \u2018No me quiero ir de aqu\u00ed\u2019, Bad Bunny cont\u00f3 que se refiere tanto a Puerto Rico, como a la tarima del Coliseo o a su casa.<\/p>\n\n\n\n<h3 class=\"wp-block-heading\">FORO CARIBE NARANJA 2025<\/h3>\n\n\n\n<p><strong>Los conversatorios&nbsp;<\/strong>de Foro Caribe Naranja tendr\u00e1n lugar este martes 7 de octubre en el Sal\u00f3n Churchill del Hotel Intercontinental Real de Santo Domingo durante 3 horas y media (de 8:30a.m. a 12:00p.m) con la apertura del ministro de Cultura Roberto \u00c1ngel Salcedo y la participaci\u00f3n de Alejandra Luzardo, CEO de Boomful y referente internacional en industrias creativas.<\/p>\n\n\n\n<p>Con el objetivo de promover el emprendimiento, la innovaci\u00f3n y la sostenibilidad en las industrias creativas como dinamizador de la econom\u00eda naranja, se celebrar\u00e1 la quinta edici\u00f3n del Foro Caribe Naranja, con el tema \u201cEmprendimiento Cultural y Creativo. Innovaci\u00f3n, Sostenibilidad e Impacto\u201d, un evento organizado por Switch y Havas y SIP Group.<\/p>\n\n\n\n<p>El evento reunir\u00e1 en Santo Domingo a l\u00edderes, gestores y emprendedores culturales, artistas y representantes de incubadoras y aceleradoras de empresas creativas, expertos en negocios y gesti\u00f3n cultural, ejecutivos bancarios y de fondos de inversi\u00f3n, as\u00ed como especialistas en sostenibilidad econ\u00f3mica de proyectos culturales, entre otros, quienes compartir\u00e1n experiencias y buenas pr\u00e1cticas que buscan potenciar el talento local y abrir nuevas oportunidades en el sector.<\/p>\n\n\n\n<p>Se trata de un espacio creado para colocar en la agenda p\u00fablica los temas de la Econom\u00eda Naranja y las Industrias Creativas, resaltando su aporte econ\u00f3mico, social y cultural tanto en Rep\u00fablica Dominicana como en el Caribe.<\/p>\n\n\n\n<p>Caribe Naranja es una pujante plataforma creada por Switch Havas y SIP Group que busca visibilizar, conectar e impulsar a las industrias culturales y creativas, posicionando a Rep\u00fablica Dominicana como hub creativo de la regi\u00f3n caribe\u00f1a.<\/p>\n","protected":false},"excerpt":{"rendered":"<p>Javier Hern\u00e1ndez, decano de Artes, Dise\u00f1o e Industrias Creativas de la Universidad del Sagrado Coraz\u00f3n<\/p>\n","protected":false},"author":1,"featured_media":20086,"comment_status":"open","ping_status":"open","sticky":false,"template":"","format":"standard","meta":{"footnotes":""},"categories":[11],"tags":[],"class_list":["post-20085","post","type-post","status-publish","format-standard","has-post-thumbnail","hentry","category-entretenimiento"],"_links":{"self":[{"href":"https:\/\/samantharadionline.com\/index.php\/wp-json\/wp\/v2\/posts\/20085","targetHints":{"allow":["GET"]}}],"collection":[{"href":"https:\/\/samantharadionline.com\/index.php\/wp-json\/wp\/v2\/posts"}],"about":[{"href":"https:\/\/samantharadionline.com\/index.php\/wp-json\/wp\/v2\/types\/post"}],"author":[{"embeddable":true,"href":"https:\/\/samantharadionline.com\/index.php\/wp-json\/wp\/v2\/users\/1"}],"replies":[{"embeddable":true,"href":"https:\/\/samantharadionline.com\/index.php\/wp-json\/wp\/v2\/comments?post=20085"}],"version-history":[{"count":1,"href":"https:\/\/samantharadionline.com\/index.php\/wp-json\/wp\/v2\/posts\/20085\/revisions"}],"predecessor-version":[{"id":20087,"href":"https:\/\/samantharadionline.com\/index.php\/wp-json\/wp\/v2\/posts\/20085\/revisions\/20087"}],"wp:featuredmedia":[{"embeddable":true,"href":"https:\/\/samantharadionline.com\/index.php\/wp-json\/wp\/v2\/media\/20086"}],"wp:attachment":[{"href":"https:\/\/samantharadionline.com\/index.php\/wp-json\/wp\/v2\/media?parent=20085"}],"wp:term":[{"taxonomy":"category","embeddable":true,"href":"https:\/\/samantharadionline.com\/index.php\/wp-json\/wp\/v2\/categories?post=20085"},{"taxonomy":"post_tag","embeddable":true,"href":"https:\/\/samantharadionline.com\/index.php\/wp-json\/wp\/v2\/tags?post=20085"}],"curies":[{"name":"wp","href":"https:\/\/api.w.org\/{rel}","templated":true}]}}