{"id":20076,"date":"2025-10-07T08:29:45","date_gmt":"2025-10-07T12:29:45","guid":{"rendered":"https:\/\/samantharadionline.com\/?p=20076"},"modified":"2025-10-07T08:29:45","modified_gmt":"2025-10-07T12:29:45","slug":"dia-de-conmemoraciones-en-israel-por-la-masacre-del-7-de-octubre-de-2023","status":"publish","type":"post","link":"https:\/\/samantharadionline.com\/index.php\/2025\/10\/07\/dia-de-conmemoraciones-en-israel-por-la-masacre-del-7-de-octubre-de-2023\/","title":{"rendered":"D\u00eda de conmemoraciones en Israel por la masacre del 7 de octubre de 2023"},"content":{"rendered":"\n<p class=\"has-medium-font-size\"><em>En Israel, familiares de rehenes y ONG han planeado varias ceremonias para este 7 de octubre en homenaje a las v\u00edctimas de los ataques de Ham\u00e1s, que hace dos a\u00f1os han provocado\u00a0la muerte de 1.219 personas, seg\u00fan la AFP<\/em><\/p>\n\n\n\n<p><strong>Por:RFI<\/strong>, <em><strong>Con los corresponsales Fr\u00e9d\u00e9rique Misslin y Daniel Blumenthal<\/strong><\/em><\/p>\n\n\n\n<p>Las ceremonias conmemorativas comenzaron temprano este martes por la ma\u00f1ana en el sitio del festival de m\u00fasica Nova. Decenas de familiares y amigos de las v\u00edctimas guardaron silencio a las 6:29 a.m. hora local (3:29 a.m. UT) en Reim, en el sitio del festival, donde 378 personas fueron asesinadas por comandos de Ham\u00e1s en su ataque sorpresa en el sur de Israel en la ma\u00f1ana del 7 de octubre de 2023.<\/p>\n\n\n\n<p><strong>El homenaje de las familias en el sitio del festival Nova<\/strong><\/p>\n\n\n\n<p>All\u00ed se ven fotos de j\u00f3venes sonrientes que hab\u00edan venido a la fiesta cuando fueron asesinados. Y luego, unas pocas palabras escritas: \u00abSigue bailando para siempre mi querido \u00e1ngel\u00bb. En el suelo, flores, piedras, velas. Se construir\u00e1 una caba\u00f1a emergente blanca en su memoria para la festividad de Sucot, que se celebra a partir de este martes en Israel.<\/p>\n\n\n\n<p>Familiares y personas an\u00f3nimas tambi\u00e9n est\u00e1n all\u00ed para exigir la devoluci\u00f3n de los rehenes: 14 personas, capturadas en este sitio durante las masacres, siguen detenidas en Gaza. Minutos de silencio, meditaci\u00f3n, y de fondo, algunos disparos de artiller\u00eda y alertas de disparos de cohetes desde la cercana Franja de Gaza. A lo lejos columnas de humo, evidencia de continuos bombardeos israel\u00edes.<\/p>\n\n\n\n<p><strong>Otro punto destacado, la Plaza de los Rehenes<\/strong><\/p>\n\n\n\n<p>A falta de un acto oficial organizado este 7 de octubre por el Gobierno de Benjamin Netanyahu, que se niega a convocar a una Comisi\u00f3n Oficial de Investigaciones para echar luz sobre sus errores, el acto oficial ser\u00e1 conducido este martes por los familiares de los israel\u00edes secuestrados y decenas de ONG.<\/p>\n\n\n\n<p>El punto culminante de la jornada se espera que tenga lugar al anochecer en Tel Aviv, donde est\u00e1 prevista una ceremonia organizada por iniciativa de las familias de las v\u00edctimas en la emblem\u00e1tica Plaza de los Rehenes, epicentro de la movilizaci\u00f3n por la liberaci\u00f3n de los secuestrados.<\/p>\n\n\n\n<p>Las ceremonias conmemorativas oficiales est\u00e1n programadas para el 16 de octubre, al final de las festividades jud\u00edas de Sucot. Por casualidad del calendario hebreo, el 7 de octubre cae este a\u00f1o al mismo tiempo que el primer d\u00eda de esta alegre festividad. Hace dos a\u00f1os, el ataque tuvo lugar el \u00faltimo d\u00eda de la festividad, en medio del Shabat.<\/p>\n\n\n\n<p>La \u00fanica luz al final del t\u00fanel son las negociaciones por el fin de la guerra, que se mantienen en estos momentos en Egipto.&nbsp; La vista est\u00e1 puesta no en Jerusal\u00e9n sino en Washington, desde donde el presidente Donald Trump sigue tuiteando optimismo en su propia red social.<\/p>\n","protected":false},"excerpt":{"rendered":"<p>En Israel, familiares de rehenes y ONG han planeado varias ceremonias para este 7 de<\/p>\n","protected":false},"author":1,"featured_media":20077,"comment_status":"open","ping_status":"open","sticky":false,"template":"","format":"standard","meta":{"footnotes":""},"categories":[4],"tags":[],"class_list":["post-20076","post","type-post","status-publish","format-standard","has-post-thumbnail","hentry","category-mundiales"],"_links":{"self":[{"href":"https:\/\/samantharadionline.com\/index.php\/wp-json\/wp\/v2\/posts\/20076","targetHints":{"allow":["GET"]}}],"collection":[{"href":"https:\/\/samantharadionline.com\/index.php\/wp-json\/wp\/v2\/posts"}],"about":[{"href":"https:\/\/samantharadionline.com\/index.php\/wp-json\/wp\/v2\/types\/post"}],"author":[{"embeddable":true,"href":"https:\/\/samantharadionline.com\/index.php\/wp-json\/wp\/v2\/users\/1"}],"replies":[{"embeddable":true,"href":"https:\/\/samantharadionline.com\/index.php\/wp-json\/wp\/v2\/comments?post=20076"}],"version-history":[{"count":1,"href":"https:\/\/samantharadionline.com\/index.php\/wp-json\/wp\/v2\/posts\/20076\/revisions"}],"predecessor-version":[{"id":20078,"href":"https:\/\/samantharadionline.com\/index.php\/wp-json\/wp\/v2\/posts\/20076\/revisions\/20078"}],"wp:featuredmedia":[{"embeddable":true,"href":"https:\/\/samantharadionline.com\/index.php\/wp-json\/wp\/v2\/media\/20077"}],"wp:attachment":[{"href":"https:\/\/samantharadionline.com\/index.php\/wp-json\/wp\/v2\/media?parent=20076"}],"wp:term":[{"taxonomy":"category","embeddable":true,"href":"https:\/\/samantharadionline.com\/index.php\/wp-json\/wp\/v2\/categories?post=20076"},{"taxonomy":"post_tag","embeddable":true,"href":"https:\/\/samantharadionline.com\/index.php\/wp-json\/wp\/v2\/tags?post=20076"}],"curies":[{"name":"wp","href":"https:\/\/api.w.org\/{rel}","templated":true}]}}