{"id":20073,"date":"2025-10-07T08:25:07","date_gmt":"2025-10-07T12:25:07","guid":{"rendered":"https:\/\/samantharadionline.com\/?p=20073"},"modified":"2025-10-07T08:25:08","modified_gmt":"2025-10-07T12:25:08","slug":"los-escenarios-para-macron-cada-vez-mas-aislado","status":"publish","type":"post","link":"https:\/\/samantharadionline.com\/index.php\/2025\/10\/07\/los-escenarios-para-macron-cada-vez-mas-aislado\/","title":{"rendered":"Los escenarios para Macron, cada vez m\u00e1s aislado"},"content":{"rendered":"\n<p class=\"has-medium-font-size\"><em>Francia sigue inmersa en una profunda crisis pol\u00edtica, agudizada por la renuncia del primer ministro S\u00e9bastien Lecornu. El presidente franc\u00e9s le dio 48 horas para encontrar un plan de estabilizaci\u00f3n. De no formarse un nuevo gobierno, se abre la posibilidad de adelantar las elecciones legislativas o, incluso, como pide el su primer ministro \u00c9douard Philippe, convocar una \u00abelecci\u00f3n presidencial anticipada\u00bb<\/em><\/p>\n\n\n\n<p>Por:RFI<\/p>\n\n\n\n<p>La incertidumbre pol\u00edtica se agrava en Francia, tras la renuncia el lunes del primer ministro S\u00e9bastien Lecornu, pocas horas despu\u00e9s de anunciar su gabinete, el m\u00e1s ef\u00edmero de la V Rep\u00fablica. El presidente franc\u00e9s, emplaz\u00f3 a Lecornu a buscar en 48 horas c\u00f3mo lograr la \u00abestabilidad\u00bb o que \u00abasumir\u00e1 sus responsabilidades\u00bb.<\/p>\n\n\n\n<p>Teniendo en cuenta de que Macron ha rechazado hasta ahora una renuncia antes del final de su mandato presidencial en 2027, este anuncio puede leerse como un nuevo adelanto de las elecciones legislativas, tal como lo hizo en 2024, desencadenando la crisis de ingobernabilidad actual.<\/p>\n\n\n\n<p>Entonces, Macron adelant\u00f3 sin consultar a sus aliados tras la victoria de la extrema derecha en las elecciones al Parlamento Europeo, dejaron una Asamblea Nacional (c\u00e1mara baja) sin mayor\u00edas y dividida en tres grandes bloques: izquierda liderada por la extrema izquierda, centroderecha gobernante y ultraderecha.<\/p>\n\n\n\n<p>Desde entonces, desfilaron distintos primeros ministros conservadores o centristas, que no superaron mociones de censura mientras intentaban aprobar sus presupuestos.<\/p>\n\n\n\n<p>Ante este impasse, la ultraderecha quiere elecciones legislativas anticipadas mientras la extrema izquierda quiere directamente anticipar la elecci\u00f3n presidencial. El l\u00edder de LFI, Jean-Luc M\u00e9lenchon, incluso evoc\u00f3 la posibilidad de destituir al presidente, aunque esta v\u00eda es extremadamente lenta y compleja.&nbsp; &nbsp;Las oposiciones socialista y ecologista llamaron al presidente a nombrar a un primer ministro de izquierda.<\/p>\n\n\n\n<p>Prueba del aislamiento de Macron, su ex primer ministro \u00c9douard Philippe 2017 y 2020, se sum\u00f3 este martes a quienes piden una \u00abelecci\u00f3n presidencial anticipada\u00bb como soluci\u00f3n a la profunda crisis pol\u00edtica que sacude Francia. Mientras, otro ex primer ministro del Jefe de Estado, Gabriel Attal, asegur\u00f3 que \u00abya no entiende las decisiones del presidente\u00bb.<\/p>\n\n\n\n<p>La inestabilidad pol\u00edtica provoc\u00f3 la ca\u00edda de la bolsa de Par\u00eds (-1,36%) y un aumento de la tasa de inter\u00e9s de la deuda francesa a diez a\u00f1os.<\/p>\n","protected":false},"excerpt":{"rendered":"<p>Francia sigue inmersa en una profunda crisis pol\u00edtica, agudizada por la renuncia del primer ministro<\/p>\n","protected":false},"author":1,"featured_media":20074,"comment_status":"open","ping_status":"open","sticky":false,"template":"","format":"standard","meta":{"footnotes":""},"categories":[4],"tags":[],"class_list":["post-20073","post","type-post","status-publish","format-standard","has-post-thumbnail","hentry","category-mundiales"],"_links":{"self":[{"href":"https:\/\/samantharadionline.com\/index.php\/wp-json\/wp\/v2\/posts\/20073","targetHints":{"allow":["GET"]}}],"collection":[{"href":"https:\/\/samantharadionline.com\/index.php\/wp-json\/wp\/v2\/posts"}],"about":[{"href":"https:\/\/samantharadionline.com\/index.php\/wp-json\/wp\/v2\/types\/post"}],"author":[{"embeddable":true,"href":"https:\/\/samantharadionline.com\/index.php\/wp-json\/wp\/v2\/users\/1"}],"replies":[{"embeddable":true,"href":"https:\/\/samantharadionline.com\/index.php\/wp-json\/wp\/v2\/comments?post=20073"}],"version-history":[{"count":1,"href":"https:\/\/samantharadionline.com\/index.php\/wp-json\/wp\/v2\/posts\/20073\/revisions"}],"predecessor-version":[{"id":20075,"href":"https:\/\/samantharadionline.com\/index.php\/wp-json\/wp\/v2\/posts\/20073\/revisions\/20075"}],"wp:featuredmedia":[{"embeddable":true,"href":"https:\/\/samantharadionline.com\/index.php\/wp-json\/wp\/v2\/media\/20074"}],"wp:attachment":[{"href":"https:\/\/samantharadionline.com\/index.php\/wp-json\/wp\/v2\/media?parent=20073"}],"wp:term":[{"taxonomy":"category","embeddable":true,"href":"https:\/\/samantharadionline.com\/index.php\/wp-json\/wp\/v2\/categories?post=20073"},{"taxonomy":"post_tag","embeddable":true,"href":"https:\/\/samantharadionline.com\/index.php\/wp-json\/wp\/v2\/tags?post=20073"}],"curies":[{"name":"wp","href":"https:\/\/api.w.org\/{rel}","templated":true}]}}